{"id":61422,"date":"2020-08-12T09:25:14","date_gmt":"2020-08-12T12:25:14","guid":{"rendered":"https:\/\/catolicanet.net\/wp-cnet\/?p=61422"},"modified":"2020-08-12T12:26:05","modified_gmt":"2020-08-12T15:26:05","slug":"comissao-nacional-de-diaconos-registra-10-obitos-de-diaconos-permanentes-por-covid-19","status":"publish","type":"post","link":"https:\/\/catolicanet.net\/wp-cnet\/comissao-nacional-de-diaconos-registra-10-obitos-de-diaconos-permanentes-por-covid-19\/","title":{"rendered":"Comiss\u00e3o Nacional de Di\u00e1conos registra 10 \u00f3bitos de di\u00e1conos permanentes por Covid-19"},"content":{"rendered":"<p style=\"text-align: justify;\">Na semana em que o Brasil atingiu o n\u00famero de 100 mil mortes por Covid-19, desde o in\u00edcio da pandemia do novo coronav\u00edrus, a Comiss\u00e3o Nacional de Di\u00e1conos (CND), vinculada \u00e0 Confer\u00eancia Nacional dos Bispos do Brasil (CNBB), registrou que 10 di\u00e1conos permanentes morreram por Covid-19. O levantamento apontou tamb\u00e9m que h\u00e1 31 casos confirmados da doen\u00e7a e dois casos suspeitos.<\/p>\n<p style=\"text-align: justify;\">O balan\u00e7o mostra ainda que o regional Nordeste 2 da CNBB, que compreende os Estados de Alagoas, Pernambuco, Para\u00edba e Rio Grande do Norte, \u00e9 o que mais registra casos, dentre os demais, de confirma\u00e7\u00e3o da doen\u00e7a (05) e n\u00famero de \u00f3bitos (4) de di\u00e1conos permanentes. Esta \u00e9 a primeira vez que a Comiss\u00e3o realiza o balan\u00e7o em parceria com as Comiss\u00f5es Regionais de Di\u00e1conos (CRDs).<\/p>\n<p style=\"text-align: justify;\">Segundo o presidente da Comiss\u00e3o, di\u00e1cono Francisco Salvador Pontes, o balan\u00e7o permite fazer um acompanhamento da situa\u00e7\u00e3o. \u201cNos permite ver de que forma ajudar, o que fazer para que estes di\u00e1conos permanentes tenham uma melhor aten\u00e7\u00e3o da nossa Comiss\u00e3o e de todos os di\u00e1conos do Brasil\u201d, disse.<\/p>\n<blockquote><p>\u201cN\u00f3s lamentamos muito que durante esse per\u00edodo de pandemia n\u00f3s tenhamos perdido pelo menos 10 di\u00e1conos, isso para n\u00f3s \u00e9 profundamente lament\u00e1vel, muito triste\u201d, comentou o di\u00e1cono.<\/p><\/blockquote>\n<div class=\"epyt-video-wrapper\" style=\"text-align: justify;\"><iframe loading=\"lazy\" id=\"_dytid_6201\" class=\"__youtube_prefs__  epyt-is-override  no-lazyload\" src=\"https:\/\/www.youtube.com\/embed\/TVPRWHlYM9I?enablejsapi=1&amp;rel=0&amp;modestbranding=1&amp;autoplay=0&amp;cc_load_policy=0&amp;iv_load_policy=1&amp;loop=0&amp;fs=1&amp;playsinline=0&amp;autohide=2&amp;theme=dark&amp;color=red&amp;controls=1&amp;\" width=\"900\" height=\"506\" allowfullscreen=\"allowfullscreen\" data-mce-fragment=\"1\"><\/iframe><\/div>\n<h3 style=\"text-align: justify;\"><b>O Balan\u00e7o<\/b><\/h3>\n<ul style=\"text-align: justify;\">\n<li>CRD Centro Oeste \u2013 Caso confirmado: 1, em isolamento domiciliar.<\/li>\n<li>CRD Leste 1 \u2013 Caso confirmado: 1, em tratamento domiciliar.<\/li>\n<li>CRD Leste 2 \u2013 Casos suspeitos: 2, passaram por tratamento; casos confirmados: 3, em tratamento.<\/li>\n<li>CRD Nordeste 1 \u2013 Casos confirmados: 2, em tratamento.<\/li>\n<li>CRD Nordeste 2 \u2013 Casos confirmados: 5, em tratamento e em recupera\u00e7\u00e3o domiciliar. \u00d3bitos: 4.<\/li>\n<li>CRD Nordeste 3 \u2013 Caso confirmado: 1, fez tratamento.<\/li>\n<li>CRD Nordeste 4 \u2013 Caso confirmado: 1, em tratamento.<\/li>\n<li>CRD Nordeste 5 \u2013 Caso confirmado: 1, em tratamento domiciliar.<\/li>\n<li>CRD Noroeste \u2013 Caso confirmado: 1, em tratamento.<\/li>\n<li>CRD Norte 1 \u2013 Casos confirmados: 2, em tratamento domiciliar.<\/li>\n<li>CRD Norte 2 \u2013 \u00d3bitos: 3.<\/li>\n<li>CRD Norte 3 \u2013 Caso confirmado: 1, em tratamento.<\/li>\n<li>CRD Oeste 1 \u2013 Nenhum caso confirmado.<\/li>\n<li>CRD Oeste 2 \u2013 Nenhum caso confirmado.<\/li>\n<li>CRD Sul 1 \u2013 \u00d3bito: 1.<\/li>\n<li>CRD Sul 2 \u2013 \u00d3bito: 1<\/li>\n<li>CRD Sul 3 \u2013 Casos confirmados: 2, em tratamento.<\/li>\n<li>CRD Sul 4 \u2013 Nenhum caso confirmado.<\/li>\n<li>Ordinariado Militar \u2013 \u00d3bito: 1.<\/li>\n<\/ul>\n<p style=\"text-align: justify;\">*Casos suspeito de COVID-19: 02;<br \/>\n*Casos confirmados de COVID-19: 31;<br \/>\n*\u00d3bitos provocados pela COVID-19: 10.<\/p>\n<p style=\"text-align: justify;\">\n<pre>Foto de Capa: Gerd Altmann\/Pixabay<\/pre>\n","protected":false},"excerpt":{"rendered":"<p>Na semana em que o Brasil atingiu o n\u00famero de 100 mil mortes por Covid-19, desde o in\u00edcio da pandemia do novo coronav\u00edrus, a Comiss\u00e3o Nacional de Di\u00e1conos (CND), vinculada \u00e0 Confer\u00eancia Nacional dos Bispos do Brasil (CNBB), registrou que 10 di\u00e1conos permanentes morreram por Covid-19. O levantamento apontou tamb\u00e9m que h\u00e1 31 casos confirmados [&hellip;]<\/p>\n","protected":false},"author":1,"featured_media":61423,"comment_status":"open","ping_status":"closed","sticky":false,"template":"","format":"standard","meta":{"footnotes":""},"categories":[7],"tags":[],"class_list":["post-61422","post","type-post","status-publish","format-standard","has-post-thumbnail","hentry","category-cnbb"],"_links":{"self":[{"href":"https:\/\/catolicanet.net\/wp-cnet\/wp-json\/wp\/v2\/posts\/61422","targetHints":{"allow":["GET"]}}],"collection":[{"href":"https:\/\/catolicanet.net\/wp-cnet\/wp-json\/wp\/v2\/posts"}],"about":[{"href":"https:\/\/catolicanet.net\/wp-cnet\/wp-json\/wp\/v2\/types\/post"}],"author":[{"embeddable":true,"href":"https:\/\/catolicanet.net\/wp-cnet\/wp-json\/wp\/v2\/users\/1"}],"replies":[{"embeddable":true,"href":"https:\/\/catolicanet.net\/wp-cnet\/wp-json\/wp\/v2\/comments?post=61422"}],"version-history":[{"count":1,"href":"https:\/\/catolicanet.net\/wp-cnet\/wp-json\/wp\/v2\/posts\/61422\/revisions"}],"predecessor-version":[{"id":61424,"href":"https:\/\/catolicanet.net\/wp-cnet\/wp-json\/wp\/v2\/posts\/61422\/revisions\/61424"}],"wp:featuredmedia":[{"embeddable":true,"href":"https:\/\/catolicanet.net\/wp-cnet\/wp-json\/wp\/v2\/media\/61423"}],"wp:attachment":[{"href":"https:\/\/catolicanet.net\/wp-cnet\/wp-json\/wp\/v2\/media?parent=61422"}],"wp:term":[{"taxonomy":"category","embeddable":true,"href":"https:\/\/catolicanet.net\/wp-cnet\/wp-json\/wp\/v2\/categories?post=61422"},{"taxonomy":"post_tag","embeddable":true,"href":"https:\/\/catolicanet.net\/wp-cnet\/wp-json\/wp\/v2\/tags?post=61422"}],"curies":[{"name":"wp","href":"https:\/\/api.w.org\/{rel}","templated":true}]}}