{"id":6142,"date":"2015-07-27T17:48:51","date_gmt":"2015-07-27T20:48:51","guid":{"rendered":"http:\/\/catolicanet.net\/wp-cnet\/arquidiocese-de-mariana-promove-semana-de-animacao-missionaria\/"},"modified":"2017-04-10T15:39:33","modified_gmt":"2017-04-10T18:39:33","slug":"arquidiocese-de-mariana-promove-semana-de-animacao-missionaria","status":"publish","type":"post","link":"https:\/\/catolicanet.net\/wp-cnet\/arquidiocese-de-mariana-promove-semana-de-animacao-missionaria\/","title":{"rendered":"Arquidiocese de Mariana promove Semana de Anima\u00e7\u00e3o Mission\u00e1ria"},"content":{"rendered":"<p style=\"text-align: justify;\"><img decoding=\"async\" src=\"http:\/\/catolicanet.com.br\/images\/stories\/geral\/mariana semana.jpg\" border=\"0\" align=\"left\" \/>Mais de 50 seminaristas de Filosofia e Teologia do Semin\u00e1rio S\u00e3o Jos\u00e9, da arquidiocese de Mariana (MG), participam da Semana de Anima\u00e7\u00e3o Mission\u00e1ria, que teve in\u00edcio no domingo, 26.<\/p>\n<p>At\u00e9 o dia 1\u00ba de agosto os participantes refletem sobre a forma\u00e7\u00e3o de lideran\u00e7as pastorais; forma\u00e7\u00e3o permanente do laicato e espiritualidade juvenil. O encontro conta com a assessoria do p\u00e1roco da par\u00f3quia Divino Esp\u00edrito Santo, padre Adelson Laurindo Sampaio Clemente .<\/p>\n<p>A Semana de Anima\u00e7\u00e3o Mission\u00e1ria \u00e9 promovida pelo Conselho Mission\u00e1rio do Semin\u00e1rio (Comise), em parceria com a par\u00f3quia anfitri\u00e3, neste ano, a par\u00f3quia Divino Esp\u00edrito Santo. Por isso, o evento \u00e9 organizado a partir das necessidades pastorais apresentadas pelo p\u00e1roco que acolhe o encontro.<\/p>\n<p>Diante das necessidades apresentadas por padre Adelson, o Comise vem realizando desde janeiro algumas pr\u00e9-emiss\u00f5es na cidade.<\/p>\n<p>Ao longo da Semana os participantes poder\u00e3o vivenciar atividades, como visitas \u00e0s fam\u00edlias locais e escolas; encontro com crian\u00e7as, jovens e casais; al\u00e9m de trocarem experi\u00eancias e anunciarem o Reino de Deus.<\/p>\n<p style=\"text-align: justify;\">Fonte: CNBB<\/p>\n","protected":false},"excerpt":{"rendered":"<p>Mais de 50 seminaristas de Filosofia e Teologia do Semin\u00e1rio S\u00e3o Jos\u00e9, da arquidiocese de Mariana (MG), participam da Semana de Anima\u00e7\u00e3o Mission\u00e1ria, que teve in\u00edcio no domingo, 26. At\u00e9 o dia 1\u00ba de agosto os participantes refletem sobre a forma\u00e7\u00e3o de lideran\u00e7as pastorais; forma\u00e7\u00e3o permanente do laicato e espiritualidade juvenil. O encontro conta com [&hellip;]<\/p>\n","protected":false},"author":1,"featured_media":0,"comment_status":"closed","ping_status":"closed","sticky":false,"template":"","format":"standard","meta":{"footnotes":""},"categories":[7],"tags":[],"class_list":["post-6142","post","type-post","status-publish","format-standard","hentry","category-cnbb"],"_links":{"self":[{"href":"https:\/\/catolicanet.net\/wp-cnet\/wp-json\/wp\/v2\/posts\/6142","targetHints":{"allow":["GET"]}}],"collection":[{"href":"https:\/\/catolicanet.net\/wp-cnet\/wp-json\/wp\/v2\/posts"}],"about":[{"href":"https:\/\/catolicanet.net\/wp-cnet\/wp-json\/wp\/v2\/types\/post"}],"author":[{"embeddable":true,"href":"https:\/\/catolicanet.net\/wp-cnet\/wp-json\/wp\/v2\/users\/1"}],"replies":[{"embeddable":true,"href":"https:\/\/catolicanet.net\/wp-cnet\/wp-json\/wp\/v2\/comments?post=6142"}],"version-history":[{"count":1,"href":"https:\/\/catolicanet.net\/wp-cnet\/wp-json\/wp\/v2\/posts\/6142\/revisions"}],"predecessor-version":[{"id":10964,"href":"https:\/\/catolicanet.net\/wp-cnet\/wp-json\/wp\/v2\/posts\/6142\/revisions\/10964"}],"wp:attachment":[{"href":"https:\/\/catolicanet.net\/wp-cnet\/wp-json\/wp\/v2\/media?parent=6142"}],"wp:term":[{"taxonomy":"category","embeddable":true,"href":"https:\/\/catolicanet.net\/wp-cnet\/wp-json\/wp\/v2\/categories?post=6142"},{"taxonomy":"post_tag","embeddable":true,"href":"https:\/\/catolicanet.net\/wp-cnet\/wp-json\/wp\/v2\/tags?post=6142"}],"curies":[{"name":"wp","href":"https:\/\/api.w.org\/{rel}","templated":true}]}}