{"id":61410,"date":"2020-08-12T08:31:28","date_gmt":"2020-08-12T11:31:28","guid":{"rendered":"https:\/\/catolicanet.net\/wp-cnet\/?p=61410"},"modified":"2020-08-12T12:03:58","modified_gmt":"2020-08-12T15:03:58","slug":"o-papa-nao-queremos-ser-indiferentes-ou-individualistas-duas-atitudes-contra-a-harmonia","status":"publish","type":"post","link":"https:\/\/catolicanet.net\/wp-cnet\/o-papa-nao-queremos-ser-indiferentes-ou-individualistas-duas-atitudes-contra-a-harmonia\/","title":{"rendered":"O Papa: n\u00e3o queremos ser indiferentes ou individualistas, duas atitudes contra a harmonia"},"content":{"rendered":"<div class=\"article__subTitle\" style=\"text-align: justify;\">Na Audi\u00eancia Geral desta quarta-feira, Francisco enfatizou que a pandemia de coronav\u00edrus evidenciou a nossa vulnerabilidade e mostrou tamb\u00e9m que estamos todos interligados. \u201cSe n\u00e3o nos preocuparmos uns com os outros, a come\u00e7ar pelos \u00faltimos, por aqueles que s\u00e3o mais atingidos, incluindo a cria\u00e7\u00e3o, n\u00e3o podemos curar o mundo\u201d, frisou o Papa.<\/div>\n<div class=\"title__separator\" style=\"text-align: justify;\"><\/div>\n<div class=\"article__text\">\n<p style=\"text-align: justify;\"><b>Mariangela Jaguraba &#8211; Vatican News<\/b><\/p>\n<p style=\"text-align: justify;\">O Papa Francisco deu continuidade ao ciclo de catequeses sobre a pandemia de coronav\u00edrus, na catequese da Audi\u00eancia Geral desta quarta-feira (12\/08), realizada na Biblioteca do Pal\u00e1cio Apost\u00f3lico.<\/p>\n<p style=\"text-align: justify;\">O Pont\u00edfice enfatizou que a pandemia evidenciou a nossa vulnerabilidade e mostrou tamb\u00e9m que estamos todos interligados. \u201cSe n\u00e3o nos preocuparmos uns com os outros, a come\u00e7ar pelos \u00faltimos, por aqueles que s\u00e3o mais atingidos, incluindo a cria\u00e7\u00e3o, n\u00e3o podemos curar o mundo\u201d, frisou o Papa.<\/p>\n<div style=\"text-align: justify;\">\n<div class=\"article__embed article__embed--unwrap article__embed--dark\">\n<div class=\"article__innerTitle\">Ou\u00e7a e compartilhe<\/div>\n<div>\n<!--[if lt IE 9]><script>document.createElement('audio');<\/script><![endif]-->\n<audio class=\"wp-audio-shortcode\" id=\"audio-61410-1\" preload=\"none\" style=\"width: 100%;\" controls=\"controls\"><source type=\"audio\/mpeg\" src=\"https:\/\/media.vaticannews.va\/media\/audio\/s1\/2020\/08\/12\/11\/135683396_F135683396.mp3?_=1\" \/><a href=\"https:\/\/media.vaticannews.va\/media\/audio\/s1\/2020\/08\/12\/11\/135683396_F135683396.mp3\">https:\/\/media.vaticannews.va\/media\/audio\/s1\/2020\/08\/12\/11\/135683396_F135683396.mp3<\/a><\/audio>\n<\/div>\n<\/div>\n<\/div>\n<h2 style=\"text-align: justify;\">Pandemia trouxe \u00e0 luz patologias sociais mais vastas<\/h2>\n<p style=\"text-align: justify;\">Francisco lembrou o compromisso de \u201cmuitas pessoas que nestes meses est\u00e3o demonstrando amor humano e crist\u00e3o pelo pr\u00f3ximo, dedicando-se aos doentes, arriscando a pr\u00f3pria sa\u00fade\u201d. \u201cEles s\u00e3o her\u00f3is\u201d, disse o Papa, acrescentando:<\/p>\n<p style=\"text-align: justify;\"><i>No entanto, o coronav\u00edrus n\u00e3o \u00e9 a \u00fanica doen\u00e7a a ser combatida, mas a pandemia trouxe \u00e0 luz patologias sociais mais vastas. Uma delas \u00e9 a vis\u00e3o distorcida da pessoa, um olhar que ignora a sua dignidade e a sua \u00edndole relacional. Por vezes consideramos os outros como objetos, objetos para serem usados e descartados. Na realidade, este tipo de olhar cega e fomenta uma cultura do descarte individualista e agressiva, que transforma o ser humano num bem de consumo.<\/i><\/p>\n<p style=\"text-align: justify;\">\u201cContudo, \u00e0 luz da f\u00e9 sabemos que Deus olha para o homem e para a mulher de outro modo\u201d, disse ainda o Pont\u00edfice, enfatizando que Deus \u201cnos criou n\u00e3o como objetos, mas como pessoas amadas e capazes de amar, nos criou \u00e0 sua imagem e semelhan\u00e7a.\u00a0<b>Desta forma, deu-nos uma dignidade \u00fanica, convidando-nos a viver em comunh\u00e3o com Ele, em comunh\u00e3o \u00a0com os nossos irm\u00e3os e irm\u00e3s, com respeito por toda a cria\u00e7\u00e3o. Em comunh\u00e3o, em harmonia, podemos dizer. A cria\u00e7\u00e3o \u00e9 uma harmonia para a qual somos chamados a viver.\u00a0<\/b>Nesta comunh\u00e3o, nesta harmonia que \u00e9 comunh\u00e3o, Deus nos doa a capacidade de procriar e preservar a vida, trabalhar e cuidar da terra. Entendemos que n\u00e3o \u00e9 poss\u00edvel procriar e preservar a vida sem harmonia. Ser\u00e1 destru\u00edda\u201d.<\/p>\n<p style=\"text-align: justify;\">Nos Evangelhos, temos um exemplo desse olhar individualista, \u201cque n\u00e3o \u00e9 harmonia, no pedido feito a Jesus pela m\u00e3e dos disc\u00edpulos Tiago e Jo\u00e3o. Ela gostaria que os seus filhos pudessem sentar-se \u00e0 direita e \u00e0 esquerda do novo rei. Mas Jesus prop\u00f5e outro tipo de vis\u00e3o: a de servir e dar a vida pelos outros, e confirma isso, restituindo a vista a dois cegos e tornando-os seus disc\u00edpulos&#8221;.<\/p>\n<div style=\"text-align: justify;\">\n<div class=\"article__embed article__embed--border embed_style\">\n<blockquote><p>\u201cProcurar fazer carreira na vida, ser superior aos outros destr\u00f3i a harmonia. \u00c9 a l\u00f3gica do dom\u00ednio, de dominar os outros. A harmonia \u00e9 outra coisa, \u00e9 servi\u00e7o.\u201d<\/p><\/blockquote>\n<\/div>\n<\/div>\n<h2 style=\"text-align: justify;\">A harmonia nos leva a reconhecer a dignidade humana<\/h2>\n<p style=\"text-align: justify;\">O Papa disse ainda que devemos pedir \u201cao Senhor que nos conceda um olhar atento aos irm\u00e3os e irm\u00e3s, especialmente aos que sofrem\u201d.<\/p>\n<p style=\"text-align: justify;\"><i>Como disc\u00edpulos de Jesus, n\u00e3o queremos ser indiferentes ou individualistas, duas atitudes feias contra a harmonia. Indiferente: olho para o outro lado. Individualista: s\u00f3 para mim, olhar apenas para os pr\u00f3prios interesses. A harmonia criada por Deus nos pede para olharmos para os outros, para as necessidades dos outros, para os problemas dos outros, estar em comunh\u00e3o. Queremos reconhecer em cada pessoa a dignidade humana, qualquer que seja a sua ra\u00e7a, l\u00edngua ou condi\u00e7\u00e3o.<b>\u00a0<\/b>A harmonia nos leva a reconhecer a dignidade humana, essa harmonia criada por Deus, n\u00e3o \u00e9 verdade? O homem no centro.<\/i><\/p>\n<p style=\"text-align: justify;\">\u201cO Conc\u00edlio Vaticano II evidencia que esta dignidade \u00e9 inalien\u00e1vel, porque \u00abfoi criada \u00e0 imagem de Deus\u00bb\u201d, frisou ainda Francisco, citando uma passagem da Constitui\u00e7\u00e3o Pastoral\u00a0<i>Gaudium et spes<\/i>.<\/p>\n<p style=\"text-align: justify;\"><i>Ela \u00e9 a base de toda a vida social e determina os seus princ\u00edpios operacionais. Na cultura moderna, a refer\u00eancia mais pr\u00f3xima ao princ\u00edpio da dignidade inalien\u00e1vel da pessoa \u00e9 a Declara\u00e7\u00e3o Universal dos Direitos Humanos, que S\u00e3o Jo\u00e3o Paulo II definiu \u00abuma pedra mili\u00e1ria, posta na longa e dif\u00edcil caminhada do g\u00eanero humano\u00bb, e como \u00abuma das mais altas express\u00f5es da consci\u00eancia humana\u00bb. Os direitos n\u00e3o s\u00e3o apenas individuais, mas tamb\u00e9m direitos sociais dos povos e das na\u00e7\u00f5es. Com efeito, o ser humano, na sua dignidade pessoal, \u00e9 um ser social, criado \u00e0 imagem do Deus Uno e Trino.<\/i><\/p>\n<div style=\"text-align: justify;\">\n<div class=\"article__embed article__embed--border embed_style\">\n<blockquote><p>\u201cN\u00f3s somos sociais, precisamos viver nesta harmonia social, mas quando h\u00e1 ego\u00edsmo, o nosso olhar n\u00e3o vai para os outros, para a comunidade, mas volta para n\u00f3s mesmos e isso nos torna feios, maus, ego\u00edstas. Destr\u00f3i a harmonia.\u201d<\/p><\/blockquote>\n<\/div>\n<\/div>\n<h2 style=\"text-align: justify;\">Contrastar a indiferen\u00e7a<\/h2>\n<p style=\"text-align: justify;\">Segundo Francisco, \u201cesta consci\u00eancia renovada pela dignidade de cada ser humano tem s\u00e9rias implica\u00e7\u00f5es sociais, econ\u00f4micas e pol\u00edticas\u201d, e acrescentou:<i><\/i><\/p>\n<p style=\"text-align: justify;\"><i>Olhar para o irm\u00e3o e para toda a cria\u00e7\u00e3o como uma d\u00e1diva recebida do amor do Pai suscita um comportamento de aten\u00e7\u00e3o, cuidado e admira\u00e7\u00e3o. Assim o fiel, contemplando o seu pr\u00f3ximo como um irm\u00e3o e n\u00e3o como um estranho, olha para ele com compaix\u00e3o e empatia, n\u00e3o com desprezo ou inimizade. E contemplando o mundo \u00e0 luz da f\u00e9, se esfor\u00e7a por desenvolver, com a ajuda da gra\u00e7a, a sua criatividade e entusiasmo para resolver os dramas da hist\u00f3ria. Ele concebe e desenvolve as suas capacidades como responsabilidades que fluem da f\u00e9, como dons de Deus a serem postos ao servi\u00e7o da humanidade e da cria\u00e7\u00e3o.<\/i><\/p>\n<p style=\"text-align: justify;\">\u201cAo trabalharmos para curar um v\u00edrus que atinge indistintamente todos,\u00a0<b>a f\u00e9 nos exorta a comprometermo-nos s\u00e9ria e ativamente a contrastar a indiferen\u00e7a pelas viola\u00e7\u00f5es da dignidade humana. Essa cultura da indiferen\u00e7a que acompanha a cultura do descarte<\/b>\u201d, disse ainda o Papa. \u201cA f\u00e9 exige sempre que nos deixemos curar e converter do nosso individualismo, tanto pessoal quanto coletivo. Um individualismo partid\u00e1rio, por exemplo\u201d, frisou ele<\/p>\n<p style=\"text-align: justify;\">Francisco concluiu a sua catequese, pedindo ao Senhor para que nos \u201crestitua a vista\u201d a fim de que possamos \u201credescobrir o que significa sermos membros da fam\u00edlia humana e que este olhar se traduza em a\u00e7\u00f5es concretas de compaix\u00e3o e respeito por cada pessoa e de cuidado e tutela pela nossa Casa comum\u201d.<\/p>\n<\/div>\n","protected":false},"excerpt":{"rendered":"<p>Na Audi\u00eancia Geral desta quarta-feira, Francisco enfatizou que a pandemia de coronav\u00edrus evidenciou a nossa vulnerabilidade e mostrou tamb\u00e9m que estamos todos interligados. \u201cSe n\u00e3o nos preocuparmos uns com os outros, a come\u00e7ar pelos \u00faltimos, por aqueles que s\u00e3o mais atingidos, incluindo a cria\u00e7\u00e3o, n\u00e3o podemos curar o mundo\u201d, frisou o Papa. Mariangela Jaguraba &#8211; [&hellip;]<\/p>\n","protected":false},"author":1,"featured_media":61411,"comment_status":"open","ping_status":"closed","sticky":false,"template":"","format":"standard","meta":{"footnotes":""},"categories":[13,3],"tags":[],"class_list":["post-61410","post","type-post","status-publish","format-standard","has-post-thumbnail","hentry","category-featured","category-vaticano"],"_links":{"self":[{"href":"https:\/\/catolicanet.net\/wp-cnet\/wp-json\/wp\/v2\/posts\/61410","targetHints":{"allow":["GET"]}}],"collection":[{"href":"https:\/\/catolicanet.net\/wp-cnet\/wp-json\/wp\/v2\/posts"}],"about":[{"href":"https:\/\/catolicanet.net\/wp-cnet\/wp-json\/wp\/v2\/types\/post"}],"author":[{"embeddable":true,"href":"https:\/\/catolicanet.net\/wp-cnet\/wp-json\/wp\/v2\/users\/1"}],"replies":[{"embeddable":true,"href":"https:\/\/catolicanet.net\/wp-cnet\/wp-json\/wp\/v2\/comments?post=61410"}],"version-history":[{"count":1,"href":"https:\/\/catolicanet.net\/wp-cnet\/wp-json\/wp\/v2\/posts\/61410\/revisions"}],"predecessor-version":[{"id":61412,"href":"https:\/\/catolicanet.net\/wp-cnet\/wp-json\/wp\/v2\/posts\/61410\/revisions\/61412"}],"wp:featuredmedia":[{"embeddable":true,"href":"https:\/\/catolicanet.net\/wp-cnet\/wp-json\/wp\/v2\/media\/61411"}],"wp:attachment":[{"href":"https:\/\/catolicanet.net\/wp-cnet\/wp-json\/wp\/v2\/media?parent=61410"}],"wp:term":[{"taxonomy":"category","embeddable":true,"href":"https:\/\/catolicanet.net\/wp-cnet\/wp-json\/wp\/v2\/categories?post=61410"},{"taxonomy":"post_tag","embeddable":true,"href":"https:\/\/catolicanet.net\/wp-cnet\/wp-json\/wp\/v2\/tags?post=61410"}],"curies":[{"name":"wp","href":"https:\/\/api.w.org\/{rel}","templated":true}]}}