{"id":61319,"date":"2020-08-10T09:02:11","date_gmt":"2020-08-10T12:02:11","guid":{"rendered":"https:\/\/catolicanet.net\/wp-cnet\/?p=61319"},"modified":"2020-08-10T11:03:00","modified_gmt":"2020-08-10T14:03:00","slug":"morre-bispo-emerito-da-prelazia-de-sao-felix-do-araguaia-mt-dom-pedro-casaldaliga","status":"publish","type":"post","link":"https:\/\/catolicanet.net\/wp-cnet\/morre-bispo-emerito-da-prelazia-de-sao-felix-do-araguaia-mt-dom-pedro-casaldaliga\/","title":{"rendered":"Morre bispo em\u00e9rito da Prelazia de S\u00e3o F\u00e9lix do Araguaia (MT), dom Pedro Casald\u00e1liga"},"content":{"rendered":"<p style=\"text-align: justify;\">Aos 93 anos, faleceu na manh\u00e3 deste s\u00e1bado, 8 de agosto, o Bispo em\u00e9rito da Prelazia de S\u00e3o F\u00e9lix do Araguaia (MT), dom Pedro Casald\u00e1liga. Dom Pedro, que foi um defensor dos direitos humanos e dos mais pobres, estava internado em um hospital de Batatais (SP) com insufici\u00eancia respirat\u00f3ria e agravamento do Parkinson.<\/p>\n<p style=\"text-align: justify;\">O vel\u00f3rio acontecer\u00e1 em tr\u00eas locais: neste s\u00e1bado, 8 de agosto, a partir das 15 horas, na capela do Centro Universit\u00e1rio de Batatais. A missa de ex\u00e9quias ser\u00e1 celebrada, em Batatais, neste domingo, 9 de agosto, \u00e0s 15 horas, na mesma capela.<\/p>\n<p style=\"text-align: justify;\">Na segunda-feira, 10 de agosto, o corpo segue para Ribeir\u00e3o Cascalheira (MT), onde ser\u00e1 velado no Santu\u00e1rio dos M\u00e1rtires, ainda sem previs\u00e3o de hor\u00e1rio de chegada do corpo.<\/p>\n<p style=\"text-align: justify;\">O sepultamento ser\u00e1 em S\u00e3o F\u00e9lix do Araguaia (MT), ap\u00f3s o corpo velado no Centro Comunit\u00e1rio Tia Irene. A data ainda n\u00e3o foi divulgada.<\/p>\n<p style=\"text-align: justify;\">A missa das ex\u00e9quias ser\u00e1 aberta ao p\u00fablico e tamb\u00e9m ser\u00e1 transmitida pelo YouTube no link https:\/\/youtu.be\/spto8rbKye0. O link estar\u00e1 aberto para que outros ve\u00edculos de comunica\u00e7\u00e3o possam retransmitir.<\/p>\n<p style=\"text-align: justify;\"><strong>Biografia<\/strong><\/p>\n<p style=\"text-align: justify;\">Dom Pedro Casald\u00e1liga nasceu em Balsareny, na prov\u00edncia de Barcelona, na Espanha, no dia 16 de fevereiro de 1928. Ingressou na Congrega\u00e7\u00e3o Claretiana (Congrega\u00e7\u00e3o dos Mission\u00e1rios Filhos do Imaculado Cora\u00e7\u00e3o de Maria) em 1943, sendo ordenado sacerdote em Montju\u00efc, Barcelona, no dia 31 de maio de 1952. Depois de ordenado, foi professor de um col\u00e9gio claretiano em Barbastro, assessor dos Cursilhos de Cristandade e diretor da Revista Iris.<\/p>\n<p style=\"text-align: justify;\">Em 1968, mudou-se para o Brasil para fundar uma miss\u00e3o claretiana no Estado do Mato Grosso, uma regi\u00e3o com um alto grau de analfabetismo, marginaliza\u00e7\u00e3o social e concentra\u00e7\u00e3o fundi\u00e1ria (latif\u00fandios), onde eram comuns os assassinatos.<\/p>\n<p style=\"text-align: justify;\">Foi nomeado administrador apost\u00f3lico da prelazia de S\u00e3o F\u00e9lix do Araguaia (MT) no dia 27 de abril de 1970. O Papa Paulo VI o nomeou bispo prelado de S\u00e3o F\u00e9lix do Araguaia no dia 27 de agosto de 1971. Sua ordena\u00e7\u00e3o episcopal deu-se a 23 de outubro de 1971, pelas m\u00e3os de Dom Fernando Gomes dos Santos, Arcebispo de Goi\u00e2nia, de Dom Tom\u00e1s Baldu\u00edno, OP, e Dom Juvenal Roriz, CSSR.<\/p>\n<p style=\"text-align: justify;\">Sua atividade como bispo teve as seguintes caracter\u00edsticas:<\/p>\n<p style=\"text-align: justify;\">Evangeliza\u00e7\u00e3o, vinculada \u00e0 promo\u00e7\u00e3o humana e \u00e0 defesa dos direitos humanos dos mais pobres;<\/p>\n<p style=\"text-align: justify;\">Cria\u00e7\u00e3o de comunidades eclesiais de base com l\u00edderes que sejam fermento entre os pobres;<\/p>\n<p style=\"text-align: justify;\">Encarna\u00e7\u00e3o na vida, nas lutas e esperan\u00e7as do povo;<\/p>\n<p style=\"text-align: justify;\">Estrutura participativa e correspons\u00e1vel na diocese.<\/p>\n<p style=\"text-align: justify;\">Como bispo adotou como lema para sua atividade pastoral: Nada possuir, nada carregar, nada pedir, nada calar e, sobretudo, nada matar. \u00c9 poeta, autor de v\u00e1rias obras sobre antropologia, sociologia e ecologia.<\/p>\n<p style=\"text-align: justify;\">Na d\u00e9cada de 1970, ajudou a fundar o Conselho Indigenista Mission\u00e1rio (Cimi). Dom Pedro foi alvo de in\u00fameras amea\u00e7as de morte. A mais grave, em 12 de outubro de 1976, ocorreu em Ribeir\u00e3o Cascalheira (Mato Grosso). Ao ser informado que duas mulheres estavam sendo torturadas na delegacia local, dirigiu-se at\u00e9 l\u00e1 acompanhado do padre jesu\u00edta Jo\u00e3o Bosco Penido Burnier. Ap\u00f3s forte discuss\u00e3o com os policiais, o padre Burnier amea\u00e7ou denunci\u00e1-los \u00e0s autoridades, sendo ent\u00e3o agredido e, em seguida, alvejado com um tiro na nuca. Naquele lugar foi erguida uma igreja.<\/p>\n<p style=\"text-align: justify;\">No ano 2000, foi agraciado com o t\u00edtulo de Doutor Honoris Causa pela Universidade Estadual de Campinas. Em 13 de setembro de 2012, recebeu honraria id\u00eantica da Pontif\u00edcia Universidade Cat\u00f3lica de Goi\u00e1s. em 2014,\u00a0foi agraciado com o t\u00edtulo de Doutor Honoris Causa pela Pontif\u00edcia Universidade Cat\u00f3lica de S\u00e3o Paulo \u2013 PUC-SP.<\/p>\n<p style=\"text-align: justify;\">Dom Pedro, que sofria do mal de Parkinson, apresentou sua ren\u00fancia \u00e0 Prelazia, conforme o Can. 401 \u00a71 do C\u00f3digo de Direito Can\u00f4nico, em 2005. No dia 2 de fevereiro de 2005, o Papa Jo\u00e3o Paulo II aceitou sua ren\u00fancia ao governo pastoral de S\u00e3o F\u00e9lix. Dom Pedro Casald\u00e1liga, o primeiro prelado de S\u00e3o F\u00e9lix, foi sucedido por Dom Frei Leonardo Ulrich Steiner OFM.<\/p>\n<p style=\"text-align: justify;\"><strong>Nota de pesar da CNBB pelo falecimento de dom Pedro Casald\u00e1liga<\/strong><\/p>\n<p style=\"text-align: justify;\">Bras\u00edlia, 08 de agosto de 2020<\/p>\n<p style=\"text-align: justify;\">A Confer\u00eancia Nacional dos Bispos do Brasil se solidariza com a Prelazia de S\u00e3o F\u00e9lix do Araguaia e a Congrega\u00e7\u00e3o dos Mission\u00e1rios Filhos do Imaculado Cora\u00e7\u00e3o de Maria pelo falecimento, ocorrido hoje, de Dom Pedro Casald\u00e1liga Pl\u00e1, bispo Em\u00e9rito da Prelazia de S\u00e3o F\u00e9lix do Araguaia (MT) e Mission\u00e1rio Claretiano.<\/p>\n<p style=\"text-align: justify;\">Dom Pedro marcou sua vida pela solidariedade em rela\u00e7\u00e3o aos mais pobres e sofridos, fazendo de seu minist\u00e9rio, sua poesia e sua vida um canto \u00e0 solidariedade. Preocupado em \u201cnada possuir, nada carregar, nada pedir, nada calar e, sobretudo, nada matar\u201d, contempla agora o Deus da Vida, a quem buscou servir em cada pobre, em cada sofredor.<\/p>\n<p style=\"text-align: justify;\">Em Cristo,<\/p>\n<p style=\"text-align: justify;\">Dom Walmor Oliveira de Azevedo<\/p>\n<p style=\"text-align: justify;\">Arcebispo de Belo Horizonte (MG)<\/p>\n<p style=\"text-align: justify;\">Presidente da CNBB<\/p>\n<p style=\"text-align: justify;\">Dom Jaime Spengler<\/p>\n<p style=\"text-align: justify;\">Arcebispo de Porto Alegre (RS)<\/p>\n<p style=\"text-align: justify;\">Primeiro Vice-Presidente da CNBB<\/p>\n<p style=\"text-align: justify;\">Dom M\u00e1rio Ant\u00f4nio da Silva<\/p>\n<p style=\"text-align: justify;\">Bispo de Roraima (RR)<\/p>\n<p style=\"text-align: justify;\">Segundo Vice-Presidente da CNBB<\/p>\n<p style=\"text-align: justify;\">Dom Joel Portella Amado<\/p>\n<p style=\"text-align: justify;\">Bispo auxiliar da arquidiocese de S\u00e3o Sebasti\u00e3o do Rio de Janeiro (RJ)<\/p>\n<p style=\"text-align: justify;\">Secret\u00e1rio-geral da CNBB<\/p>\n","protected":false},"excerpt":{"rendered":"<p>Aos 93 anos, faleceu na manh\u00e3 deste s\u00e1bado, 8 de agosto, o Bispo em\u00e9rito da Prelazia de S\u00e3o F\u00e9lix do Araguaia (MT), dom Pedro Casald\u00e1liga. Dom Pedro, que foi um defensor dos direitos humanos e dos mais pobres, estava internado em um hospital de Batatais (SP) com insufici\u00eancia respirat\u00f3ria e agravamento do Parkinson. O vel\u00f3rio [&hellip;]<\/p>\n","protected":false},"author":1,"featured_media":61320,"comment_status":"open","ping_status":"closed","sticky":false,"template":"","format":"standard","meta":{"footnotes":""},"categories":[7],"tags":[],"class_list":["post-61319","post","type-post","status-publish","format-standard","has-post-thumbnail","hentry","category-cnbb"],"_links":{"self":[{"href":"https:\/\/catolicanet.net\/wp-cnet\/wp-json\/wp\/v2\/posts\/61319","targetHints":{"allow":["GET"]}}],"collection":[{"href":"https:\/\/catolicanet.net\/wp-cnet\/wp-json\/wp\/v2\/posts"}],"about":[{"href":"https:\/\/catolicanet.net\/wp-cnet\/wp-json\/wp\/v2\/types\/post"}],"author":[{"embeddable":true,"href":"https:\/\/catolicanet.net\/wp-cnet\/wp-json\/wp\/v2\/users\/1"}],"replies":[{"embeddable":true,"href":"https:\/\/catolicanet.net\/wp-cnet\/wp-json\/wp\/v2\/comments?post=61319"}],"version-history":[{"count":1,"href":"https:\/\/catolicanet.net\/wp-cnet\/wp-json\/wp\/v2\/posts\/61319\/revisions"}],"predecessor-version":[{"id":61321,"href":"https:\/\/catolicanet.net\/wp-cnet\/wp-json\/wp\/v2\/posts\/61319\/revisions\/61321"}],"wp:featuredmedia":[{"embeddable":true,"href":"https:\/\/catolicanet.net\/wp-cnet\/wp-json\/wp\/v2\/media\/61320"}],"wp:attachment":[{"href":"https:\/\/catolicanet.net\/wp-cnet\/wp-json\/wp\/v2\/media?parent=61319"}],"wp:term":[{"taxonomy":"category","embeddable":true,"href":"https:\/\/catolicanet.net\/wp-cnet\/wp-json\/wp\/v2\/categories?post=61319"},{"taxonomy":"post_tag","embeddable":true,"href":"https:\/\/catolicanet.net\/wp-cnet\/wp-json\/wp\/v2\/tags?post=61319"}],"curies":[{"name":"wp","href":"https:\/\/api.w.org\/{rel}","templated":true}]}}