{"id":61304,"date":"2020-08-10T08:53:12","date_gmt":"2020-08-10T11:53:12","guid":{"rendered":"https:\/\/catolicanet.net\/wp-cnet\/?p=61304"},"modified":"2020-08-10T10:54:32","modified_gmt":"2020-08-10T13:54:32","slug":"francisco-faz-novamente-apelo-por-um-mundo-livre-de-armas-nucleares","status":"publish","type":"post","link":"https:\/\/catolicanet.net\/wp-cnet\/francisco-faz-novamente-apelo-por-um-mundo-livre-de-armas-nucleares\/","title":{"rendered":"Francisco faz novamente apelo por um mundo livre de armas nucleares"},"content":{"rendered":"<div class=\"article__subTitle\" style=\"text-align: justify;\">Neste domingo, 9 de agosto, celebra-se o 75\u00ba anivers\u00e1rio do bombardeamento de Nagasaki, a segunda cidade do Jap\u00e3o, depois de Hiroshima, v\u00edtima do bombardeamento at\u00f4mico em 1945. Francisco volta a reiterar, nas palavras que se seguiram \u00e0 ora\u00e7\u00e3o do Angelus, o convite ao desarmamento.<\/div>\n<div class=\"title__separator\" style=\"text-align: justify;\"><\/div>\n<div class=\"article__text\">\n<p style=\"text-align: justify;\"><b>Vatican News<\/b><\/p>\n<div style=\"text-align: justify;\">\n<div class=\"article__embed article__embed--unwrap article__embed--dark\">\n<div class=\"article__innerTitle\">Ou\u00e7a a reportagem com a voz do Papa e compartilhe<\/div>\n<div>\n<!--[if lt IE 9]><script>document.createElement('audio');<\/script><![endif]-->\n<audio class=\"wp-audio-shortcode\" id=\"audio-61304-1\" preload=\"none\" style=\"width: 100%;\" controls=\"controls\"><source type=\"audio\/mpeg\" src=\"https:\/\/media.vaticannews.va\/media\/audio\/s1\/2020\/08\/09\/14\/135681193_F135681193.mp3?_=1\" \/><a href=\"https:\/\/media.vaticannews.va\/media\/audio\/s1\/2020\/08\/09\/14\/135681193_F135681193.mp3\">https:\/\/media.vaticannews.va\/media\/audio\/s1\/2020\/08\/09\/14\/135681193_F135681193.mp3<\/a><\/audio>\n<\/div>\n<div class=\"article__innerTitle\">Ao final da ora\u00e7\u00e3o mariana do Angelus deste domingo (9), o Papa Francisco faz novamente um apelo ao desarmamento nuclear e tamb\u00e9m dirigiu um pensamento particular \u00e0 viagem de um ano atr\u00e1s:<\/div>\n<\/div>\n<\/div>\n<p style=\"text-align: justify;\"><i>&#8220;Em 6 e 9 de Agosto de 1945, 75 anos atr\u00e1s, aconteceram os tr\u00e1gicos bombardeamentos at\u00f4micos de Hiroshima e Nagasaki. Enquanto recordo com emo\u00e7\u00e3o e gratid\u00e3o a visita que fiz aqueles lugares no ano passado, renovo o convite a rezar e a se comprometer por um mundo totalmente livre de armas nucleares.&#8221;<\/i><\/p>\n<\/div>\n","protected":false},"excerpt":{"rendered":"<p>Neste domingo, 9 de agosto, celebra-se o 75\u00ba anivers\u00e1rio do bombardeamento de Nagasaki, a segunda cidade do Jap\u00e3o, depois de Hiroshima, v\u00edtima do bombardeamento at\u00f4mico em 1945. Francisco volta a reiterar, nas palavras que se seguiram \u00e0 ora\u00e7\u00e3o do Angelus, o convite ao desarmamento. Vatican News Ou\u00e7a a reportagem com a voz do Papa e [&hellip;]<\/p>\n","protected":false},"author":1,"featured_media":61305,"comment_status":"open","ping_status":"closed","sticky":false,"template":"","format":"standard","meta":{"footnotes":""},"categories":[3],"tags":[],"class_list":["post-61304","post","type-post","status-publish","format-standard","has-post-thumbnail","hentry","category-vaticano"],"_links":{"self":[{"href":"https:\/\/catolicanet.net\/wp-cnet\/wp-json\/wp\/v2\/posts\/61304","targetHints":{"allow":["GET"]}}],"collection":[{"href":"https:\/\/catolicanet.net\/wp-cnet\/wp-json\/wp\/v2\/posts"}],"about":[{"href":"https:\/\/catolicanet.net\/wp-cnet\/wp-json\/wp\/v2\/types\/post"}],"author":[{"embeddable":true,"href":"https:\/\/catolicanet.net\/wp-cnet\/wp-json\/wp\/v2\/users\/1"}],"replies":[{"embeddable":true,"href":"https:\/\/catolicanet.net\/wp-cnet\/wp-json\/wp\/v2\/comments?post=61304"}],"version-history":[{"count":1,"href":"https:\/\/catolicanet.net\/wp-cnet\/wp-json\/wp\/v2\/posts\/61304\/revisions"}],"predecessor-version":[{"id":61306,"href":"https:\/\/catolicanet.net\/wp-cnet\/wp-json\/wp\/v2\/posts\/61304\/revisions\/61306"}],"wp:featuredmedia":[{"embeddable":true,"href":"https:\/\/catolicanet.net\/wp-cnet\/wp-json\/wp\/v2\/media\/61305"}],"wp:attachment":[{"href":"https:\/\/catolicanet.net\/wp-cnet\/wp-json\/wp\/v2\/media?parent=61304"}],"wp:term":[{"taxonomy":"category","embeddable":true,"href":"https:\/\/catolicanet.net\/wp-cnet\/wp-json\/wp\/v2\/categories?post=61304"},{"taxonomy":"post_tag","embeddable":true,"href":"https:\/\/catolicanet.net\/wp-cnet\/wp-json\/wp\/v2\/tags?post=61304"}],"curies":[{"name":"wp","href":"https:\/\/api.w.org\/{rel}","templated":true}]}}