{"id":61287,"date":"2020-08-06T09:49:14","date_gmt":"2020-08-06T12:49:14","guid":{"rendered":"https:\/\/catolicanet.net\/wp-cnet\/?p=61287"},"modified":"2020-08-07T09:49:53","modified_gmt":"2020-08-07T12:49:53","slug":"novena-de-nossa-senhora-da-assuncao","status":"publish","type":"post","link":"https:\/\/catolicanet.net\/wp-cnet\/novena-de-nossa-senhora-da-assuncao\/","title":{"rendered":"Novena de Nossa Senhora da Assun\u00e7\u00e3o"},"content":{"rendered":"<p style=\"text-align: justify;\">Uma das caracter\u00edsticas que une esse novo normal, que o tempo do coronav\u00edrus (Covid 19) imp\u00f4s, \u00e9 a possibilidade de podermos rezar mais em fam\u00edlia. Nesse sentido quero propor a todos uma Novena preparat\u00f3ria para a Solenidade de Nossa Senhora da Assun\u00e7\u00e3o que ser\u00e1 celebrada no dia 15 de agosto onde \u00e9 prescrito, ou em n\u00edvel nacional, no dia 16, transferida que foi do s\u00e1bado para o domingo. A tradi\u00e7\u00e3o de prepara\u00e7\u00e3o para as festas marianas \u00e9 comum na igreja oriental que o faz com muitos e belos sinais ao se preparar para a festa da \u201cdormi\u00e7\u00e3o de Maria\u201d.<\/p>\n<p style=\"text-align: justify;\">\u00c9 muito importante rezar em fam\u00edlia, sobretudo, nesses dias, a novena de Nossa Senhora da Assun\u00e7\u00e3o. Ao rezarmos essa novena nos preparamos para contemplar os mist\u00e9rios de Deus escondidos em Maria e a para compreender a a\u00e7\u00e3o de Deus na vida dela e na nossa. A ora\u00e7\u00e3o em fam\u00edlia \u00e9, antes de tudo, um ato de amor e gratid\u00e3o a Deus. Rezaremos em fam\u00edlia, primeiramente agradecendo a alegria de termos pais cat\u00f3licos e, em segundo lugar, pedindo a cura da pandemia da COVID-19.<\/p>\n<p style=\"text-align: justify;\">Ao rezarmos a novena de Nossa Senhora da Assun\u00e7\u00e3o juntos nos tornamos uma fam\u00edlia que reza e que \u00e9 agradecida a Deus e, ao mesmo tempo, agraciada por Ele. Pedimos nessa novena as mais copiosas ben\u00e7\u00e3os de Deus para a nossa vida e a vida da nossa fam\u00edlia e pedimos, tamb\u00e9m, que Maria Sant\u00edssima aben\u00e7oe e fecunde a nossa fam\u00edlia.<\/p>\n<p style=\"text-align: justify;\">Rezando em fam\u00edlia vamos imbuir nos nossos filhos o desejo de se tornarem fervorosos e ass\u00edduos na ora\u00e7\u00e3o e isso faz crescer aos poucos o \u201camor\u201d pela religi\u00e3o. Um lar que cresce e \u00e9 fundamentado na ora\u00e7\u00e3o \u00e9 um lar feliz, pois plantamos nele a semente do bem e do amor, fazendo com que essa semente que plantamos produza os seus frutos, e os filhos transmitam para as gera\u00e7\u00f5es vindouras o interesse pela ora\u00e7\u00e3o.<\/p>\n<p style=\"text-align: justify;\">Se a crian\u00e7a nasce num lar feliz e baseado na ora\u00e7\u00e3o, assim ela ser\u00e1 durante a sua vida, e tendo Deus como base n\u00e3o crescer\u00e1 frustrada diante de alguns problemas que possam vir a ocorrer, mas baseada na ora\u00e7\u00e3o entender\u00e1 tudo o que estar\u00e1 acontecendo e sa\u00edra fortalecida, pois na ora\u00e7\u00e3o encontrar\u00e1 a solu\u00e7\u00e3o para os seus problemas e como sair deles.<\/p>\n<p style=\"text-align: justify;\">Devemos sempre pedir o doce aux\u00edlio de Nossa Senhora da Assun\u00e7\u00e3o para a nossa vida e de nossos familiares. N\u00e3o s\u00f3 na novena de Nossa Senhora da Assun\u00e7\u00e3o, mas durante todo o ano, por meio da ora\u00e7\u00e3o do ter\u00e7o. Todas as noites, \u00e0s 20hs, estamos rezando pelo Sistema de3 Comunica\u00e7\u00e3o da Arquidiocese (SCA) o ter\u00e7o mariano com as v\u00e1rias pastorais, movimentos, comunidades ou grupos espec\u00edficos de nossa arquidiocese. As fam\u00edlias podem unir-se neste momento de ora\u00e7\u00e3o. O ter\u00e7o nos fortalece e nos livra do pecado, \u00e9 uma ora\u00e7\u00e3o que nos conforta, nos acalenta e nos ajuda a direcionar para o melhor caminho. O ter\u00e7o podemos rezar diariamente em fam\u00edlia, escolher um hor\u00e1rio, sobretudo \u00e0 noite, quando a fam\u00edlia est\u00e1 toda reunida e rezar juntos pedindo a prote\u00e7\u00e3o de Maria para a nossa fam\u00edlia.<\/p>\n<p style=\"text-align: justify;\">Nos dias de hoje sabemos que \u00e9 dif\u00edcil arrumar um tempo para rezar em fam\u00edlia, devido as exig\u00eancias do trabalho, dos afazeres da casa ou das distra\u00e7\u00f5es seja pela televis\u00e3o ou pela internet. Mas nunca \u00e9 tarde para come\u00e7ar. Podemos come\u00e7ar agora com a Novena de Nossa Senhora da Assun\u00e7\u00e3o arrumando um tempo para rezarmos em fam\u00edlia e pedirmos as gra\u00e7as de Nossa Senhora para a nossa vida. Aqueles que se colocam em ora\u00e7\u00e3o s\u00e3o aben\u00e7oados por Deus, e pondo a nossa fam\u00edlia em ora\u00e7\u00e3o, a nossa fam\u00edlia ser\u00e1 aben\u00e7oada por Deus. \u201c<em>A ora\u00e7\u00e3o \u00e9 conversar com Deus, gra\u00e7as \u00e0 f\u00e9, no amor e com amor\u201d.<\/em><\/p>\n<p style=\"text-align: justify;\">Entre as vantagens da ora\u00e7\u00e3o em fam\u00edlia est\u00e1 o fato de que todos podem aproveitar esses momentos para refor\u00e7ar seus pedidos de b\u00ean\u00e7\u00e3os. Al\u00e9m disso, fazer ora\u00e7\u00f5es junto tamb\u00e9m ajuda a fortalecer a\u00a0<a href=\"https:\/\/marista.org.br\/blog\/5-dicas-de-leituras-para-ajudar-a-desenvolver-a-espiritualidade\/\">espiritualidade<\/a>, por meio do di\u00e1logo e a troca de experi\u00eancias entre pessoas de gera\u00e7\u00f5es e realidades diferentes. Na ora\u00e7\u00e3o pode-se abrir ao di\u00e1logo entre os familiares, o que \u00e9 dif\u00edcil hoje em dia diante dos diversos afazeres. E juntos apresentar as inten\u00e7\u00f5es particulares e conjunta de cada membro familiar.<\/p>\n<p style=\"text-align: justify;\">Por isso nessa novena de Nossa Senhora da Assun\u00e7\u00e3o pe\u00e7amos a intercess\u00e3o dela para a nossa vida e a vida de nossa fam\u00edlia, pedindo as mais copiosas ben\u00e7\u00e3os de Deus para a nossa fam\u00edlia, para vivermos uma vida autenticamente comunit\u00e1ria baseada em uma f\u00e9 viva. Pe\u00e7amos nessa novena a prote\u00e7\u00e3o da Sagrada Fam\u00edlia para a nossa fam\u00edlia e que nossa fam\u00edlia seja temente a Deus, como era a fam\u00edlia de Nazar\u00e9.<\/p>\n<p style=\"text-align: justify;\">Rezar junto com familiares pode proporcionar ainda um ambiente de preven\u00e7\u00e3o de conflitos ou at\u00e9 mesmo de resolver problemas que no dia a dia parecem de dif\u00edcil solu\u00e7\u00e3o. O di\u00e1logo, em um clima de paz interior e em sintonia com Deus, tem a capacidade de nos fazer enxergar as\u00a0<strong>formas do perd\u00e3o e os caminhos de aprendizado<\/strong>\u00a0com nossos pr\u00f3prios erros.<\/p>\n<p style=\"text-align: justify;\">Essa quarentena ajudou um pouco mais a rezarmos juntos em fam\u00edlia, enquanto as igrejas estavam fechadas, pod\u00edamos fazer da nossa casa uma \u201cigreja dom\u00e9stica\u201d rezando juntos o ter\u00e7o ou alguma outra ora\u00e7\u00e3o e assistindo a missa pela televis\u00e3o.<\/p>\n<p style=\"text-align: justify;\">Podemos pedir nessa novena a Nossa Senhora da Assun\u00e7\u00e3o para que nos livre dessa pandemia, e possamos logo achar uma cura para essa doen\u00e7a. Que Maria Sant\u00edssima, a Senhora da Sa\u00fade, direcione os m\u00e9dicos e enfermeiros e todos aqueles da \u00e1rea da sa\u00fade a terem for\u00e7as para seguir no seu trabalho e que logo tudo isso chegue ao seu fim. Que muitas pessoas possam ainda se curar dessa doen\u00e7a e que n\u00f3s possamos estar juntos de nossos familiares.<\/p>\n<p style=\"text-align: justify;\">Rezar nessa novena para que todos os nossos familiares sejam protegidos e n\u00e3o peguem essa doen\u00e7a e pedir a Nossa Senhora que proteja o Brasil e o Mundo desse v\u00edrus.<\/p>\n<p style=\"text-align: justify;\">Portanto, rezemos com confian\u00e7a colocando nossa fam\u00edlia diante de Nossa Senhora e nos preparando para celebrarmos a grande festa de \u201cNossa Senhora da Assun\u00e7\u00e3o\u201d no pr\u00f3ximo dia 15 de agosto, e que ela nos cubra com o seu \u201cManto Sagrado\u201d e possamos compreender os mist\u00e9rios de Deus para a nossa vida e nos reerguemos diante dos problemas.<\/p>\n<p style=\"text-align: justify;\">Que Maria nos aben\u00e7oe e proteja. Am\u00e9m!<\/p>\n","protected":false},"excerpt":{"rendered":"<p>Uma das caracter\u00edsticas que une esse novo normal, que o tempo do coronav\u00edrus (Covid 19) imp\u00f4s, \u00e9 a possibilidade de podermos rezar mais em fam\u00edlia. Nesse sentido quero propor a todos uma Novena preparat\u00f3ria para a Solenidade de Nossa Senhora da Assun\u00e7\u00e3o que ser\u00e1 celebrada no dia 15 de agosto onde \u00e9 prescrito, ou em [&hellip;]<\/p>\n","protected":false},"author":5,"featured_media":55819,"comment_status":"open","ping_status":"closed","sticky":false,"template":"","format":"standard","meta":{"footnotes":""},"categories":[9],"tags":[],"class_list":["post-61287","post","type-post","status-publish","format-standard","has-post-thumbnail","hentry","category-artigos"],"_links":{"self":[{"href":"https:\/\/catolicanet.net\/wp-cnet\/wp-json\/wp\/v2\/posts\/61287","targetHints":{"allow":["GET"]}}],"collection":[{"href":"https:\/\/catolicanet.net\/wp-cnet\/wp-json\/wp\/v2\/posts"}],"about":[{"href":"https:\/\/catolicanet.net\/wp-cnet\/wp-json\/wp\/v2\/types\/post"}],"author":[{"embeddable":true,"href":"https:\/\/catolicanet.net\/wp-cnet\/wp-json\/wp\/v2\/users\/5"}],"replies":[{"embeddable":true,"href":"https:\/\/catolicanet.net\/wp-cnet\/wp-json\/wp\/v2\/comments?post=61287"}],"version-history":[{"count":1,"href":"https:\/\/catolicanet.net\/wp-cnet\/wp-json\/wp\/v2\/posts\/61287\/revisions"}],"predecessor-version":[{"id":61288,"href":"https:\/\/catolicanet.net\/wp-cnet\/wp-json\/wp\/v2\/posts\/61287\/revisions\/61288"}],"wp:featuredmedia":[{"embeddable":true,"href":"https:\/\/catolicanet.net\/wp-cnet\/wp-json\/wp\/v2\/media\/55819"}],"wp:attachment":[{"href":"https:\/\/catolicanet.net\/wp-cnet\/wp-json\/wp\/v2\/media?parent=61287"}],"wp:term":[{"taxonomy":"category","embeddable":true,"href":"https:\/\/catolicanet.net\/wp-cnet\/wp-json\/wp\/v2\/categories?post=61287"},{"taxonomy":"post_tag","embeddable":true,"href":"https:\/\/catolicanet.net\/wp-cnet\/wp-json\/wp\/v2\/tags?post=61287"}],"curies":[{"name":"wp","href":"https:\/\/api.w.org\/{rel}","templated":true}]}}