{"id":61275,"date":"2020-08-07T09:33:23","date_gmt":"2020-08-07T12:33:23","guid":{"rendered":"https:\/\/catolicanet.net\/wp-cnet\/?p=61275"},"modified":"2020-08-07T09:33:23","modified_gmt":"2020-08-07T12:33:23","slug":"pe-manzotti-ser-pai-e-uma-vocacao-um-chamado-de-deus","status":"publish","type":"post","link":"https:\/\/catolicanet.net\/wp-cnet\/pe-manzotti-ser-pai-e-uma-vocacao-um-chamado-de-deus\/","title":{"rendered":"Pe. Manzotti: ser pai \u00e9 uma voca\u00e7\u00e3o, um chamado de Deus"},"content":{"rendered":"<h2 class=\"subtitle\" style=\"text-align: justify;\">A paternidade \u00e9 muito mais do que simplesmente transmitir material gen\u00e9tico na gera\u00e7\u00e3o de outro indiv\u00edduo. Trata-se de um dom que o pai \u00e9 convocado a viver no seio da fam\u00edlia<\/h2>\n<div class=\"base-post-content\">\n<p class=\"p1\" style=\"text-align: justify;\"><span class=\"s1\">Neste domingo, 9 de agosto de 2020, comemoramos o Dia dos Pais. Data que, certamente, ser\u00e1 mais dif\u00edcil neste ano, devido \u00e0 dist\u00e2ncia f\u00edsica entre as fam\u00edlias. Tamb\u00e9m ser\u00e1 o dia em que enaltecemos a voca\u00e7\u00e3o matrimonial. Assim, de 9 a 15\/8, festejamos todas as fam\u00edlias e a uni\u00e3o e amor que v\u00eam de Deus na Semana Nacional da Fam\u00edlia, tendo como tema\u00a0<i>\u201cEu e minha casa serviremos ao Senhor\u201d (Josu\u00e9 24,15).<\/i><\/span><\/p>\n<p class=\"p1\" style=\"text-align: justify;\"><span class=\"s1\">A fam\u00edlia \u00e9 chamada por Deus a ser testemunha do amor e fraternidade, colaboradora da obra da Cria\u00e7\u00e3o. Seu papel \u00e9 fundamental na forma\u00e7\u00e3o dos filhos, j\u00e1 que aos pais \u00e9 dada a responsabilidade de formar pessoas conscientes e crist\u00e3s. Eles s\u00e3o representantes leg\u00edtimos de Deus perante os filhos que devem ser conduzidos nos valores do Evangelho.<\/span><\/p>\n<p class=\"p1\" style=\"text-align: justify;\"><span class=\"s1\">Come\u00e7o ressaltando que a paternidade \u00e9 muito mais do que simplesmente transmitir material gen\u00e9tico na gera\u00e7\u00e3o de outro indiv\u00edduo. Trata-se de um dom que o pai \u00e9 convocado a viver, no seio da fam\u00edlia. Isto \u00e9, uma voca\u00e7\u00e3o e um chamado de Deus, colaborar com o Seu plano da cria\u00e7\u00e3o. Por isso, no segundo domingo do m\u00eas de agosto, m\u00eas das voca\u00e7\u00f5es, celebramos o Dia dos Pais e iniciamos a Semana Nacional da Fam\u00edlia.<\/span><\/p>\n<p class=\"p1\" style=\"text-align: justify;\"><span class=\"s1\">E que honra cabe aos pais serem chamados com o substantivo que Jesus nos ensinou a chamar Deus, Ab\u00e1, Pai, Paizinho. Mas, tamb\u00e9m que responsabilidade serem para seus filhos a primeira imagem que eles far\u00e3o de Deus.<\/span><\/p>\n<p class=\"p1\" style=\"text-align: justify;\"><span class=\"s1\">A figura do pai \u00e9 t\u00e3o importante no contexto familiar que Deus desejou que seu Filho Jesus vindo ao mundo, tivesse um. Jos\u00e9 foi o escolhido para assumir a paternidade do menino Deus.<\/span><\/p>\n<p class=\"p1\" style=\"text-align: justify;\"><span class=\"s1\">A sociedade de hoje d\u00e1 pouco valor \u00e0 fam\u00edlia. \u00c9 dif\u00edcil ser um verdadeiro pai num mundo de tantos contra valores, em que o amor acaba sendo medido pelos bens materiais. Por isso, tenho falado com muita insist\u00eancia, os filhos precisam do conforto que os pais podem proporcionar. Mas precisam tamb\u00e9m, e muito, de carinho, afeto, amor, companheirismo, bom exemplo, corre\u00e7\u00e3o e castigo, se merecido, como nos diz o Livro do Eclesi\u00e1stico:<\/span><\/p>\n<div class=\"nativo-inread\" style=\"text-align: justify;\"><\/div>\n<p class=\"p1\" style=\"text-align: justify;\"><span class=\"s1\"><i>\u201cAquele que ama o seu filho, castiga-o com frequ\u00eancia, para que se alegre com isso mais tarde! Aquele que d\u00e1 ensinamentos a seu filho ser\u00e1 louvado por causa dele. E nele mesmo se gloriar\u00e1 entre os seus amigos! Aquele que educa o filho torna o seu inimigo invejoso e entre seus amigos ser\u00e1 honrado por causa dele. O pai morre e \u00e9 como se n\u00e3o morresse, pois deixa depois de si um seu semelhante. Durante a sua vida viu o seu filho e nele se alegrou; quando morrer n\u00e3o ficar\u00e1 aflito. N\u00e3o tem do que se envergonhar perante seus advers\u00e1rios. Pois deixou em sua casa um defensor contra os inimigos. Algu\u00e9m que manifestar\u00e1 gratid\u00e3o aos seus amigos. Aquele que estraga seus filhos com mimos ter\u00e1 que lhes pensar as feridas\u201d.<\/i>\u00a0(Eclo 30,1-7)<\/span><\/p>\n<p class=\"p1\" style=\"text-align: justify;\"><span class=\"s1\">O Papa Francisco refletindo sobre a paternidade, ressaltou:<\/span><\/p>\n<p class=\"p1\" style=\"text-align: justify;\"><span class=\"s1\"><i>\u201cA aus\u00eancia da figura paterna na vida das crian\u00e7as e dos jovens pode causar lacunas e feridas muito graves. Com efeito os desvios das crian\u00e7as e dos adolescentes em grande parte podem estar relacionados com a car\u00eancia de exemplos e de guias respeit\u00e1veis na sua vida de todos os dias, com a falta de proximidade, com a car\u00eancia de amor por parte dos pais\u201d.<\/i><\/span><\/p>\n<p class=\"p1\" style=\"text-align: justify;\"><span class=\"s1\">Se, por um lado, o Papa chamou aten\u00e7\u00e3o para os efeitos mal\u00e9ficos da aus\u00eancia da paternidade, por outro indicou o quanto \u00e9 essencial, bela, insubstitu\u00edvel a presen\u00e7a do pais na forma\u00e7\u00e3o dos filhos. Ou seja, da fam\u00edlia.<\/span><\/p>\n<p class=\"p2\" style=\"text-align: justify;\"><span class=\"s1\">Rezemos a ora\u00e7\u00e3o preparada especialmente para este m\u00eas:<\/span><\/p>\n<p class=\"p3\" style=\"text-align: justify;\"><span class=\"s1\"><i>Jesus, Maria e Jos\u00e9, minha fam\u00edlia vossa \u00e9.<\/i><\/span><\/p>\n<p class=\"p3\" style=\"text-align: justify;\"><span class=\"s1\"><i>V\u00f3s formastes \u200ba Sagrada Fam\u00edlia de Nazar\u00e9, \u200b nosso modelo e exemplo de f\u00e9.<\/i><\/span><\/p>\n<p class=\"p3\" style=\"text-align: justify;\"><span class=\"s1\"><i>A v\u00f3s consagro minha fam\u00edlia.<\/i><\/span><\/p>\n<p class=\"p3\" style=\"text-align: justify;\"><span class=\"s1\"><i>Sagrada Fam\u00edlia de Nazar\u00e9, livrai minha fam\u00edlia de todo \u200bo mal.<\/i><\/span><\/p>\n<p class=\"p3\" style=\"text-align: justify;\"><span class=\"s1\"><i>Protegei-a do maligno, que divide e semeia a disc\u00f3rdia, o rancor e a m\u00e1goa.<\/i><\/span><\/p>\n<p class=\"p3\" style=\"text-align: justify;\"><span class=\"s1\"><i>Afugentai da minha fam\u00edlia os v\u00edcios, intrigas, viol\u00eancia, desaven\u00e7as, infidelidades e enfermidades.<\/i><\/span><\/p>\n<p class=\"p3\" style=\"text-align: justify;\"><span class=\"s1\"><i>Afastai o desemprego, a mis\u00e9ria e a inveja.<\/i><\/span><\/p>\n<p class=\"p3\" style=\"text-align: justify;\"><span class=\"s1\"><i>Ajudai-nos a nos amar cada dia mais, e a partilhar com generosidade os bens materiais e espirituais.<\/i><\/span><\/p>\n<p class=\"p3\" style=\"text-align: justify;\"><span class=\"s1\"><i>Ajudai-nos a nos manter unidos, a viver a f\u00e9 e exercitar o perd\u00e3o. Que minha fam\u00edlia seja espa\u00e7o de comunh\u00e3o, acolhida e paz.<\/i><\/span><\/p>\n<p class=\"p3\" style=\"text-align: justify;\"><span class=\"s1\"><i>Sagrada Fam\u00edlia, exemplo de ora\u00e7\u00e3o, abri nosso cora\u00e7\u00e3o ao di\u00e1logo com Deus, fazei \u200bcom que das fam\u00edlias brotem fervorosas voca\u00e7\u00f5es.<\/i><\/span><\/p>\n<p class=\"p3\" style=\"text-align: justify;\"><span class=\"s1\"><i>E, ensinai-nos a crescer na santidade e no servi\u00e7o a Deus e ao pr\u00f3ximo.<\/i><\/span><\/p>\n<p class=\"p3\" style=\"text-align: justify;\"><span class=\"s1\"><i>Sagrada fam\u00edlia de Nazar\u00e9, livrai minha\u00a0<\/i><\/span><span class=\"s1\"><i>fam\u00edlia do mal.<\/i><\/span><\/p>\n<p class=\"p3\" style=\"text-align: justify;\"><span class=\"s1\"><i>Sagrada fam\u00edlia de Nazar\u00e9, protegei minha fam\u00edlia. Sagrada fam\u00edlia de Nazar\u00e9, santificai minha fam\u00edlia.<\/i><\/span><\/p>\n<p class=\"p3\" style=\"text-align: justify;\"><span class=\"s1\"><i>Am\u00e9m.<\/i><\/span><\/p>\n<\/div>\n","protected":false},"excerpt":{"rendered":"<p>A paternidade \u00e9 muito mais do que simplesmente transmitir material gen\u00e9tico na gera\u00e7\u00e3o de outro indiv\u00edduo. Trata-se de um dom que o pai \u00e9 convocado a viver no seio da fam\u00edlia Neste domingo, 9 de agosto de 2020, comemoramos o Dia dos Pais. Data que, certamente, ser\u00e1 mais dif\u00edcil neste ano, devido \u00e0 dist\u00e2ncia f\u00edsica [&hellip;]<\/p>\n","protected":false},"author":1,"featured_media":61276,"comment_status":"open","ping_status":"closed","sticky":false,"template":"","format":"standard","meta":{"footnotes":""},"categories":[4],"tags":[],"class_list":["post-61275","post","type-post","status-publish","format-standard","has-post-thumbnail","hentry","category-cotidiano"],"_links":{"self":[{"href":"https:\/\/catolicanet.net\/wp-cnet\/wp-json\/wp\/v2\/posts\/61275","targetHints":{"allow":["GET"]}}],"collection":[{"href":"https:\/\/catolicanet.net\/wp-cnet\/wp-json\/wp\/v2\/posts"}],"about":[{"href":"https:\/\/catolicanet.net\/wp-cnet\/wp-json\/wp\/v2\/types\/post"}],"author":[{"embeddable":true,"href":"https:\/\/catolicanet.net\/wp-cnet\/wp-json\/wp\/v2\/users\/1"}],"replies":[{"embeddable":true,"href":"https:\/\/catolicanet.net\/wp-cnet\/wp-json\/wp\/v2\/comments?post=61275"}],"version-history":[{"count":1,"href":"https:\/\/catolicanet.net\/wp-cnet\/wp-json\/wp\/v2\/posts\/61275\/revisions"}],"predecessor-version":[{"id":61277,"href":"https:\/\/catolicanet.net\/wp-cnet\/wp-json\/wp\/v2\/posts\/61275\/revisions\/61277"}],"wp:featuredmedia":[{"embeddable":true,"href":"https:\/\/catolicanet.net\/wp-cnet\/wp-json\/wp\/v2\/media\/61276"}],"wp:attachment":[{"href":"https:\/\/catolicanet.net\/wp-cnet\/wp-json\/wp\/v2\/media?parent=61275"}],"wp:term":[{"taxonomy":"category","embeddable":true,"href":"https:\/\/catolicanet.net\/wp-cnet\/wp-json\/wp\/v2\/categories?post=61275"},{"taxonomy":"post_tag","embeddable":true,"href":"https:\/\/catolicanet.net\/wp-cnet\/wp-json\/wp\/v2\/tags?post=61275"}],"curies":[{"name":"wp","href":"https:\/\/api.w.org\/{rel}","templated":true}]}}