{"id":61266,"date":"2020-08-07T09:25:20","date_gmt":"2020-08-07T12:25:20","guid":{"rendered":"https:\/\/catolicanet.net\/wp-cnet\/?p=61266"},"modified":"2020-08-07T09:25:20","modified_gmt":"2020-08-07T12:25:20","slug":"jurisdicao-dos-patriarcas-catolicos-orientais-estende-se-por-toda-a-peninsula-arabica","status":"publish","type":"post","link":"https:\/\/catolicanet.net\/wp-cnet\/jurisdicao-dos-patriarcas-catolicos-orientais-estende-se-por-toda-a-peninsula-arabica\/","title":{"rendered":"Jurisdi\u00e7\u00e3o dos Patriarcas Cat\u00f3licos Orientais estende-se por toda a Pen\u00ednsula Ar\u00e1bica"},"content":{"rendered":"<div class=\"article__subTitle\" style=\"text-align: justify;\">A decis\u00e3o do Papa Francisco in Rescriptum, a pedido dos Patriarcas em vista de um maior bem espiritual para os seus fi\u00e9is.<\/div>\n<div class=\"title__separator\" style=\"text-align: justify;\"><\/div>\n<div class=\"article__text\">\n<p style=\"text-align: justify;\"><b>Vatican News<\/b><\/p>\n<p style=\"text-align: justify;\">Com um Rescrito publicado, nesta quinta-feira (06\/08), pela Sala de Imprensa da Santa S\u00e9, o Papa estendeu a jurisdi\u00e7\u00e3o dos Patriarcas Cat\u00f3licos Orientais a toda a Pen\u00ednsula Ar\u00e1bica (Vicariatos Apost\u00f3licos da Ar\u00e1bia do Norte e da Ar\u00e1bia do Sul). Francisco tomou esta decis\u00e3o a pedido dos Patriarcas e em vista de um bem espiritual maior para os seus fi\u00e9is, considerando as prerrogativas hist\u00f3ricas de sua jurisdi\u00e7\u00e3o sobre o territ\u00f3rio.<\/p>\n<div style=\"text-align: justify;\">\n<div class=\"article__embed article__embed--unwrap article__embed--dark\">\n<div class=\"article__innerTitle\">Ou\u00e7a a reportagem<\/div>\n<div>\n<!--[if lt IE 9]><script>document.createElement('audio');<\/script><![endif]-->\n<audio class=\"wp-audio-shortcode\" id=\"audio-61266-1\" preload=\"none\" style=\"width: 100%;\" controls=\"controls\"><source type=\"audio\/mpeg\" src=\"https:\/\/media.vaticannews.va\/media\/audio\/s1\/2020\/08\/07\/12\/135678034_F135678034.mp3?_=1\" \/><a href=\"https:\/\/media.vaticannews.va\/media\/audio\/s1\/2020\/08\/07\/12\/135678034_F135678034.mp3\">https:\/\/media.vaticannews.va\/media\/audio\/s1\/2020\/08\/07\/12\/135678034_F135678034.mp3<\/a><\/audio>\n<\/div>\n<\/div>\n<\/div>\n<p style=\"text-align: justify;\">O cuidado pastoral dos fi\u00e9is orientais sobre os quais exercem jurisdi\u00e7\u00e3o ser\u00e1 realizado em coordena\u00e7\u00e3o com os Vig\u00e1rios Apost\u00f3licos. Exceto pelas prerrogativas dos Representantes Pontif\u00edcios, os Vig\u00e1rios Apost\u00f3licos s\u00e3o os representantes da Igreja cat\u00f3lica junto das autoridades pol\u00edticas dos seus respectivos pa\u00edses e a eles os Patriarcas Orientais far\u00e3o refer\u00eancia, neste \u00e2mbito.\u00a0 Em derroga\u00e7\u00e3o ao c\u00e2n. 85 \u00a7 I do CCEO (C\u00f3digo dos C\u00e2nones das Igrejas Orientais), a eventual ere\u00e7\u00e3o de novas circunscri\u00e7\u00f5es eclesi\u00e1sticas pelos S\u00ednodos das Igrejas Patriarcais sui iuris estar\u00e1 sujeita \u00e0 autoriza\u00e7\u00e3o pr\u00e9via da S\u00e9 Apost\u00f3lica. Essa derroga\u00e7\u00e3o \u00e9 estabelecida por cinco anos, ap\u00f3s os quais ser\u00e1 revista.<\/p>\n<p style=\"text-align: justify;\">Recordamos que na \u00e1rea do Oriente Pr\u00f3ximo e M\u00e9dio, dois Dicast\u00e9rios exercem sua jurisdi\u00e7\u00e3o: a Congrega\u00e7\u00e3o para a Evangeliza\u00e7\u00e3o dos Povos, nos Vicariatos Apost\u00f3licos Latinos da Ar\u00e1bia do Sul e do Norte, e a Congrega\u00e7\u00e3o para as Igrejas Orientais, nos pa\u00edses vizinhos ao Golfo P\u00e9rsico, como a Jord\u00e2nia, Iraque, Ir\u00e3, L\u00edbano, S\u00edria, Palestina, Israel e Egito.<\/p>\n<p style=\"text-align: justify;\">A medida pontif\u00edcia publicada nesta quinta-feira (06\/08) \u00e9 fruto da avalia\u00e7\u00e3o atenta feita pelo Papa junto com os Dicast\u00e9rios competentes da C\u00faria Romana, depois de ouvir as observa\u00e7\u00f5es apresentadas pelos Patriarcas e Vig\u00e1rios Apost\u00f3licos da Ar\u00e1bia do Norte e do Sul.<\/p>\n<p style=\"text-align: justify;\">Esta medida diz respeito a seis Igrejas Patriarcais Cat\u00f3licas Orientais: Alexandria dos Coptas, Antioquia dos Maronitas, Antioquia dos S\u00edrios, Antioquia dos Greco-Melkitas, Babil\u00f4nia dos Caldeus e Cil\u00edcia dos Arm\u00eanios.<\/p>\n<p style=\"text-align: justify;\">A perspectiva na qual ler o Rescriptum \u00e9 a da comunh\u00e3o. Apesar da diversidade das tradi\u00e7\u00f5es rituais e das suas leg\u00edtimas e hist\u00f3ricas prerrogativas, a Igreja cat\u00f3lica, num contexto de grande maioria mu\u00e7ulmana, deve continuar protegendo e promovendo um horizonte comum de a\u00e7\u00e3o pastoral, acordo e colabora\u00e7\u00e3o, bem como a import\u00e2ncia de n\u00e3o multiplicar os interlocutores junto das autoridades pol\u00edticas, diante das quais os Representantes Pontif\u00edcios e os Vig\u00e1rios Apost\u00f3licos continuam sendo refer\u00eancia privilegiada.<\/p>\n<p style=\"text-align: justify;\">As Igrejas Patriarcais Cat\u00f3licas, por sua vez, podendo contar com a sua presen\u00e7a secular na regi\u00e3o, poder\u00e3o prestar uma assist\u00eancia pastoral direta aos seus fi\u00e9is, que desde 2003 se encontram sob a jurisdi\u00e7\u00e3o dos Vig\u00e1rios Apost\u00f3licos Latinos.<\/p>\n<p style=\"text-align: justify;\">Todos juntos, latinos e orientais, de uma forma agora mais estruturada e coordenada, continuar\u00e3o seguindo os trabalhadores migrantes cat\u00f3licos presentes na regi\u00e3o, para que nunca percam a oportunidade de ouvir o an\u00fancio do Evangelho e serem acompanhados pelos seus leg\u00edtimos pastores.<\/p>\n<\/div>\n","protected":false},"excerpt":{"rendered":"<p>A decis\u00e3o do Papa Francisco in Rescriptum, a pedido dos Patriarcas em vista de um maior bem espiritual para os seus fi\u00e9is. Vatican News Com um Rescrito publicado, nesta quinta-feira (06\/08), pela Sala de Imprensa da Santa S\u00e9, o Papa estendeu a jurisdi\u00e7\u00e3o dos Patriarcas Cat\u00f3licos Orientais a toda a Pen\u00ednsula Ar\u00e1bica (Vicariatos Apost\u00f3licos da [&hellip;]<\/p>\n","protected":false},"author":1,"featured_media":61267,"comment_status":"open","ping_status":"closed","sticky":false,"template":"","format":"standard","meta":{"footnotes":""},"categories":[3],"tags":[],"class_list":["post-61266","post","type-post","status-publish","format-standard","has-post-thumbnail","hentry","category-vaticano"],"_links":{"self":[{"href":"https:\/\/catolicanet.net\/wp-cnet\/wp-json\/wp\/v2\/posts\/61266","targetHints":{"allow":["GET"]}}],"collection":[{"href":"https:\/\/catolicanet.net\/wp-cnet\/wp-json\/wp\/v2\/posts"}],"about":[{"href":"https:\/\/catolicanet.net\/wp-cnet\/wp-json\/wp\/v2\/types\/post"}],"author":[{"embeddable":true,"href":"https:\/\/catolicanet.net\/wp-cnet\/wp-json\/wp\/v2\/users\/1"}],"replies":[{"embeddable":true,"href":"https:\/\/catolicanet.net\/wp-cnet\/wp-json\/wp\/v2\/comments?post=61266"}],"version-history":[{"count":1,"href":"https:\/\/catolicanet.net\/wp-cnet\/wp-json\/wp\/v2\/posts\/61266\/revisions"}],"predecessor-version":[{"id":61268,"href":"https:\/\/catolicanet.net\/wp-cnet\/wp-json\/wp\/v2\/posts\/61266\/revisions\/61268"}],"wp:featuredmedia":[{"embeddable":true,"href":"https:\/\/catolicanet.net\/wp-cnet\/wp-json\/wp\/v2\/media\/61267"}],"wp:attachment":[{"href":"https:\/\/catolicanet.net\/wp-cnet\/wp-json\/wp\/v2\/media?parent=61266"}],"wp:term":[{"taxonomy":"category","embeddable":true,"href":"https:\/\/catolicanet.net\/wp-cnet\/wp-json\/wp\/v2\/categories?post=61266"},{"taxonomy":"post_tag","embeddable":true,"href":"https:\/\/catolicanet.net\/wp-cnet\/wp-json\/wp\/v2\/tags?post=61266"}],"curies":[{"name":"wp","href":"https:\/\/api.w.org\/{rel}","templated":true}]}}