{"id":61263,"date":"2020-08-07T09:20:53","date_gmt":"2020-08-07T12:20:53","guid":{"rendered":"https:\/\/catolicanet.net\/wp-cnet\/?p=61263"},"modified":"2020-08-07T09:20:53","modified_gmt":"2020-08-07T12:20:53","slug":"unicef-explosoes-em-beirute-deixaram-80-mil-criancas-deslocadas","status":"publish","type":"post","link":"https:\/\/catolicanet.net\/wp-cnet\/unicef-explosoes-em-beirute-deixaram-80-mil-criancas-deslocadas\/","title":{"rendered":"UNICEF: explos\u00f5es em Beirute deixaram 80 mil crian\u00e7as deslocadas"},"content":{"rendered":"<div class=\"article__subTitle\" style=\"text-align: justify;\">O Fundo das Na\u00e7\u00f5es Unidas para a Inf\u00e2ncia est\u00e1 trabalhando no L\u00edbano para aumentar o apoio \u00e0s crian\u00e7as afetadas e suas fam\u00edlias, para atender \u00e0s necessidades imediatas e a m\u00e9dio prazo. Numa nota, o Unicef destaca algumas de suas a\u00e7\u00f5es, entre as quais, dar apoio psicossocial para ajudar as crian\u00e7as a lidar com a dor e o trauma, ajudar a reintegra\u00e7\u00e3o das crian\u00e7as que foram separadas de suas fam\u00edlias e a cria\u00e7\u00e3o de um n\u00famero de emerg\u00eancia<\/div>\n<div class=\"title__separator\" style=\"text-align: justify;\"><\/div>\n<div class=\"article__text\">\n<p style=\"text-align: justify;\"><b>Vatican News<\/b><\/p>\n<div style=\"text-align: justify;\">\n<div class=\"article__embed article__embed--unwrap article__embed--dark\">\n<div class=\"article__innerTitle\">Ou\u00e7a e compartilhe<\/div>\n<div>\n<!--[if lt IE 9]><script>document.createElement('audio');<\/script><![endif]-->\n<audio class=\"wp-audio-shortcode\" id=\"audio-61263-1\" preload=\"none\" style=\"width: 100%;\" controls=\"controls\"><source type=\"audio\/mpeg\" src=\"https:\/\/media.vaticannews.va\/media\/audio\/s1\/2020\/08\/07\/11\/135677912_F135677912.mp3?_=1\" \/><a href=\"https:\/\/media.vaticannews.va\/media\/audio\/s1\/2020\/08\/07\/11\/135677912_F135677912.mp3\">https:\/\/media.vaticannews.va\/media\/audio\/s1\/2020\/08\/07\/11\/135677912_F135677912.mp3<\/a><\/audio>\n<\/div>\n<\/div>\n<\/div>\n<p style=\"text-align: justify;\">Segundo estimativas do UNICEF (Fundo das Na\u00e7\u00f5es Unidas para a Inf\u00e2ncia), cerca de 80.000 crian\u00e7as encontram-se deslocadas por causa das explos\u00f5es em Beirute, no L\u00edbano, com fam\u00edlias atingidas em situa\u00e7\u00e3o de grande necessidade de ajudas.<\/p>\n<p style=\"text-align: justify;\">As explos\u00f5es da tarde ter\u00e7a-feira (04\/08) na \u00e1rea portu\u00e1ria da capital libanesa deixaram 140 mortos, 5.000 feridos e centenas desaparecidos. O UNICEF preocupa-se com o fato que muitas crian\u00e7as sofreram traumas e permanecem em estado de choque.<\/p>\n<p style=\"text-align: justify;\">\u201cNas \u00faltimas 24 horas, o UNICEF continuou se coordenando estreitamente com as autoridades e parceiros que atuam\u00a0<i>in loco<\/i>\u00a0para atender \u00e0s necessidades imediatas das fam\u00edlias atingidas, concentrando-se na sa\u00fade, \u00e1gua e bem-estar das crian\u00e7as\u201d, disse a representante adjunta do UNICEF no L\u00edbano, Violet Speek-Warnery.<\/p>\n<h2 style=\"text-align: justify;\">Alguns dados, segundo as \u00faltimas informa\u00e7\u00f5es<\/h2>\n<p style=\"text-align: justify;\">O porto de Beirute \u2013 onde ocorreram as explos\u00f5es \u2013 \u00e9 a principal \u00e2ncora de salva\u00e7\u00e3o do pa\u00eds. E encontra-se agora completamente destru\u00eddo. Em seguida, o comunicado do Fundo das Na\u00e7\u00f5es Unidas para a Inf\u00e2ncia traz alguns dados, segundo as \u00faltimas informa\u00e7\u00f5es:<\/p>\n<p style=\"text-align: justify;\">&#8211; H\u00e1 in\u00fameros relatos de crian\u00e7as que foram separadas dos membros da fam\u00edlia, algumas das quais ainda est\u00e3o desaparecidas;<\/p>\n<p style=\"text-align: justify;\">&#8211; Pelo menos 12 unidades de atendimento m\u00e9dico prim\u00e1rio, centros de assist\u00eancia materna, neonatal e de vacina\u00e7\u00e3o em Beirute foram danificados, tendo impacto sobre os servi\u00e7os para quase 120.000 pessoas;<\/p>\n<p style=\"text-align: justify;\">&#8211; Um hospital pedi\u00e1trico na zona urbana de Karantina, que tinha uma unidade especializada no tratamento de rec\u00e9m-nascidos, foi destru\u00eddo. Um rec\u00e9m-nascido morreu;<\/p>\n<p style=\"text-align: justify;\">&#8211; Os demais hospitais em funcionamento est\u00e3o sobrecarregados e se encontram sem os fornecimentos m\u00e9dicos essenciais;<\/p>\n<p style=\"text-align: justify;\">&#8211; 10 cont\u00eaineres fornecidos pelo Minist\u00e9rio da Sa\u00fade P\u00fablica com equipamentos de prote\u00e7\u00e3o individual foram destru\u00eddos;<\/p>\n<p style=\"text-align: justify;\">&#8211; Cinco dos sete frigor\u00edficos de vacinas mantidos pelo UNICEF foram destru\u00eddos na explos\u00e3o, afetando os principais programas de vacina\u00e7\u00e3o;<\/p>\n<p style=\"text-align: justify;\">&#8211; Muitas escolas sofreram danos em Beirute e nos arredores, o n\u00edvel dos danos est\u00e1 sendo avaliado;<\/p>\n<p style=\"text-align: justify;\">&#8211; 464 novos casos de Covid-19 foram registrados nas \u00faltimas 48 horas.<\/p>\n<p style=\"text-align: justify;\">\u201cO UNICEF est\u00e1 apoiando as autoridades locais e parceiros. Nossas equipes est\u00e3o trabalhando 24 horas por dia para fornecer a assist\u00eancia necess\u00e1ria \u00e0s pessoas afetadas\u201d, declarou Speek-Warnery.<\/p>\n<div style=\"text-align: justify;\">\n<aside class=\"article__readmore\">\n<div class=\"teaser--labelEvidence teaser teaser--type-foto \">\n<article>\n<div class=\"teaser__labelWrapper\"><\/div>\n<div class=\"teaser__contentWrapper\">\n<h2 class=\"teaser__title\">A\u00e7\u00f5es do Unicef<\/h2>\n<\/div>\n<\/article>\n<\/div>\n<\/aside>\n<\/div>\n<p style=\"text-align: justify;\">O UNICEF no L\u00edbano est\u00e1 trabalhando em parceria para aumentar o apoio \u00e0s crian\u00e7as afetadas e suas fam\u00edlias, para atender \u00e0s necessidades imediatas e a m\u00e9dio prazo, acrescenta a nota, destacando algumas de suas a\u00e7\u00f5es:<\/p>\n<p style=\"text-align: justify;\">&#8211; Distribui\u00e7\u00e3o de \u00e1gua pot\u00e1vel aos agentes de socorro na linha de frente e \u00e0queles que vivem na \u00e1rea atingida ao redor do porto de Beirute;<\/p>\n<p style=\"text-align: justify;\">&#8211; Realiza\u00e7\u00e3o de avalia\u00e7\u00f5es preliminares de armaz\u00e9ns, escolas, c\u00e2maras frigor\u00edferas, infraestruturas h\u00eddricas e unidades de sa\u00fade, incluindo hospitais e unidades de terapia intensiva especializadas em cuidados com rec\u00e9m-nascidos;<\/p>\n<p style=\"text-align: justify;\">&#8211; Estima-se que 90% do fornecimento de vacinas armazenadas tenha sido salvo no armaz\u00e9m danificado no porto;<\/p>\n<p style=\"text-align: justify;\">&#8211; Dar apoio psicossocial para ajudar as crian\u00e7as a lidar com a dor e o trauma.<\/p>\n<p style=\"text-align: justify;\">&#8211; Ajudar a reintegra\u00e7\u00e3o das crian\u00e7as que foram separadas de suas fam\u00edlias e a cria\u00e7\u00e3o de um n\u00famero de emerg\u00eancia;<\/p>\n<p style=\"text-align: justify;\">&#8211; Trabalho com jovens volunt\u00e1rios para ajudar a limpar diferentes \u00e1reas;<\/p>\n<p style=\"text-align: justify;\">&#8211; Estabelecer um programa de transfer\u00eancia de dinheiro para assist\u00eancia de moradia tempor\u00e1ria para fam\u00edlias deslocadas pela perda de suas casas.<\/p>\n<h2 style=\"text-align: justify;\">Campanha de arrecada\u00e7\u00e3o de fundos<\/h2>\n<p style=\"text-align: justify;\">\u201cPara atender a essas enormes necessidades, o UNICEF precisa imediatamente de quase 4 milh\u00f5es e 400 mil d\u00f3lares. Para tal, o UNICEF It\u00e1lia lan\u00e7ou, sem mais tardar, uma campanha de arrecada\u00e7\u00e3o de fundos. Neste momento particular, as crian\u00e7as do L\u00edbano precisam da ajuda de todos. Pedimos que fa\u00e7am uma doa\u00e7\u00e3o atrav\u00e9s do site\u00a0<a href=\"https:\/\/donazioni.unicef.it\/landing-emergenze\/emergenza-beirut#\/home\" target=\"_blank\" rel=\"external nofollow noopener noreferrer\">https:\/\/donazioni.unicef.it\/landing-emergenze\/emergenza-beirut<\/a>\u201d, declarou o presidente do UNICEF It\u00e1lia, Francesco Samengo.<\/p>\n<p style=\"text-align: justify;\">\u00c9 poss\u00edvel fazer doa\u00e7\u00f5es atrav\u00e9s de:\u00a0<a href=\"https:\/\/donazioni.unicef.it\/landing-emergenze\/emergenza-beirut#\/home\" target=\"_blank\" rel=\"external nofollow noopener noreferrer\">https:\/\/donazioni.unicef.it\/landing-emergenze\/emergenza-beirut<\/a>.<\/p>\n<\/div>\n","protected":false},"excerpt":{"rendered":"<p>O Fundo das Na\u00e7\u00f5es Unidas para a Inf\u00e2ncia est\u00e1 trabalhando no L\u00edbano para aumentar o apoio \u00e0s crian\u00e7as afetadas e suas fam\u00edlias, para atender \u00e0s necessidades imediatas e a m\u00e9dio prazo. Numa nota, o Unicef destaca algumas de suas a\u00e7\u00f5es, entre as quais, dar apoio psicossocial para ajudar as crian\u00e7as a lidar com a dor [&hellip;]<\/p>\n","protected":false},"author":1,"featured_media":61264,"comment_status":"open","ping_status":"closed","sticky":false,"template":"","format":"standard","meta":{"footnotes":""},"categories":[3],"tags":[],"class_list":["post-61263","post","type-post","status-publish","format-standard","has-post-thumbnail","hentry","category-vaticano"],"_links":{"self":[{"href":"https:\/\/catolicanet.net\/wp-cnet\/wp-json\/wp\/v2\/posts\/61263","targetHints":{"allow":["GET"]}}],"collection":[{"href":"https:\/\/catolicanet.net\/wp-cnet\/wp-json\/wp\/v2\/posts"}],"about":[{"href":"https:\/\/catolicanet.net\/wp-cnet\/wp-json\/wp\/v2\/types\/post"}],"author":[{"embeddable":true,"href":"https:\/\/catolicanet.net\/wp-cnet\/wp-json\/wp\/v2\/users\/1"}],"replies":[{"embeddable":true,"href":"https:\/\/catolicanet.net\/wp-cnet\/wp-json\/wp\/v2\/comments?post=61263"}],"version-history":[{"count":1,"href":"https:\/\/catolicanet.net\/wp-cnet\/wp-json\/wp\/v2\/posts\/61263\/revisions"}],"predecessor-version":[{"id":61265,"href":"https:\/\/catolicanet.net\/wp-cnet\/wp-json\/wp\/v2\/posts\/61263\/revisions\/61265"}],"wp:featuredmedia":[{"embeddable":true,"href":"https:\/\/catolicanet.net\/wp-cnet\/wp-json\/wp\/v2\/media\/61264"}],"wp:attachment":[{"href":"https:\/\/catolicanet.net\/wp-cnet\/wp-json\/wp\/v2\/media?parent=61263"}],"wp:term":[{"taxonomy":"category","embeddable":true,"href":"https:\/\/catolicanet.net\/wp-cnet\/wp-json\/wp\/v2\/categories?post=61263"},{"taxonomy":"post_tag","embeddable":true,"href":"https:\/\/catolicanet.net\/wp-cnet\/wp-json\/wp\/v2\/tags?post=61263"}],"curies":[{"name":"wp","href":"https:\/\/api.w.org\/{rel}","templated":true}]}}