{"id":61243,"date":"2020-08-07T14:07:21","date_gmt":"2020-08-07T17:07:21","guid":{"rendered":"https:\/\/catolicanet.net\/wp-cnet\/?p=61243"},"modified":"2020-08-05T16:08:27","modified_gmt":"2020-08-05T19:08:27","slug":"dia-dos-pais-e-celebrado-na-cancao-nova","status":"publish","type":"post","link":"https:\/\/catolicanet.net\/wp-cnet\/dia-dos-pais-e-celebrado-na-cancao-nova\/","title":{"rendered":"Dia dos Pais \u00e9 celebrado na Can\u00e7\u00e3o Nova"},"content":{"rendered":"<p style=\"text-align: justify;\"><em>Programa\u00e7\u00e3o especial com Kair\u00f3s sertanejo ter\u00e1 transmiss\u00e3o pelo Sistema Can\u00e7\u00e3o Nova de Comunica\u00e7\u00e3o<\/em><\/p>\n<p style=\"text-align: justify;\">Neste domingo (9), a Can\u00e7\u00e3o Nova em Cachoeira Paulista (SP), realizar\u00e1 o \u201cKair\u00f3s Can\u00e7\u00e3o Nova Sertaneja\u201d, em celebra\u00e7\u00e3o ao dia dos pais, que neste ano acontece sem a presen\u00e7a de fi\u00e9is para evitar o cont\u00e1gio da Covid-19. O Sistema Can\u00e7\u00e3o Nova de Comunica\u00e7\u00e3o, R\u00e1dio, TV e internet, transmitir\u00e1 todo o evento que tem como tema neste ano \u201cO Pai me ama\u201d (Jo 16,32b). A programa\u00e7\u00e3o tem in\u00edcio \u00e0s 8h, e contar\u00e1 com Adora\u00e7\u00e3o ao Sant\u00edssimo, com os mission\u00e1rios Adriano Moraes, padre Elenildo Pereira e com o m\u00fasico e pregador Eug\u00eanio Jorge, da Miss\u00e3o Mensagem Brasil.<\/p>\n<p style=\"text-align: justify;\">Em seguida, \u00e0s 9h20, prega\u00e7\u00e3o com os mission\u00e1rios Geraldo Galv\u00e3o e Paulo S\u00e9rgio Eleut\u00e9rio sobre o tema: \u201cA natureza proclama: Deus nos ama!\u201d (Dn 3,66-86), e o testemunho de Elias Junior, mission\u00e1rio e m\u00fasico da comunidade. Os momentos de m\u00fasica ficar\u00e3o por conta do grupo \u201cFam\u00edlia Viola\u201d, tocando sertanejo de raiz. Di\u00e1cono Nelsinho Corr\u00eaa tamb\u00e9m faz prega\u00e7\u00e3o \u00e0s 11h15, com tema: Meu Pai \u00e9 o agricultor! (Jo 15,1) e testemunho de Fagner Mendon\u00e7a.<\/p>\n<p style=\"text-align: justify;\">A missa de encerramento, \u00e0s 15h, no Santu\u00e1rio do Pai das Miseric\u00f3rdias, ser\u00e1 presidida por padre Elenildo Pereira.<\/p>\n<p style=\"text-align: justify;\">A TV Can\u00e7\u00e3o Nova est\u00e1 na Sky, canal 8; Oi TV 30; Claro TV 194; Vivo TV 233; pelo site:<a href=\"http:\/\/tv.cancaonova.com\/\"> tv.cancaonova.com<\/a>, redes sociais da TV Can\u00e7\u00e3o Nova, Facebook:<a href=\"https:\/\/www.facebook.com\/tvcancaonova\/\"> https:\/\/www.facebook.com\/tvcancaonova\/<\/a> e<a href=\"https:\/\/www.youtube.com\/watch?v=C_kvikdF7y8&amp;feature=emb_logo\"> TV Can\u00e7\u00e3o Nova Youtube<\/a>, ou baixando o canal pelo celular \u2013 TV Can\u00e7\u00e3o Nova, na \u201cPlayStore\u201d ou \u201cApp Store\u201d do aparelho.<\/p>\n<p style=\"text-align: justify;\">A r\u00e1dio tem os canais FM 96,3 e 89,1 em Cachoeira Paulista (SP), e pode ser ouvida por aplicativo &#8211; R\u00e1dio Can\u00e7\u00e3o Nova &#8211; ou pelo site<a href=\"https:\/\/radio.cancaonova.com\/\"> https:\/\/radio.cancaonova.com\/<\/a>, onde tamb\u00e9m se encontram os canais de outras cidades. <strong>Servi\u00e7o<\/strong><\/p>\n<p style=\"text-align: justify;\"><strong><em><u>Kair\u00f3s Can\u00e7\u00e3o Nova Sertaneja &#8211; tema: \u201cO Pai me ama\u201d (Jo 16,32b)<\/u><\/em><\/strong><\/p>\n<p style=\"text-align: justify;\"><strong>Dia: <\/strong>domingo, 9 de agosto de 2020<\/p>\n<p style=\"text-align: justify;\"><strong>Local: <\/strong>Can\u00e7\u00e3o Nova<\/p>\n<p style=\"text-align: justify;\"><strong>End.: <\/strong>Av. Jo\u00e3o Paulo II, s\/n\u00ba, Alto da Bela Vista, Cachoeira Paulista (SP) <strong>Entrada: <\/strong>Fechada &#8211; evento sem p\u00fablico<\/p>\n","protected":false},"excerpt":{"rendered":"<p>Programa\u00e7\u00e3o especial com Kair\u00f3s sertanejo ter\u00e1 transmiss\u00e3o pelo Sistema Can\u00e7\u00e3o Nova de Comunica\u00e7\u00e3o Neste domingo (9), a Can\u00e7\u00e3o Nova em Cachoeira Paulista (SP), realizar\u00e1 o \u201cKair\u00f3s Can\u00e7\u00e3o Nova Sertaneja\u201d, em celebra\u00e7\u00e3o ao dia dos pais, que neste ano acontece sem a presen\u00e7a de fi\u00e9is para evitar o cont\u00e1gio da Covid-19. O Sistema Can\u00e7\u00e3o Nova de [&hellip;]<\/p>\n","protected":false},"author":1,"featured_media":61244,"comment_status":"open","ping_status":"closed","sticky":false,"template":"","format":"standard","meta":{"footnotes":""},"categories":[4],"tags":[],"class_list":["post-61243","post","type-post","status-publish","format-standard","has-post-thumbnail","hentry","category-cotidiano"],"_links":{"self":[{"href":"https:\/\/catolicanet.net\/wp-cnet\/wp-json\/wp\/v2\/posts\/61243","targetHints":{"allow":["GET"]}}],"collection":[{"href":"https:\/\/catolicanet.net\/wp-cnet\/wp-json\/wp\/v2\/posts"}],"about":[{"href":"https:\/\/catolicanet.net\/wp-cnet\/wp-json\/wp\/v2\/types\/post"}],"author":[{"embeddable":true,"href":"https:\/\/catolicanet.net\/wp-cnet\/wp-json\/wp\/v2\/users\/1"}],"replies":[{"embeddable":true,"href":"https:\/\/catolicanet.net\/wp-cnet\/wp-json\/wp\/v2\/comments?post=61243"}],"version-history":[{"count":1,"href":"https:\/\/catolicanet.net\/wp-cnet\/wp-json\/wp\/v2\/posts\/61243\/revisions"}],"predecessor-version":[{"id":61245,"href":"https:\/\/catolicanet.net\/wp-cnet\/wp-json\/wp\/v2\/posts\/61243\/revisions\/61245"}],"wp:featuredmedia":[{"embeddable":true,"href":"https:\/\/catolicanet.net\/wp-cnet\/wp-json\/wp\/v2\/media\/61244"}],"wp:attachment":[{"href":"https:\/\/catolicanet.net\/wp-cnet\/wp-json\/wp\/v2\/media?parent=61243"}],"wp:term":[{"taxonomy":"category","embeddable":true,"href":"https:\/\/catolicanet.net\/wp-cnet\/wp-json\/wp\/v2\/categories?post=61243"},{"taxonomy":"post_tag","embeddable":true,"href":"https:\/\/catolicanet.net\/wp-cnet\/wp-json\/wp\/v2\/tags?post=61243"}],"curies":[{"name":"wp","href":"https:\/\/api.w.org\/{rel}","templated":true}]}}