{"id":61186,"date":"2020-08-05T08:36:40","date_gmt":"2020-08-05T11:36:40","guid":{"rendered":"https:\/\/catolicanet.net\/wp-cnet\/?p=61186"},"modified":"2020-08-05T12:38:15","modified_gmt":"2020-08-05T15:38:15","slug":"o-papa-convida-a-rezar-pelo-libano-neste-momento-tragico-e-doloroso","status":"publish","type":"post","link":"https:\/\/catolicanet.net\/wp-cnet\/o-papa-convida-a-rezar-pelo-libano-neste-momento-tragico-e-doloroso\/","title":{"rendered":"O Papa convida a rezar pelo L\u00edbano neste momento tr\u00e1gico e doloroso"},"content":{"rendered":"<div class=\"article__subTitle\" style=\"text-align: justify;\">Francisco convida a rezar pelas v\u00edtimas das explos\u00f5es no L\u00edbano e espera que com a ajuda da Comunidade internacional o pa\u00eds possa superar a grave crise que est\u00e1 atravessando.<\/div>\n<div class=\"title__separator\" style=\"text-align: justify;\"><\/div>\n<div class=\"article__text\">\n<p style=\"text-align: justify;\"><b>Mariangela Jaguraba &#8211; Vatican News<\/b><\/p>\n<p><iframe loading=\"lazy\" title=\"Papa convida a rezar pelo L\u00edbano neste momento tr\u00e1gico e doloroso\" width=\"696\" height=\"392\" src=\"https:\/\/www.youtube.com\/embed\/lv0ShZmewQ4?feature=oembed\" frameborder=\"0\" allow=\"accelerometer; autoplay; encrypted-media; gyroscope; picture-in-picture\" allowfullscreen><\/iframe><\/p>\n<p style=\"text-align: justify;\">No final da Audi\u00eancia Geral desta quarta-feira (05\/08), o Papa Francisco fez um apelo em prol do L\u00edbano, ap\u00f3s as explos\u00f5es ocorridas, nesta ter\u00e7a-feira (04\/08), na regi\u00e3o portu\u00e1ria de Beirute, capital do pa\u00eds, que causaram pelo menos cem mortos e quatro mil feridos. Este balan\u00e7o, ainda provis\u00f3rio, foi fornecido pela Cruz Vermelha Libanesa.<\/p>\n<div style=\"text-align: justify;\">\n<aside class=\"article__readmore\">\n<div class=\"teaser--labelEvidence teaser teaser--type-article \">\n<article>\n<div class=\"teaser__labelWrapper\"><\/div>\n<div class=\"teaser__contentWrapper\">\n<h2 class=\"teaser__title\"><span style=\"font-family: Verdana, Geneva, sans-serif; font-size: 15px; color: #222222;\">As equipes de resgate est\u00e3o trabalhando para retirar os corpos dos escombros. O Ministro da Sa\u00fade liban\u00eas pediu a todos os m\u00e9dicos e agentes de sa\u00fade para irem aos hospitais da capital a fim de ajudar os feridos.<\/span><\/h2>\n<\/div>\n<\/article>\n<\/div>\n<\/aside>\n<\/div>\n<p style=\"text-align: justify;\">Eis as palavras do Papa Francisco:<\/p>\n<p style=\"text-align: justify;\"><i>Ontem, em Beirute, na \u00e1rea portu\u00e1ria, fortes explos\u00f5es causaram dezenas de mortos e milhares de feridos, al\u00e9m de muitas destrui\u00e7\u00f5es graves. Rezemos pelas v\u00edtimas e suas fam\u00edlias; e rezemos pelo L\u00edbano, para que, com o compromisso de todos os seus componentes sociais, pol\u00edticos e religiosos, possa enfrentar este momento tr\u00e1gico e doloroso e, com a ajuda da Comunidade internacional, superar a grave crise que est\u00e1 atravessando.<\/i><\/p>\n<h2 style=\"text-align: justify;\">A aten\u00e7\u00e3o de Francisco pelo L\u00edbano<\/h2>\n<p style=\"text-align: justify;\">Em v\u00e1rias ocasi\u00f5es, o Papa voltou seu pensamento para o L\u00edbano que luta com uma dif\u00edcil crise econ\u00f4mica e social, agravada pela pandemia da Covid-19. Em maio passado, enviou 200 mil d\u00f3lares para a Nunciatura Apost\u00f3lica em Harissa a fim de apoiar 400 bolsas de estudo no pa\u00eds do Oriente M\u00e9dio, afligido por \u201cuma grave crise que est\u00e1 gerando sofrimento, pobreza e corre o risco de &#8216;roubar a esperan\u00e7a&#8217; especialmente das jovens gera\u00e7\u00f5es, que veem dif\u00edcil o seu presente e incerto o seu futuro\u201d. O Papa, l\u00ea-se na nota de maio passado, \u201ccom paternal solicitude\u201d continuou nos \u00faltimos meses acompanhando a situa\u00e7\u00e3o no amado L\u00edbano, definido por S\u00e3o Jo\u00e3o Paulo II como \u201cPa\u00eds Mensagem\u201d, lugar onde Bento XVI promulgou a Exorta\u00e7\u00e3o p\u00f3s-sinodal Ecclesia in Medio Oriente, e desde sempre exemplo de conviv\u00eancia e \u00a0fraternidade que o Documento para a Fraternidade Humana ofereceu ao mundo inteiro\u201d.<\/p>\n<\/div>\n","protected":false},"excerpt":{"rendered":"<p>Francisco convida a rezar pelas v\u00edtimas das explos\u00f5es no L\u00edbano e espera que com a ajuda da Comunidade internacional o pa\u00eds possa superar a grave crise que est\u00e1 atravessando. Mariangela Jaguraba &#8211; Vatican News No final da Audi\u00eancia Geral desta quarta-feira (05\/08), o Papa Francisco fez um apelo em prol do L\u00edbano, ap\u00f3s as explos\u00f5es [&hellip;]<\/p>\n","protected":false},"author":1,"featured_media":61187,"comment_status":"open","ping_status":"closed","sticky":false,"template":"","format":"standard","meta":{"footnotes":""},"categories":[3],"tags":[],"class_list":["post-61186","post","type-post","status-publish","format-standard","has-post-thumbnail","hentry","category-vaticano"],"_links":{"self":[{"href":"https:\/\/catolicanet.net\/wp-cnet\/wp-json\/wp\/v2\/posts\/61186","targetHints":{"allow":["GET"]}}],"collection":[{"href":"https:\/\/catolicanet.net\/wp-cnet\/wp-json\/wp\/v2\/posts"}],"about":[{"href":"https:\/\/catolicanet.net\/wp-cnet\/wp-json\/wp\/v2\/types\/post"}],"author":[{"embeddable":true,"href":"https:\/\/catolicanet.net\/wp-cnet\/wp-json\/wp\/v2\/users\/1"}],"replies":[{"embeddable":true,"href":"https:\/\/catolicanet.net\/wp-cnet\/wp-json\/wp\/v2\/comments?post=61186"}],"version-history":[{"count":1,"href":"https:\/\/catolicanet.net\/wp-cnet\/wp-json\/wp\/v2\/posts\/61186\/revisions"}],"predecessor-version":[{"id":61188,"href":"https:\/\/catolicanet.net\/wp-cnet\/wp-json\/wp\/v2\/posts\/61186\/revisions\/61188"}],"wp:featuredmedia":[{"embeddable":true,"href":"https:\/\/catolicanet.net\/wp-cnet\/wp-json\/wp\/v2\/media\/61187"}],"wp:attachment":[{"href":"https:\/\/catolicanet.net\/wp-cnet\/wp-json\/wp\/v2\/media?parent=61186"}],"wp:term":[{"taxonomy":"category","embeddable":true,"href":"https:\/\/catolicanet.net\/wp-cnet\/wp-json\/wp\/v2\/categories?post=61186"},{"taxonomy":"post_tag","embeddable":true,"href":"https:\/\/catolicanet.net\/wp-cnet\/wp-json\/wp\/v2\/tags?post=61186"}],"curies":[{"name":"wp","href":"https:\/\/api.w.org\/{rel}","templated":true}]}}