{"id":61133,"date":"2020-08-03T09:23:52","date_gmt":"2020-08-03T12:23:52","guid":{"rendered":"https:\/\/catolicanet.net\/wp-cnet\/?p=61133"},"modified":"2020-08-03T12:24:35","modified_gmt":"2020-08-03T15:24:35","slug":"live-organizada-pela-edicoes-cnbb-hoje-as-15h-abordara-o-mes-vocacional-no-brasil","status":"publish","type":"post","link":"https:\/\/catolicanet.net\/wp-cnet\/live-organizada-pela-edicoes-cnbb-hoje-as-15h-abordara-o-mes-vocacional-no-brasil\/","title":{"rendered":"Live organizada pela Edi\u00e7\u00f5es CNBB hoje, \u00e0s 15h, abordar\u00e1 o M\u00eas Vocacional no Brasil"},"content":{"rendered":"<p style=\"text-align: justify;\">Comiss\u00e3o Episcopal Pastoral para os Minist\u00e9rios Ordenados e a Vida Consagrada da Confer\u00eancia Nacional dos Bispos do Brasil (CNBB) em parceria com a Edi\u00e7\u00f5es CNBB, a Pastoral Vocacional, a Pastoral Familiar e a Confer\u00eancia dos Religiosos do Brasil (CRB) preparou uma programa\u00e7\u00e3o especial durante o m\u00eas de agosto para juntos, toda Igreja no Brasil, rezar pelo despertar das voca\u00e7\u00f5es.<\/p>\n<p style=\"text-align: justify;\">\u201cAmados e chamados por Deus\u201d (Chv, 112) \u00e9 o tema que inspira e faz reconhecer que cada ser humano \u00e9 amado por Deus, chamado pelo Pai e enviado a viver de forma plena a sua voca\u00e7\u00e3o, como crist\u00e3os, de diferentes maneiras, na pr\u00f3pria Igreja e na sociedade. O lema escolhido para a viv\u00eancia do m\u00eas \u00e9\u00a0<em>\u201c\u00c9s precioso aos meus olhos. Eu te amo\u201d\u00a0<\/em>\u00a0(Is 43,1-5). Clique (<a href=\"https:\/\/www.cnbb.org.br\/wp-content\/uploads\/sites\/32\/2020\/06\/CartazMesVocacional.pdf\">aqui<\/a>) e baixe o cartaz do M\u00eas Vocacional 2020.<\/p>\n<p style=\"text-align: justify;\">Esta primeira semana do m\u00eas vocacional, de 2 a 8 de agosto, \u00e9 dedicada \u00e0s voca\u00e7\u00f5es dos di\u00e1conos, presb\u00edteros e bispos (minist\u00e9rios ordenados).\u00a0Hoje, 3 de agosto, \u00e0s 15h, haver\u00e1 uma live em parceria com a Editora da CNBB, a Edi\u00e7\u00f5es CNBB, com o tema \u201cAmados e chamados por Deus\u201d.<\/p>\n<p style=\"text-align: justify;\">A iniciativa buscar\u00e1 abordar a import\u00e2ncia do M\u00eas Vocacional, e contar\u00e1 com a participa\u00e7\u00e3o de dom Jos\u00e9 Albuquerque de Ara\u00fajo, padre Jos\u00e9 Alir Moreira e padre Juarez Albino Destro.<\/p>\n<p style=\"text-align: justify;\">J\u00e1 no dia 05 de agosto, \u00e0s 15h30, haver\u00e1 o ter\u00e7o vocacional dedicado \u00e0s voca\u00e7\u00f5es dos di\u00e1conos, presb\u00edteros e bispos. A iniciativa ser\u00e1 transmitida, ao vivo, pela TV Aparecida e demais emissoras cat\u00f3licas.<\/p>\n<p style=\"text-align: justify;\">Assista a live no link abaixo:<\/p>\n<div class=\"epyt-video-wrapper fluid-width-video-wrapper\" style=\"text-align: justify;\"><iframe id=\"fitvid286258\" class=\"__youtube_prefs__  epyt-is-override  no-lazyload\" src=\"https:\/\/www.youtube.com\/embed\/S4UqxtNryMo?enablejsapi=1&amp;rel=0&amp;modestbranding=1&amp;autoplay=0&amp;cc_load_policy=0&amp;iv_load_policy=1&amp;loop=0&amp;fs=1&amp;playsinline=0&amp;autohide=2&amp;theme=dark&amp;color=red&amp;controls=1&amp;\" allowfullscreen=\"allowfullscreen\" data-mce-fragment=\"1\"><\/iframe><\/div>\n","protected":false},"excerpt":{"rendered":"<p>Comiss\u00e3o Episcopal Pastoral para os Minist\u00e9rios Ordenados e a Vida Consagrada da Confer\u00eancia Nacional dos Bispos do Brasil (CNBB) em parceria com a Edi\u00e7\u00f5es CNBB, a Pastoral Vocacional, a Pastoral Familiar e a Confer\u00eancia dos Religiosos do Brasil (CRB) preparou uma programa\u00e7\u00e3o especial durante o m\u00eas de agosto para juntos, toda Igreja no Brasil, rezar [&hellip;]<\/p>\n","protected":false},"author":1,"featured_media":61134,"comment_status":"open","ping_status":"closed","sticky":false,"template":"","format":"standard","meta":{"footnotes":""},"categories":[7],"tags":[],"class_list":["post-61133","post","type-post","status-publish","format-standard","has-post-thumbnail","hentry","category-cnbb"],"_links":{"self":[{"href":"https:\/\/catolicanet.net\/wp-cnet\/wp-json\/wp\/v2\/posts\/61133","targetHints":{"allow":["GET"]}}],"collection":[{"href":"https:\/\/catolicanet.net\/wp-cnet\/wp-json\/wp\/v2\/posts"}],"about":[{"href":"https:\/\/catolicanet.net\/wp-cnet\/wp-json\/wp\/v2\/types\/post"}],"author":[{"embeddable":true,"href":"https:\/\/catolicanet.net\/wp-cnet\/wp-json\/wp\/v2\/users\/1"}],"replies":[{"embeddable":true,"href":"https:\/\/catolicanet.net\/wp-cnet\/wp-json\/wp\/v2\/comments?post=61133"}],"version-history":[{"count":1,"href":"https:\/\/catolicanet.net\/wp-cnet\/wp-json\/wp\/v2\/posts\/61133\/revisions"}],"predecessor-version":[{"id":61135,"href":"https:\/\/catolicanet.net\/wp-cnet\/wp-json\/wp\/v2\/posts\/61133\/revisions\/61135"}],"wp:featuredmedia":[{"embeddable":true,"href":"https:\/\/catolicanet.net\/wp-cnet\/wp-json\/wp\/v2\/media\/61134"}],"wp:attachment":[{"href":"https:\/\/catolicanet.net\/wp-cnet\/wp-json\/wp\/v2\/media?parent=61133"}],"wp:term":[{"taxonomy":"category","embeddable":true,"href":"https:\/\/catolicanet.net\/wp-cnet\/wp-json\/wp\/v2\/categories?post=61133"},{"taxonomy":"post_tag","embeddable":true,"href":"https:\/\/catolicanet.net\/wp-cnet\/wp-json\/wp\/v2\/tags?post=61133"}],"curies":[{"name":"wp","href":"https:\/\/api.w.org\/{rel}","templated":true}]}}