{"id":61078,"date":"2020-07-31T08:32:52","date_gmt":"2020-07-31T11:32:52","guid":{"rendered":"https:\/\/catolicanet.net\/wp-cnet\/?p=61078"},"modified":"2020-07-31T09:34:10","modified_gmt":"2020-07-31T12:34:10","slug":"preposito-geral-dos-jesuitas-uma-das-vitimas-da-pandemia-pode-ser-a-democracia","status":"publish","type":"post","link":"https:\/\/catolicanet.net\/wp-cnet\/preposito-geral-dos-jesuitas-uma-das-vitimas-da-pandemia-pode-ser-a-democracia\/","title":{"rendered":"Prep\u00f3sito Geral dos Jesu\u00edtas: uma das v\u00edtimas da pandemia pode ser a democracia"},"content":{"rendered":"<div class=\"article__subTitle\" style=\"text-align: justify;\">No dia em que a Igreja recorda Santo In\u00e1cio de Loyola, o Prep\u00f3sito Geral da Companhia de Jesus, padre Arturo Sosa, fala da miss\u00e3o dos Jesu\u00edtas no mundo transformado pela pandemia: a tenta\u00e7\u00e3o de autoritarismos \u00e9 um risco real, temos a ocasi\u00e3o de refor\u00e7ar a fraternidade<\/div>\n<div class=\"title__separator\" style=\"text-align: justify;\"><\/div>\n<div class=\"article__text\">\n<p style=\"text-align: justify;\"><b>Antonella Palermo \u2013 Vatican News<\/b><\/p>\n<p style=\"text-align: justify;\">O mundo &#8220;distanciado\u201d, o medo de um v\u00edrus que n\u00e3o desaparece e que em muitas partes se espalha, o risco de personalismos pol\u00edticos em um momento em que a b\u00fassola orientada para o bem de todos \u00e9 fundamental. Tamb\u00e9m o esfor\u00e7o para proteger os fr\u00e1geis, os que a Covid n\u00e3o poupa, mas que t\u00eam pouca ou nenhuma chance de se protegerem adequadamente, como os migrantes, por exemplo. A mais alta autoridade da Companhia de Jesus, o padre venezuelano\u00a0<b>Arturo Sosa<\/b>, faz uma reflex\u00e3o geral com a\u00a0<i>R\u00e1dio Vaticano &#8211; Vatican News<\/i>\u00a0no dia em que a Igreja celebra o fundador\u00a0<a href=\"https:\/\/www.vaticannews.va\/pt\/santo-do-dia.html\" target=\"_blank\" rel=\"noopener noreferrer\">Santo In\u00e1cio<\/a>. O parecer do Prep\u00f3sito Geral abrange toda a miss\u00e3o conduzida pela Ordem, sobre as pedras angulares da espiritualidade que continuam sendo um farol, e sobre os acontecimentos atuais mais urgentes, o papel desempenhado pela Companhia na prova\u00e7\u00e3o do coronav\u00edrus:<\/p>\n<div style=\"text-align: justify;\">\n<div class=\"article__embed article__embed--unwrap article__embed--dark\">\n<div class=\"article__innerTitle\">Ou\u00e7a e compartilhe!<\/div>\n<div>\n<!--[if lt IE 9]><script>document.createElement('audio');<\/script><![endif]-->\n<audio class=\"wp-audio-shortcode\" id=\"audio-61078-1\" preload=\"none\" style=\"width: 100%;\" controls=\"controls\"><source type=\"audio\/mpeg\" src=\"https:\/\/media.vaticannews.va\/media\/audio\/s1\/2020\/07\/31\/10\/135671485_F135671485.mp3?_=1\" \/><a href=\"https:\/\/media.vaticannews.va\/media\/audio\/s1\/2020\/07\/31\/10\/135671485_F135671485.mp3\">https:\/\/media.vaticannews.va\/media\/audio\/s1\/2020\/07\/31\/10\/135671485_F135671485.mp3<\/a><\/audio>\n<\/div>\n<\/div>\n<\/div>\n<p style=\"text-align: justify;\"><b>Entrevista:<\/b><\/p>\n<p style=\"text-align: justify;\"><b>Padre Arturo Sosa:<\/b>\u00a0Na miss\u00e3o, experimentamos as mesmas prova\u00e7\u00f5es vividas pelas popula\u00e7\u00f5es afetadas. E, sobretudo, experimentamos as consequ\u00eancias sociais desta epidemia. Gostaria de me deter sobre isso porque, sim, a epidemia certamente \u00e9 um problema de sa\u00fade, que talvez seja superado, mas as consequ\u00eancias sociais, econ\u00f4micas e pol\u00edticas s\u00e3o realmente algo a ser levado muito a s\u00e9rio. Tentamos entender, antes de tudo, como podemos continuar a servir os mais necessitados neste contexto. H\u00e1 muitas experi\u00eancias. Por exemplo, a das Prov\u00edncias da Companhia de Jesus na \u00cdndia, no Sul da \u00c1sia. Todas se asseguraram de que os alimentos e medicamentos fossem entregues de forma muito generosa \u00e0s pessoas que n\u00e3o s\u00e3o capazes de prover por si mesmas. Ali entendemos que n\u00e3o se pode curar a si mesmo sem curar os outros, e vice-versa. H\u00e1 muitas experi\u00eancias de acompanhamento, tanto pessoais como sociais, que foram feitas &#8211; e, claro, n\u00e3o se trata apenas de celebrar missas nas redes sociais, mas de estar presente na vida das pessoas com todos os meios que temos \u00e0 nossa disposi\u00e7\u00e3o neste momento. Foi uma experi\u00eancia muito complexa e muito interessante, que merece ser avaliada ao longo do tempo. Devo dizer tamb\u00e9m que a experi\u00eancia vivida \u00e9 uma confirma\u00e7\u00e3o do discernimento na miss\u00e3o recebida atrav\u00e9s das prefer\u00eancias apost\u00f3licas universais. Escolhemos quatro prefer\u00eancias aprovadas pelo Papa, que nos colocam no centro do que deve ser feito agora, no contexto da pandemia: ver que Deus pode nos mostrar como devemos caminhar, transformar estruturas sociais claramente injustas, cuidar da cria\u00e7\u00e3o e ouvir os jovens que s\u00e3o a semente da esperan\u00e7a para o futuro.<\/p>\n<div style=\"text-align: justify;\">\n<div class=\"article__embed article__embed--border embed_style\">\n<blockquote><p>\u201cV\u00e1rios pa\u00edses exploraram esta pandemia para mudar a pol\u00edtica migrat\u00f3ria, o que \u00e9 um enorme erro se considerarmos que queremos um mundo mais fraterno e justo\u201d<\/p><\/blockquote>\n<\/div>\n<\/div>\n<p style=\"text-align: justify;\"><i>Ent\u00e3o, a pandemia como uma oportunidade para repensar as escolhas pol\u00edticas em algumas regi\u00f5es do mundo?<\/i><\/p>\n<p style=\"text-align: justify;\"><b>Pe. Sosa:<\/b>\u00a0Em todas as regi\u00f5es do mundo. Tenho dito muitas vezes que uma das v\u00edtimas da pandemia pode ser a democracia se n\u00e3o cuidarmos de nossa condi\u00e7\u00e3o pol\u00edtica. Neste momento, por exemplo, tomar o caminho do autoritarismo \u00e9 a grande tenta\u00e7\u00e3o de muitos governos, incluindo os chamados governos democr\u00e1ticos. Sabe-se que a Companhia de Jesus est\u00e1 muito empenhada em acompanhar os migrantes. V\u00e1rios pa\u00edses exploraram esta pandemia para mudar a pol\u00edtica migrat\u00f3ria no sentido de restringir a passagem de migrantes ou o recebimento de migrantes, o que \u00e9 um grande erro se considerarmos que queremos tornar o mundo mais fraterno e justo. Neste momento, discriminar novamente os migrantes seria, e \u00e9, um grande perigo e seria um sinal de um mundo que n\u00e3o queremos. Tamb\u00e9m em mat\u00e9ria de trabalho, h\u00e1 muitas empresas que aproveitam esta oportunidade para demitir trabalhadores ou reduzir os sal\u00e1rios ou n\u00e3o pagar o que t\u00eam a pagar ou reduzir os benef\u00edcios de sa\u00fade p\u00fablica&#8230; A pandemia \u00e9 uma oportunidade de dar passos para frente ou para tr\u00e1s. E devemos estar muito conscientes disso, como Igreja Cat\u00f3lica e como pessoas comprometidas com a justi\u00e7a e a paz, para construir uma sociedade mais acolhedora e mais democr\u00e1tica.<\/p>\n<p style=\"text-align: justify;\"><i>Qual \u00e9 o crit\u00e9rio essencial que Santo In\u00e1cio de Loyola sugeriria seguir para o bem maior neste momento t\u00e3o preocupante para todo o mundo?<\/i><\/p>\n<p style=\"text-align: justify;\"><b>Pe. Sosa:<\/b>\u00a0Certamente, a proximidade com os pobres \u00e9 um crit\u00e9rio muito importante. Se n\u00e3o somos capazes de olhar o mundo de perto, compartilhando o olhar dos pobres, que \u00e9 o olhar de Jesus na Cruz, ent\u00e3o estamos errados na tomada de decis\u00f5es. Este \u00e9 um crit\u00e9rio muito claro. Se os pobres n\u00e3o podem ser atendidos, n\u00e3o podem ter um emprego, ent\u00e3o o mundo n\u00e3o est\u00e1 bem. Ainda, um crit\u00e9rio que surgiu neste tempo \u00e9 o cuidado com a casa comum. Se a terra sofre, n\u00e3o podemos habit\u00e1-la.<\/p>\n<p style=\"text-align: justify;\"><i>E a Am\u00e9rica Latina, sua p\u00e1tria, onde a for\u00e7a contagiosa do v\u00edrus ainda \u00e9 t\u00e3o mortal&#8230;<\/i><\/p>\n<p style=\"text-align: justify;\"><b>Pe. Sosa:<\/b>\u00a0Sinto uma grande dor ao ver o quanto a pandemia atinge nossos povos. Estou muito preocupado porque n\u00e3o existem estruturas sociais ou pol\u00edticas que possam realmente lidar com esta emerg\u00eancia. Tenho um profundo desejo de que aproveitem esta oportunidade para ver quais mudan\u00e7as precisam ser feitas nas estruturas para garantir um futuro melhor para todos os latino-americanos.<\/p>\n<p style=\"text-align: justify;\"><i>De um ponto de vista mais geral, quais as pedras angulares da espiritualidade inaciana s\u00e3o mais urgentes na miss\u00e3o atual da Ordem:<\/i><\/p>\n<p style=\"text-align: justify;\"><b>Pe. Sosa:<\/b>\u00a0O cora\u00e7\u00e3o da experi\u00eancia inaciana, e portanto da espiritualidade, \u00e9 o encontro pessoal e profundo com Jesus Cristo, o Crucificado Ressuscitado, que nos leva a uma tal familiaridade com Deus que somos capazes de encontr\u00e1-lo em tudo e em todos os momentos. O encontro com Jesus Cristo torna-se uma experi\u00eancia libertadora justamente por isso, porque se adquire essa liberdade interior como condi\u00e7\u00e3o para ser guiado pelo Esp\u00edrito, ou seja, disponibilidade plena para fazer somente o que Deus quer, sem se apegar a qualquer pessoa, lugar ou institui\u00e7\u00e3o. Portanto, familiaridade com Deus, que significa uma vida verdadeiramente de ora\u00e7\u00e3o e servi\u00e7o, e ser livre, ou seja, disposto a fazer o que deve ser feito. Muito importante \u00e9 o Exame, talvez uma das caracter\u00edsticas menos conhecidas da espiritualidade inaciana, para examinar como forma de agradecer ao Senhor por sua manifesta\u00e7\u00e3o na hist\u00f3ria, conseguindo ser guiado pelo Esp\u00edrito, completamente atento a esta orienta\u00e7\u00e3o que \u00e9 uma exig\u00eancia da vida baseada no discernimento na miss\u00e3o.<\/p>\n<p style=\"text-align: justify;\"><i>Refere-se ao Exame de Consci\u00eancia&#8230;<\/i><\/p>\n<p style=\"text-align: justify;\"><b>Pe. Sosa:<\/b>\u00a0Exatamente, exame que Santo In\u00e1cio recomenda fazer pelo menos duas vezes ao dia, mas tamb\u00e9m em hor\u00e1rios especiais durante o dia. N\u00e3o se deve desligar a conex\u00e3o entre a vida comum e a vida no esp\u00edrito. N\u00e3o se pode separar a vida espiritual do trabalho, tudo deve caminhar junto, caso contr\u00e1rio, n\u00e3o funciona. Ao longo dos anos, tenho lutado para encontrar uma palavra que colocasse vida e miss\u00e3o juntas. Elas n\u00e3o s\u00e3o duas coisas que podem ser separadas.<\/p>\n<p style=\"text-align: justify;\"><i>Com rela\u00e7\u00e3o \u00e0 colabora\u00e7\u00e3o leigos e Jesu\u00edtas, quais s\u00e3o os cen\u00e1rios que se apresentam hoje?<\/i><\/p>\n<p style=\"text-align: justify;\"><b>Pe. Sosa:<\/b>\u00a0Recordemos que In\u00e1cio escreveu os Exerc\u00edcios Espirituais quando era leigo e que a experi\u00eancia dos Exerc\u00edcios \u00e9 leiga. Ele n\u00e3o era um padre. Depois disso que ele se tornou padre, quando viu que era a melhor maneira de fazer um servi\u00e7o \u00e0 Igreja naquela \u00e9poca. Toda a experi\u00eancia de convers\u00e3o foi para ele encontrar um m\u00e9todo, um m\u00e9todo feito por um leigo, cuja partilha inicial foi com os leigos. Para mim hoje \u00e9 uma grande alegria ver como a espiritualidade inaciana se expande no povo de Deus e como se multiplicam as pessoas capazes de acompanhar os outros neste caminho. Queremos realmente dar a este aspecto uma import\u00e2ncia especial em nosso trabalho como jesu\u00edtas. Queremos tentar transmitir esta experi\u00eancia ao maior n\u00famero de pessoas poss\u00edvel. Conhe\u00e7o dezenas de leigos verdadeiramente experientes nos Exerc\u00edcios Espirituais que podem acompanhar os outros e cujas vidas foram transformadas e hoje s\u00f3 agradecem ao Senhor. Os Exerc\u00edcios Espirituais n\u00e3o encontram barreiras sociais: por exemplo, nas favelas da Am\u00e9rica Latina, fazer os Exerc\u00edcios na vida di\u00e1ria \u00e9 um dom do Senhor.<\/p>\n<p style=\"text-align: justify;\"><i>Como est\u00e3o as voca\u00e7\u00f5es para a vida religiosa jesu\u00edta e o processo de forma\u00e7\u00e3o para entrar na Companhia?<\/i><\/p>\n<p style=\"text-align: justify;\"><b>Pe. Sosa:<\/b>\u00a0O problema n\u00e3o \u00e9 o n\u00famero, mas a qualidade das pessoas. Depende de onde estamos. O n\u00famero diminui em pa\u00edses onde tradicionalmente \u00e9ramos mais numerosos, como a Europa, a Am\u00e9rica do Norte. Entretanto, a qualidade \u00e9 muito alta, posso garantir, mesmo que sejamos menos do que no passado. Temos um grande n\u00famero de candidatos na \u00c1frica e em algumas \u00e1reas da \u00c1sia e fazemos o grande esfor\u00e7o para uma forma\u00e7\u00e3o que \u00e9 o que sempre se sonhou para um jesu\u00edta. \u00c9 uma forma\u00e7\u00e3o longa, complexa e exigente, que se mant\u00e9m inalterada.<\/p>\n<p style=\"text-align: justify;\"><i>Santo In\u00e1cio n\u00e3o pensou em um ramo feminino da Companhia?<\/i><\/p>\n<p style=\"text-align: justify;\"><b>Pe. Sosa:<\/b>\u00a0A Ordem \u00e9 o que ela \u00e9, mas a espiritualidade ilumina muitas outras realidades religiosas. Hoje, em nossas escolas, em nossos centros de espiritualidade e forma\u00e7\u00e3o, em nossos centros sociais, um grande n\u00famero de mulheres participa em n\u00edvel gerencial, como inspiradoras de algumas atividades, compartilham a espiritualidade e nossa miss\u00e3o. N\u00e3o h\u00e1 mulheres jesu\u00edtas, mas trabalhamos juntos na mesma miss\u00e3o.<\/p>\n<\/div>\n","protected":false},"excerpt":{"rendered":"<p>No dia em que a Igreja recorda Santo In\u00e1cio de Loyola, o Prep\u00f3sito Geral da Companhia de Jesus, padre Arturo Sosa, fala da miss\u00e3o dos Jesu\u00edtas no mundo transformado pela pandemia: a tenta\u00e7\u00e3o de autoritarismos \u00e9 um risco real, temos a ocasi\u00e3o de refor\u00e7ar a fraternidade Antonella Palermo \u2013 Vatican News O mundo &#8220;distanciado\u201d, o [&hellip;]<\/p>\n","protected":false},"author":1,"featured_media":61079,"comment_status":"open","ping_status":"closed","sticky":false,"template":"","format":"standard","meta":{"footnotes":""},"categories":[3],"tags":[],"class_list":["post-61078","post","type-post","status-publish","format-standard","has-post-thumbnail","hentry","category-vaticano"],"_links":{"self":[{"href":"https:\/\/catolicanet.net\/wp-cnet\/wp-json\/wp\/v2\/posts\/61078","targetHints":{"allow":["GET"]}}],"collection":[{"href":"https:\/\/catolicanet.net\/wp-cnet\/wp-json\/wp\/v2\/posts"}],"about":[{"href":"https:\/\/catolicanet.net\/wp-cnet\/wp-json\/wp\/v2\/types\/post"}],"author":[{"embeddable":true,"href":"https:\/\/catolicanet.net\/wp-cnet\/wp-json\/wp\/v2\/users\/1"}],"replies":[{"embeddable":true,"href":"https:\/\/catolicanet.net\/wp-cnet\/wp-json\/wp\/v2\/comments?post=61078"}],"version-history":[{"count":1,"href":"https:\/\/catolicanet.net\/wp-cnet\/wp-json\/wp\/v2\/posts\/61078\/revisions"}],"predecessor-version":[{"id":61080,"href":"https:\/\/catolicanet.net\/wp-cnet\/wp-json\/wp\/v2\/posts\/61078\/revisions\/61080"}],"wp:featuredmedia":[{"embeddable":true,"href":"https:\/\/catolicanet.net\/wp-cnet\/wp-json\/wp\/v2\/media\/61079"}],"wp:attachment":[{"href":"https:\/\/catolicanet.net\/wp-cnet\/wp-json\/wp\/v2\/media?parent=61078"}],"wp:term":[{"taxonomy":"category","embeddable":true,"href":"https:\/\/catolicanet.net\/wp-cnet\/wp-json\/wp\/v2\/categories?post=61078"},{"taxonomy":"post_tag","embeddable":true,"href":"https:\/\/catolicanet.net\/wp-cnet\/wp-json\/wp\/v2\/tags?post=61078"}],"curies":[{"name":"wp","href":"https:\/\/api.w.org\/{rel}","templated":true}]}}