{"id":61060,"date":"2020-07-30T09:23:35","date_gmt":"2020-07-30T12:23:35","guid":{"rendered":"https:\/\/catolicanet.net\/wp-cnet\/?p=61060"},"modified":"2020-07-30T16:24:23","modified_gmt":"2020-07-30T19:24:23","slug":"um-suspiro-de-alivio-igreja-no-zimbabue-agradecida-pelas-ajudas-do-fundo-covid-19-criado-pelo-papa","status":"publish","type":"post","link":"https:\/\/catolicanet.net\/wp-cnet\/um-suspiro-de-alivio-igreja-no-zimbabue-agradecida-pelas-ajudas-do-fundo-covid-19-criado-pelo-papa\/","title":{"rendered":"&#8220;Um suspiro de al\u00edvio&#8221;: Igreja no Zimb\u00e1bue agradecida pelas ajudas do Fundo Covid-19 criado pelo Papa"},"content":{"rendered":"<p style=\"text-align: justify;\">&#8220;A Igreja do Zimb\u00e1bue solicitou assist\u00eancia a v\u00e1rias organiza\u00e7\u00f5es internacionais para responder aos desafios colocados pela Covid 19 e recebeu, entre outras, ajuda do Fundo de Emerg\u00eancia das Pontif\u00edcias Obras Mission\u00e1rias&#8221;\u00a0 (AFP or licensors)<\/p>\n<div class=\"article__subTitle\" style=\"text-align: justify;\">As terras de miss\u00e3o continuam a pedir &#8211; e receber &#8211; as ajudas do Fundo Emerg\u00eancia Covid-19 criado pelo Papa Francisco em abril, junto \u00e0s Pontif\u00edcias Obras Mission\u00e1rias. Desta vez, a beneficiada \u00e9 a Igreja no Zimb\u00e1bwe, que ganhou um f\u00f4lego para continuar a assistir a popula\u00e7\u00e3o local fornecendo alimentos, materias de prote\u00e7\u00e3o individual, forma\u00e7\u00e3o, entre outros.<\/div>\n<div class=\"title__separator\" style=\"text-align: justify;\"><\/div>\n<div class=\"article__text\">\n<p style=\"text-align: justify;\"><b>Vatican News<\/b><\/p>\n<p style=\"text-align: justify;\">\u201cO Zimb\u00e1bue \u00e9 um pa\u00eds agr\u00edcola com 14 milh\u00f5es de habitantes, localizado no sul da \u00c1frica. Sofreu uma seca devastadora em 2018\/2019, que causou um sofrimento indescrit\u00edvel para a popula\u00e7\u00e3o que depende da agricultura para sobreviver. Em mar\u00e7o de 2019, o ciclone Idai atingiu algumas partes do pa\u00eds, o que fez com que milhares de pessoas fossem deslocadas e as colheitas dos campos que estavam quase prontas para a colheita foram destru\u00eddas&#8221;.<\/p>\n<p style=\"text-align: justify;\">Com estas palavras, o padre Simplisio Manyika, O.Carm, diretor nacional das Pontif\u00edcias Obras Mission\u00e1rias (POM) no Zimb\u00e1bue, descreveu a situa\u00e7\u00e3o do pa\u00eds \u00e0 Ag\u00eancia Fides. Quando os habitantes estavam come\u00e7ando a se recuperar, apareceu a pandemia de coronav\u00edrus.<\/p>\n<p style=\"text-align: justify;\">\u201cA chegada da Covid-19 foi um choque para nossas unidades de sa\u00fade. A introdu\u00e7\u00e3o do bloqueio trouxe ainda mais sofrimento aos pobres\u201d, observa pe. Simplisio, enfatizando que o fechamento das igrejas privou as pessoas de alimento espiritual exatamente quando elas mais precisavam. Al\u00e9m disso, par\u00f3quias e dioceses que vivem das ofertas dos fi\u00e9is, ficaram sem recursos. Com o bloqueio, os agricultores n\u00e3o podem vender seus produtos agr\u00edcolas, os comerciantes n\u00e3o t\u00eam fontes de renda, muitos habitantes que trabalhavam no exterior e que enviavam seus ganhos para sua terra natal, foram expulsos ou tiveram que retornar. &#8220;Muitas pessoas t\u00eam dificuldades para levar a vida adiante e lutam para lidar com as necessidades di\u00e1rias&#8221;, observa o sacerdote.<\/p>\n<p style=\"text-align: justify;\">&#8220;Nesse contexto, a Igreja do Zimb\u00e1bue solicitou assist\u00eancia a v\u00e1rias organiza\u00e7\u00f5es internacionais para responder aos desafios colocados pela Covid 19 e recebeu, entre outras, ajuda do Fundo de Emerg\u00eancia das Pontif\u00edcias Obras Mission\u00e1rias&#8221;, recorda padre Simplicio, explicando que parte dos fundos ser\u00e1 usada para responder \u00e0 pandemia de Covid-19 por meio da Comiss\u00e3o de Sa\u00fade presente em cada diocese e outros fundos servir\u00e3o para alimentar os famintos que aumentam dia a dia.<\/p>\n<p style=\"text-align: justify;\">&#8220;Algumas iniciativas vieram da Comiss\u00e3o para a Educa\u00e7\u00e3o Cat\u00f3lica, que est\u00e1 fornecendo \u00e0s escolas que deles t\u00eam necessidade, recipientes com \u00e1gua para as medidas de higiene e term\u00f4metros para medir a temperatura. A Comiss\u00e3o de Sa\u00fade est\u00e1 instruindo o pessoal de sa\u00fade cat\u00f3lico sobre as maneiras apropriadas para responder a essa pandemia, inclusive fornecendo equipamentos de prote\u00e7\u00e3o individual. A\u00a0<i>Caritas<\/i>\u00a0Zimbabwe tamb\u00e9m est\u00e1 percorrendo o pa\u00eds para doar ajuda alimentar aos necessitados.&#8221;<\/p>\n<p style=\"text-align: justify;\">A esse respeito, o diretor nacional das POM cita um epis\u00f3dio significativo. \u201cRecentemente, houve a distribui\u00e7\u00e3o de pacotes de alimentos pela Igreja em uma das par\u00f3quias mais pobres da Diocese de Harare. A distribui\u00e7\u00e3o ocorreu na igreja paroquial cat\u00f3lica, mas abrangeu toda a comunidade, pessoas de v\u00e1rias religi\u00f5es, e a lideran\u00e7a pol\u00edtica da comunidade estava presente para testemunhar. O p\u00e1roco ajudou a distribuir a comida, para durar tr\u00eas meses, a oitenta fam\u00edlias. Todas as pessoas ficaram muito tocadas pelo fato de a Igreja Cat\u00f3lica n\u00e3o fazer discrimina\u00e7\u00e3o. Os l\u00edderes pol\u00edticos ficaram sem palavras pela gratid\u00e3o e acabaram incentivando os presentes a aprender &#8216;da Igreja M\u00e3e&#8217;, como disse um pol\u00edtico que n\u00e3o \u00e9 cat\u00f3lico. Este \u00e9 apenas um simples exemplo de como a caridade e a evangeliza\u00e7\u00e3o s\u00e3o os dois lados da mesma moeda&#8221;.<\/p>\n<p style=\"text-align: justify;\">O padre Simplisio observa que, por meio dessas ajudas, as dioceses podem finalmente dar &#8220;um suspiro de al\u00edvio&#8221;. Al\u00e9m disso, a ajuda do Fundo de Emerg\u00eancia das POM &#8220;abriu os olhos das pessoas, que agora entendem como \u00e9 importante compartilhar o pouco que t\u00eam com aqueles que n\u00e3o t\u00eam nada&#8221;.<\/p>\n<p style=\"text-align: justify;\">Algumas dioceses iniciaram um programa de parceria entre par\u00f3quias urbanas com par\u00f3quias rurais pobres: as par\u00f3quias urbanas recolhem alimentos e ofertas e as enviam para a par\u00f3quia rural geminada. &#8220;O Fundo de Emerg\u00eancia que recebemos nos ajudar\u00e1 a aliviar o sofrimento dos pobres no Zimb\u00e1bue&#8221;, conclui o diretor nacional das POM.<\/p>\n<p style=\"text-align: justify;\">\u00a0(SL &#8211; Ag\u00eancia Fides)<\/p>\n<\/div>\n","protected":false},"excerpt":{"rendered":"<p>&#8220;A Igreja do Zimb\u00e1bue solicitou assist\u00eancia a v\u00e1rias organiza\u00e7\u00f5es internacionais para responder aos desafios colocados pela Covid 19 e recebeu, entre outras, ajuda do Fundo de Emerg\u00eancia das Pontif\u00edcias Obras Mission\u00e1rias&#8221;\u00a0 (AFP or licensors) As terras de miss\u00e3o continuam a pedir &#8211; e receber &#8211; as ajudas do Fundo Emerg\u00eancia Covid-19 criado pelo Papa Francisco [&hellip;]<\/p>\n","protected":false},"author":1,"featured_media":61061,"comment_status":"open","ping_status":"closed","sticky":false,"template":"","format":"standard","meta":{"footnotes":""},"categories":[3],"tags":[],"class_list":["post-61060","post","type-post","status-publish","format-standard","has-post-thumbnail","hentry","category-vaticano"],"_links":{"self":[{"href":"https:\/\/catolicanet.net\/wp-cnet\/wp-json\/wp\/v2\/posts\/61060","targetHints":{"allow":["GET"]}}],"collection":[{"href":"https:\/\/catolicanet.net\/wp-cnet\/wp-json\/wp\/v2\/posts"}],"about":[{"href":"https:\/\/catolicanet.net\/wp-cnet\/wp-json\/wp\/v2\/types\/post"}],"author":[{"embeddable":true,"href":"https:\/\/catolicanet.net\/wp-cnet\/wp-json\/wp\/v2\/users\/1"}],"replies":[{"embeddable":true,"href":"https:\/\/catolicanet.net\/wp-cnet\/wp-json\/wp\/v2\/comments?post=61060"}],"version-history":[{"count":1,"href":"https:\/\/catolicanet.net\/wp-cnet\/wp-json\/wp\/v2\/posts\/61060\/revisions"}],"predecessor-version":[{"id":61062,"href":"https:\/\/catolicanet.net\/wp-cnet\/wp-json\/wp\/v2\/posts\/61060\/revisions\/61062"}],"wp:featuredmedia":[{"embeddable":true,"href":"https:\/\/catolicanet.net\/wp-cnet\/wp-json\/wp\/v2\/media\/61061"}],"wp:attachment":[{"href":"https:\/\/catolicanet.net\/wp-cnet\/wp-json\/wp\/v2\/media?parent=61060"}],"wp:term":[{"taxonomy":"category","embeddable":true,"href":"https:\/\/catolicanet.net\/wp-cnet\/wp-json\/wp\/v2\/categories?post=61060"},{"taxonomy":"post_tag","embeddable":true,"href":"https:\/\/catolicanet.net\/wp-cnet\/wp-json\/wp\/v2\/tags?post=61060"}],"curies":[{"name":"wp","href":"https:\/\/api.w.org\/{rel}","templated":true}]}}