{"id":61057,"date":"2020-07-30T09:21:48","date_gmt":"2020-07-30T12:21:48","guid":{"rendered":"https:\/\/catolicanet.net\/wp-cnet\/?p=61057"},"modified":"2020-07-30T16:23:13","modified_gmt":"2020-07-30T19:23:13","slug":"australia-dom-fisher-trafico-de-pessoas-um-crime-vergonhoso","status":"publish","type":"post","link":"https:\/\/catolicanet.net\/wp-cnet\/australia-dom-fisher-trafico-de-pessoas-um-crime-vergonhoso\/","title":{"rendered":"Austr\u00e1lia. Dom Fisher: tr\u00e1fico de pessoas, um crime vergonhoso"},"content":{"rendered":"<div class=\"article__subTitle\" style=\"text-align: justify;\">Se n\u00e3o acabarmos com o tr\u00e1fico de seres humanos, permaneceremos \u201cc\u00famplices de um crime contra a humanidade\u201d, disse o arcebispo de Sydney, dom Anthony Fischer, ao apresentar o Relat\u00f3rio da Rede cat\u00f3lica australiana contra a escravid\u00e3o, mostrando que existe um risco crescente de formas modernas de escravid\u00e3o na Austr\u00e1lia, principalmente devido \u00e0 emerg\u00eancia sanit\u00e1ria causada pelo coronav\u00edrus e a consequente recess\u00e3o econ\u00f4mica<\/div>\n<div class=\"title__separator\" style=\"text-align: justify;\"><\/div>\n<div class=\"article__text\">\n<p style=\"text-align: justify;\"><b>Vatican News<\/b><\/p>\n<div style=\"text-align: justify;\">\n<div class=\"article__embed article__embed--unwrap article__embed--dark\">\n<div class=\"article__innerTitle\">Ou\u00e7a e compartilhe<\/div>\n<div>\n<!--[if lt IE 9]><script>document.createElement('audio');<\/script><![endif]-->\n<audio class=\"wp-audio-shortcode\" id=\"audio-61057-1\" preload=\"none\" style=\"width: 100%;\" controls=\"controls\"><source type=\"audio\/mpeg\" src=\"https:\/\/media.vaticannews.va\/media\/audio\/s1\/2020\/07\/30\/13\/135671058_F135671058.mp3?_=1\" \/><a href=\"https:\/\/media.vaticannews.va\/media\/audio\/s1\/2020\/07\/30\/13\/135671058_F135671058.mp3\">https:\/\/media.vaticannews.va\/media\/audio\/s1\/2020\/07\/30\/13\/135671058_F135671058.mp3<\/a><\/audio>\n<\/div>\n<\/div>\n<\/div>\n<p style=\"text-align: justify;\">\u201cO per\u00edodo da escravid\u00e3o n\u00e3o acabou, a escravid\u00e3o moderna e o tr\u00e1fico de seres humanos ainda s\u00e3o uma realidade\u201d: foi o que disse o arcebispo de Sydney, na Austr\u00e1lia, dom Anthony Fisher, apresentando na quinta-feira, 29 de julho, o relat\u00f3rio anual da Rede cat\u00f3lica australiana contra a escravid\u00e3o.<\/p>\n<p style=\"text-align: justify;\">\u201cOs esfor\u00e7os para tornar esta realidade conhecida e proibir esta pr\u00e1tica s\u00e3o t\u00e3o necess\u00e1rios hoje como nos s\u00e9culos precedentes\u201d, frisou o prelado. O arcebispo reconheceu que, nos \u00faltimos tempos, tem havido uma crescente consci\u00eancia do \u201cflagelo que esta situa\u00e7\u00e3o provoca em nossa sociedade\u201d: por exemplo, basta pensar que a partir de 2013, por decis\u00e3o da ONU, o Dia Mundial contra o Tr\u00e1fico se celebra em 30 de julho, e que a partir de 2015, em 8 de fevereiro, na mem\u00f3ria lit\u00fargica de Santa Josefina Bakhita, se celebra o Dia mundial de ora\u00e7\u00e3o, reflex\u00e3o e a\u00e7\u00e3o contra o tr\u00e1fico de seres humanos.<\/p>\n<h2 style=\"text-align: justify;\">Um crime que causa esc\u00e2ndalo numa sociedade crist\u00e3<\/h2>\n<p style=\"text-align: justify;\">Todavia, estes exemplos \u201cainda n\u00e3o s\u00e3o uma garantia da aboli\u00e7\u00e3o\u201d deste crime que causa \u201cesc\u00e2ndalo, especialmente numa sociedade crist\u00e3\u201d ou que \u201cpretende ser um modelo de valores &#8216;iluminados&#8217; e de respeito \u00e0 lei e \u00e0 liberdade\u201d.<\/p>\n<p style=\"text-align: justify;\">Se n\u00e3o pusermos um fim ao este tr\u00e1fico, permanecemos \u201cc\u00famplices de um crime contra a humanidade\u201d, acrescentou dom Fisher.<\/p>\n<p style=\"text-align: justify;\">Em seguida, o arcebispo de Sydney deplorou o fato de o Parlamento de Nova Gales do Sul ter aprovado em 2008 uma nova lei contra a escravid\u00e3o moderna sem, no entanto, coloc\u00e1-la em vigor.<\/p>\n<h2 style=\"text-align: justify;\">40 milh\u00f5es de pessoas no mundo e milhares na Austr\u00e1lia<\/h2>\n<p style=\"text-align: justify;\">\u201cO governo ainda est\u00e1 protelando\u201d, observou, apesar de ser oficialmente reconhecido que o tr\u00e1fico de seres humanos afeta \u201cpelo menos 40 milh\u00f5es de pessoas no mundo e milhares na Austr\u00e1lia\u201d.<\/p>\n<p style=\"text-align: justify;\">\u201c\u00c9 vergonhoso e desonroso que depois de reconhecer publicamente este crime e depois de fazer algo concreto para erradic\u00e1-lo, sejam minadas todas as medidas para combat\u00ea-lo, permitindo que empresas e consumidores continuem se beneficiando do trabalho escravo\u201d, desabafou dom Fisher.<\/p>\n<p style=\"text-align: justify;\">Al\u00e9m disso, no contexto da pandemia da Covid-19, o arcebispo de Sydney exortou \u201ca n\u00e3o perder a determina\u00e7\u00e3o de lutar contra a escravid\u00e3o\u201d.<\/p>\n<h2 style=\"text-align: justify;\">Risco crescente de formas modernas de escravid\u00e3o<\/h2>\n<div style=\"text-align: justify;\">\n<aside class=\"article__readmore\">\n<div class=\"teaser--labelEvidence teaser teaser--type-article\">\n<article>\n<div class=\"teaser__labelWrapper\"><\/div>\n<div class=\"teaser__contentWrapper\">\n<div>O Relat\u00f3rio da Rede cat\u00f3lica australiana contra a escravid\u00e3o mostra que existe um risco crescente de formas modernas de escravid\u00e3o na Austr\u00e1lia, principalmente devido \u00e0 emerg\u00eancia sanit\u00e1ria causada pelo coronav\u00edrus e a consequente recess\u00e3o econ\u00f4mica que levou migrantes, refugiados e portadores de visto tempor\u00e1rio a entrar no circuito do trabalho n\u00e3o declarado e n\u00e3o tutelado.<\/div>\n<\/div>\n<\/article>\n<\/div>\n<\/aside>\n<\/div>\n<p style=\"text-align: justify;\">As principais conclus\u00f5es do Relat\u00f3rio, que examinou os 3 bilh\u00f5es e 180 milh\u00f5es de d\u00f3lares (98% dos gastos) de 2075 prestadores de servi\u00e7os, indicaram que 54% deles est\u00e3o em risco de escravid\u00e3o moderna na cadeia de fornecimento dos mercados internos, sobretudo no que diz respeito a equipamentos m\u00e9dicos.<\/p>\n<p style=\"text-align: justify;\">Fundada em 2019, a Rede cat\u00f3lica australiana contra a escravid\u00e3o \u00e9 composta por 32 membros, incluindo dioceses, institutos religiosos, centros educacionais, \u00f3rg\u00e3os de sa\u00fade e de assist\u00eancia a idosos, e prestadores de servi\u00e7os sociais, todos cat\u00f3licos.<\/p>\n<p style=\"text-align: justify;\">Vatican News \u2013 IP\/RL<\/p>\n<\/div>\n","protected":false},"excerpt":{"rendered":"<p>Se n\u00e3o acabarmos com o tr\u00e1fico de seres humanos, permaneceremos \u201cc\u00famplices de um crime contra a humanidade\u201d, disse o arcebispo de Sydney, dom Anthony Fischer, ao apresentar o Relat\u00f3rio da Rede cat\u00f3lica australiana contra a escravid\u00e3o, mostrando que existe um risco crescente de formas modernas de escravid\u00e3o na Austr\u00e1lia, principalmente devido \u00e0 emerg\u00eancia sanit\u00e1ria causada [&hellip;]<\/p>\n","protected":false},"author":1,"featured_media":61058,"comment_status":"open","ping_status":"closed","sticky":false,"template":"","format":"standard","meta":{"footnotes":""},"categories":[3],"tags":[],"class_list":["post-61057","post","type-post","status-publish","format-standard","has-post-thumbnail","hentry","category-vaticano"],"_links":{"self":[{"href":"https:\/\/catolicanet.net\/wp-cnet\/wp-json\/wp\/v2\/posts\/61057","targetHints":{"allow":["GET"]}}],"collection":[{"href":"https:\/\/catolicanet.net\/wp-cnet\/wp-json\/wp\/v2\/posts"}],"about":[{"href":"https:\/\/catolicanet.net\/wp-cnet\/wp-json\/wp\/v2\/types\/post"}],"author":[{"embeddable":true,"href":"https:\/\/catolicanet.net\/wp-cnet\/wp-json\/wp\/v2\/users\/1"}],"replies":[{"embeddable":true,"href":"https:\/\/catolicanet.net\/wp-cnet\/wp-json\/wp\/v2\/comments?post=61057"}],"version-history":[{"count":1,"href":"https:\/\/catolicanet.net\/wp-cnet\/wp-json\/wp\/v2\/posts\/61057\/revisions"}],"predecessor-version":[{"id":61059,"href":"https:\/\/catolicanet.net\/wp-cnet\/wp-json\/wp\/v2\/posts\/61057\/revisions\/61059"}],"wp:featuredmedia":[{"embeddable":true,"href":"https:\/\/catolicanet.net\/wp-cnet\/wp-json\/wp\/v2\/media\/61058"}],"wp:attachment":[{"href":"https:\/\/catolicanet.net\/wp-cnet\/wp-json\/wp\/v2\/media?parent=61057"}],"wp:term":[{"taxonomy":"category","embeddable":true,"href":"https:\/\/catolicanet.net\/wp-cnet\/wp-json\/wp\/v2\/categories?post=61057"},{"taxonomy":"post_tag","embeddable":true,"href":"https:\/\/catolicanet.net\/wp-cnet\/wp-json\/wp\/v2\/tags?post=61057"}],"curies":[{"name":"wp","href":"https:\/\/api.w.org\/{rel}","templated":true}]}}