{"id":61043,"date":"2020-07-29T08:45:30","date_gmt":"2020-07-29T11:45:30","guid":{"rendered":"https:\/\/catolicanet.net\/wp-cnet\/?p=61043"},"modified":"2020-07-29T09:50:48","modified_gmt":"2020-07-29T12:50:48","slug":"papa-francisco-procuremos-o-contagio-do-amor-transmitido-de-coracao-a-coracao","status":"publish","type":"post","link":"https:\/\/catolicanet.net\/wp-cnet\/papa-francisco-procuremos-o-contagio-do-amor-transmitido-de-coracao-a-coracao\/","title":{"rendered":"Papa Francisco: procuremos o cont\u00e1gio do amor, transmitido de cora\u00e7\u00e3o a cora\u00e7\u00e3o"},"content":{"rendered":"<div class=\"article__subTitle\" style=\"text-align: justify;\">O Papa Francisco escreveu o pref\u00e1cio do livro organizado pelo cardeal Walter Kasper \u201cComunh\u00e3o e esperan\u00e7a\u201d. Testemunhar a f\u00e9 em tempo de coronav\u00edrus. Francisco recorda que a pandemia \u201c\u00e9 um momento de prova\u00e7\u00e3o e escolha para que possamos dirigir nossas vidas a Deus de uma maneira renovada<\/div>\n<div class=\"title__separator\" style=\"text-align: justify;\"><\/div>\n<div class=\"article__text\">\n<p style=\"text-align: justify;\"><b>Vatican News<\/b><\/p>\n<p style=\"text-align: justify;\"><i>O Papa Francisco escreveu o pref\u00e1cio do livro\u00a0<a href=\"http:\/\/www.libreriaeditricevaticana.va\/content\/libreriaeditricevaticana\/it\/novita-editoriali\/comunione-e-speranza.html\" rel=\"external\">&#8220;Comunh\u00e3o e esperan\u00e7a&#8221;. Testemunhar a f\u00e9 em tempo de coronav\u00edrus<\/a>\u00a0organizado pelo cardeal\u00a0\u00a0Walter Kasper e o sacerdote palotino George Augustin.\u00a0 Publicado pela Libreria Editrice Vaticana \u2013 Dicast\u00e9rio para a Comunica\u00e7\u00e3o, como indica o subt\u00edtulo, o trabalho do Cardeal Presidente Em\u00e9rito do Pontif\u00edcio Conselho para a Promo\u00e7\u00e3o da Unidade dos Crist\u00e3os e do sacerdote palotino que fundou e dirige o instituto com o nome do cardeal seu compatriota, recolhe contribui\u00e7\u00f5es sobre como &#8220;testemunhar a f\u00e9 em tempo do coronav\u00edrus&#8221;. A seguir o Pref\u00e1cio escrito pelo Papa Francisco.<\/i><\/p>\n<p style=\"text-align: justify;\">&#8220;A crise do coronav\u00edrus surpreendeu a todos como uma tempestade repentina, mudando de repente e em todos os lugares do mundo a nossa vida familiar, o nosso trabalho e a vida p\u00fablica. Muitos lamentam a morte de parentes e amigos pr\u00f3ximos. Muitas pessoas se encontram em dificuldades financeiras ou perderam seus empregos. Em v\u00e1rios pa\u00edses, justamente na P\u00e1scoa, a principal solenidade do cristianismo, n\u00e3o foi poss\u00edvel celebrar a Eucaristia de maneira comunit\u00e1ria e p\u00fablica e receber a for\u00e7a e consolo dos sacramentos.<\/p>\n<p style=\"text-align: justify;\">Esta dram\u00e1tica situa\u00e7\u00e3o tornou evidente toda a vulnerabilidade, inconsist\u00eancia e necessidade de reden\u00e7\u00e3o de n\u00f3s homens e colocou em quest\u00e3o muitas certezas nas quais confiamos em nossa vida di\u00e1ria para nossos planos e projetos. A pandemia levanta quest\u00f5es fundamentais sobre a felicidade em nossas vidas e o tesouro de nossa f\u00e9 crist\u00e3.<\/p>\n<h2 style=\"text-align: justify;\"><b>Deus, nosso apoio e nossa meta<\/b><\/h2>\n<p style=\"text-align: justify;\">Esta crise \u00e9 um sinal de alarme para refletir sobre onde se apoiam as ra\u00edzes mais profundas que nos sustentam na tempestade. Nos lembra que esquecemos e ignoramos algumas coisas importantes da vida e nos faz refletir sobre o que \u00e9 realmente importante e necess\u00e1rio e o que \u00e9 menos importante ou o seja s\u00f3 na apar\u00eancia. \u00c9 um momento de prova\u00e7\u00e3o e escolha para que possamos dirigir nossas vidas a Deus, que \u00e9 nosso apoio e nossa meta, de uma maneira renovada. Esta crise nos mostrou que precisamente em situa\u00e7\u00f5es de emerg\u00eancia dependemos da solidariedade dos outros e nos convida a colocar nossas vidas ao servi\u00e7o dos outros de uma nova maneira. Ela deve nos fazer agir contra da injusti\u00e7a global para que possamos despertar e ouvir o grito dos pobres e de nosso planeta t\u00e3o gravemente doente.<\/p>\n<h2 style=\"text-align: justify;\"><b>&#8220;Cont\u00e1gio&#8221; do amor<\/b><\/h2>\n<p style=\"text-align: justify;\">Em meio \u00e0 crise do coronav\u00edrus, celebramos a P\u00e1scoa e ouvimos a mensagem da P\u00e1scoa da vit\u00f3ria da vida sobre a morte. Esta mensagem sublinha que, como crist\u00e3os, n\u00e3o devemos nos permitir a ficar paralisados pela pandemia. A P\u00e1scoa nos d\u00e1 esperan\u00e7a, confian\u00e7a e coragem, ela nos fortalece na solidariedade. Nos diz para superar as rivalidades do passado e nos reconhecermos como membros de uma grande fam\u00edlia que vai al\u00e9m de todas as fronteiras e na qual cada um carrega o fardo do outro. O perigo de ser infectado por um v\u00edrus deve nos ensinar outro tipo de &#8220;cont\u00e1gio&#8221;, o do amor, que \u00e9 transmitido de cora\u00e7\u00e3o para cora\u00e7\u00e3o. Sou grato pelos muitos sinais de prontid\u00e3o para ajuda espont\u00e2nea e\u00a0 pelo compromisso her\u00f3ico dos profissionais da sa\u00fade, m\u00e9dicos e sacerdotes. Nessas semanas sentimos a for\u00e7a que vinha da f\u00e9.<\/p>\n<h2 style=\"text-align: justify;\"><b>Jejum eucar\u00edstico<\/b><\/h2>\n<p style=\"text-align: justify;\">A primeira fase da crise do coronav\u00edrus, na qual as celebra\u00e7\u00f5es p\u00fablicas da Eucaristia n\u00e3o foram poss\u00edveis, representou para muitos crist\u00e3os um tempo de doloroso jejum eucar\u00edstico. Muitos experimentaram que o Senhor est\u00e1 presente em todos os lugares, onde dois ou tr\u00eas est\u00e3o reunidos em Seu nome. A transmiss\u00e3o das celebra\u00e7\u00f5es eucar\u00edsticas pela m\u00eddia foi uma solu\u00e7\u00e3o de emerg\u00eancia pela qual muitos ficaram gratos. Mas a transmiss\u00e3o virtual n\u00e3o pode substituir a presen\u00e7a real do Senhor na celebra\u00e7\u00e3o eucar\u00edstica. Portanto, me alegro porque agora podemos voltar \u00e0 vida lit\u00fargica normal. A presen\u00e7a do Senhor Ressuscitado em sua Palavra e na celebra\u00e7\u00e3o eucar\u00edstica nos dar\u00e1 a for\u00e7a necess\u00e1ria para enfrentar os dif\u00edceis problemas que nos esperam ap\u00f3s a crise.<\/p>\n<p style=\"text-align: justify;\">Meu desejo e minha esperan\u00e7a \u00e9 que as reflex\u00f5es teol\u00f3gicas contidas neste livro inspirem reflex\u00e3o e despertem em muitas pessoas uma nova esperan\u00e7a e uma nova solidariedade. Como com os dois disc\u00edpulos no caminho de Ema\u00fas, tamb\u00e9m no futuro o Senhor nos acompanhar\u00e1 pelo caminho com sua Palavra e, repartindo o P\u00e3o eucar\u00edstico, nos dir\u00e1: &#8216;N\u00e3o tenhais medo! Eu venci a morte'&#8221;.<\/p>\n<\/div>\n<div class=\"article__text\">\n<div>\n<div class=\"article__embed article__embed--unwrap\">\n<figure style=\"text-align: justify;\"><picture><img decoding=\"async\" class=\"loaded\" src=\"https:\/\/www.vaticannews.va\/content\/dam\/vaticannews\/multimedia\/2020\/07\/28\/COVER--libro-ITA.jpg\/_jcr_content\/renditions\/cq5dam.thumbnail.cropped.750.422.jpeg\" alt=\"A capa do Livro &quot;Comunh\u00e3o e Esperan\u00e7a. Testemunhar a f\u00e9 em tempo de coronav\u00edrus&quot;, com pref\u00e1cio do Papa Francisco\" data-original=\"\/content\/dam\/vaticannews\/multimedia\/2020\/07\/28\/COVER--libro-ITA.jpg\/_jcr_content\/renditions\/cq5dam.thumbnail.cropped.750.422.jpeg\" data-was-processed=\"true\" \/><\/picture><\/figure>\n<div class=\"photo_embed--Title\" style=\"text-align: justify;\">A capa do Livro &#8220;Comunh\u00e3o e Esperan\u00e7a. Testemunhar a f\u00e9 em tempo de coronav\u00edrus&#8221;, com pref\u00e1cio do Papa Francisco<\/div>\n<\/div>\n<\/div>\n<\/div>\n","protected":false},"excerpt":{"rendered":"<p>O Papa Francisco escreveu o pref\u00e1cio do livro organizado pelo cardeal Walter Kasper \u201cComunh\u00e3o e esperan\u00e7a\u201d. Testemunhar a f\u00e9 em tempo de coronav\u00edrus. Francisco recorda que a pandemia \u201c\u00e9 um momento de prova\u00e7\u00e3o e escolha para que possamos dirigir nossas vidas a Deus de uma maneira renovada Vatican News O Papa Francisco escreveu o pref\u00e1cio [&hellip;]<\/p>\n","protected":false},"author":1,"featured_media":61044,"comment_status":"open","ping_status":"closed","sticky":false,"template":"","format":"standard","meta":{"footnotes":""},"categories":[13,3],"tags":[],"class_list":["post-61043","post","type-post","status-publish","format-standard","has-post-thumbnail","hentry","category-featured","category-vaticano"],"_links":{"self":[{"href":"https:\/\/catolicanet.net\/wp-cnet\/wp-json\/wp\/v2\/posts\/61043","targetHints":{"allow":["GET"]}}],"collection":[{"href":"https:\/\/catolicanet.net\/wp-cnet\/wp-json\/wp\/v2\/posts"}],"about":[{"href":"https:\/\/catolicanet.net\/wp-cnet\/wp-json\/wp\/v2\/types\/post"}],"author":[{"embeddable":true,"href":"https:\/\/catolicanet.net\/wp-cnet\/wp-json\/wp\/v2\/users\/1"}],"replies":[{"embeddable":true,"href":"https:\/\/catolicanet.net\/wp-cnet\/wp-json\/wp\/v2\/comments?post=61043"}],"version-history":[{"count":1,"href":"https:\/\/catolicanet.net\/wp-cnet\/wp-json\/wp\/v2\/posts\/61043\/revisions"}],"predecessor-version":[{"id":61045,"href":"https:\/\/catolicanet.net\/wp-cnet\/wp-json\/wp\/v2\/posts\/61043\/revisions\/61045"}],"wp:featuredmedia":[{"embeddable":true,"href":"https:\/\/catolicanet.net\/wp-cnet\/wp-json\/wp\/v2\/media\/61044"}],"wp:attachment":[{"href":"https:\/\/catolicanet.net\/wp-cnet\/wp-json\/wp\/v2\/media?parent=61043"}],"wp:term":[{"taxonomy":"category","embeddable":true,"href":"https:\/\/catolicanet.net\/wp-cnet\/wp-json\/wp\/v2\/categories?post=61043"},{"taxonomy":"post_tag","embeddable":true,"href":"https:\/\/catolicanet.net\/wp-cnet\/wp-json\/wp\/v2\/tags?post=61043"}],"curies":[{"name":"wp","href":"https:\/\/api.w.org\/{rel}","templated":true}]}}