{"id":61036,"date":"2020-07-28T09:10:16","date_gmt":"2020-07-28T12:10:16","guid":{"rendered":"https:\/\/catolicanet.net\/wp-cnet\/?p=61036"},"modified":"2020-07-28T09:10:16","modified_gmt":"2020-07-28T12:10:16","slug":"10-pontos-importantes-sobre-a-reabertura-do-santuario-de-aparecida","status":"publish","type":"post","link":"https:\/\/catolicanet.net\/wp-cnet\/10-pontos-importantes-sobre-a-reabertura-do-santuario-de-aparecida\/","title":{"rendered":"10 pontos importantes sobre a reabertura do Santu\u00e1rio de Aparecida"},"content":{"rendered":"<h2 class=\"subtitle\" style=\"text-align: justify;\">Depois de quatro meses, as Missas com a presen\u00e7a de fi\u00e9is em Aparecida foram retomadas. Mas antes de ir at\u00e9 o complexo religioso, o fiel precisa se atentar a algumas medidas de preven\u00e7\u00e3o \u00e0 Covid-19<\/h2>\n<div class=\"base-post-content\">Depois de cerca de quatro meses, o Santu\u00e1rio Nacional de Aparecida retomou as celebra\u00e7\u00f5es com a presen\u00e7a de fi\u00e9is.<\/p>\n<p style=\"text-align: justify;\">A reabertura foi autorizada pela prefeitura da cidade, depois que o complexo religioso apresentou um extenso protocolo sanit\u00e1rio e de seguran\u00e7a, visando a preven\u00e7\u00e3o ao novo coronav\u00edrus. O plano foi elaborado com base nas normas do governo do Estado de S\u00e3o Paulo, bem como nas orienta\u00e7\u00f5es da Confer\u00eancia Nacional dos Bispos do Brasil, a CNBB.<\/p>\n<p style=\"text-align: justify;\">As medidas incluem higieniza\u00e7\u00e3o constante das \u00e1reas comuns, instala\u00e7\u00e3o de totens com \u00e1lcool em gel, restri\u00e7\u00f5es quanto ao n\u00famero de visitantes e obrigatoriedade do uso de m\u00e1scara e outros equipamentos de prote\u00e7\u00e3o individual.<\/p>\n<p style=\"text-align: justify;\">Abaixo, 10 pontos importantes que voc\u00ea precisa saber antes de participar de uma Missa no Santu\u00e1rio:<\/p>\n<h3 class=\"rich-list-item\" style=\"text-align: justify;\"><strong>1 USO DE M\u00c1SCARA<\/strong><\/h3>\n<p style=\"text-align: justify;\">O uso de m\u00e1scara \u00e9 obrigat\u00f3rio para todos os visitantes e em todas as depend\u00eancias do Santu\u00e1rio Nacional e da Bas\u00edlica de Aparecida (tanto nas \u00e1reas internas quanto externas). Os visitantes tamb\u00e9m s\u00e3o orientados a higienizar as m\u00e3os com \u00e1lcool em gel e manter o distanciamento f\u00edsico das pessoas (no m\u00ednimo 1,5 metro de dist\u00e2ncia).<\/p>\n<h3 class=\"rich-list-item\" style=\"text-align: justify;\"><strong>2 CRIAN\u00c7AS E IDOSOS<\/strong><\/h3>\n<p style=\"text-align: justify;\">O decreto municipal que autoriza a reabertura do Santu\u00e1rio n\u00e3o recomenda a presen\u00e7a de crian\u00e7as e\u00a0 e pessoas com mais de 60 anos ou que apresentem sintomas de gripe e outros sinais caracter\u00edsticos da Covid-19. Ainda de acordo com o documento, n\u00e3o \u00e9 recomendada a presen\u00e7a de pessoas que tenham tido contato com infectados ou com suspeita de infec\u00e7\u00e3o pelo novo coronav\u00edrus.<\/p>\n<div class=\"nativo-inread\" style=\"text-align: justify;\"><\/div>\n<h3 class=\"rich-list-item\" style=\"text-align: justify;\"><strong>3 N\u00daMERO DE FI\u00c9IS E ACESSO \u00c0 BAS\u00cdLICA<\/strong><\/h3>\n<p style=\"text-align: justify;\">Nas Missas, ser\u00e1 permitida a presen\u00e7a de apenas duas pessoas por banco (uma sentada em cada ponta), totalizando 1.000 fi\u00e9is em cada celebra\u00e7\u00e3o. A entrada para as Missas ser\u00e1 pela Colunata dos Ap\u00f3stolos, onde os fi\u00e9is passar\u00e3o por aferi\u00e7\u00e3o da temperatura e higieniza\u00e7\u00e3o das m\u00e3os.<\/p>\n<h3 class=\"rich-list-item\" style=\"text-align: justify;\"><strong>4 COMUNH\u00c3O<\/strong><\/h3>\n<p style=\"text-align: justify;\">A Comunh\u00e3o ser\u00e1 dada na m\u00e3o de cada fiel, que est\u00e1 dispensado de responder \u201cAm\u00e9m\u201d. Na fila, os devotos devem permanecer de m\u00e1scara e retir\u00e1-la somente no momento de comungar. A retirada do acess\u00f3rio deve ser por uma das al\u00e7as. \u00c9 preciso recoloc\u00e1-lo em seguida, tamb\u00e9m pela al\u00e7a.<\/p>\n<h3 class=\"rich-list-item\" style=\"text-align: justify;\"><strong>5 ESTACIONAMENTO<\/strong><\/h3>\n<p style=\"text-align: justify;\">O estacionamento do Santu\u00e1rio Nacional funcionar\u00e1 com 35% da capacidade, ou seja, 2.000 carros. A entrada de \u00f4nibus, micro-\u00f4nibus e vans est\u00e1 proibida, inclusive na cidade.<\/p>\n<h3 class=\"rich-list-item\" style=\"text-align: justify;\"><strong>6 ALIMENTA\u00c7\u00c3O<\/strong><\/h3>\n<p style=\"text-align: justify;\">O funcionamento das pra\u00e7as de alimenta\u00e7\u00e3o ainda est\u00e1 proibido. O fiel poder\u00e1 levar o lanche de casa, mas n\u00e3o ser\u00e1 poss\u00edvel fazer confraterniza\u00e7\u00f5es ou churrascos dentro do complexo e \u00e1reas adjacentes.<\/p>\n<h3 class=\"rich-list-item\" style=\"text-align: justify;\"><strong>7 ROMARIAS<\/strong><\/h3>\n<p style=\"text-align: justify;\">Est\u00e3o proibidas as romarias e peregrina\u00e7\u00f5es de grandes grupos.<\/p>\n<h3 class=\"rich-list-item\" style=\"text-align: justify;\"><strong>8 PONTOS TUR\u00cdSTICOS<\/strong><\/h3>\n<p style=\"text-align: justify;\">Os locais de visita\u00e7\u00e3o do Santu\u00e1rio, como o Caminho do Ros\u00e1rio e o Porto Itagua\u00e7u, est\u00e3o funcionando. Neste lugares, tamb\u00e9m \u00e9 preciso obedecer a orienta\u00e7\u00f5es, como: uso obrigat\u00f3rio de m\u00e1scara, distanciamento e higiene das m\u00e3os. N\u00e3o ser\u00e3o permitidas celebra\u00e7\u00f5es e reza do Ter\u00e7o em grupos nesses locais. A Capela do Porto Itagua\u00e7u, o Morro do Cruzeiro, o Museu, o Mirante, a C\u00fapula, os Bondinhos a\u00e9reos, o Trem do Devoto e o Memorial da Devo\u00e7\u00e3o permanecem fechados.<\/p>\n<h3 class=\"rich-list-item\" style=\"text-align: justify;\"><strong>9 SALA DAS PROMESSAS<\/strong><\/h3>\n<p style=\"text-align: justify;\">A Sala das Promessas e o subsolo est\u00e3o funcionando, mas com restri\u00e7\u00f5es. Ser\u00e1 permitida a perman\u00eancia de quatrocentas pessoas simultaneamente no local.<\/p>\n<h3 class=\"rich-list-item\" style=\"text-align: justify;\"><strong>10 OUTRAS CELEBRA\u00c7\u00d5ES<\/strong><\/h3>\n<p style=\"text-align: justify;\">O Santu\u00e1rio ainda n\u00e3o tem previs\u00e3o de quando retomar\u00e1 os batizados e casamentos As confiss\u00f5es, por enquanto, acontecem apenas sob a forma de absolvi\u00e7\u00e3o comunit\u00e1ria, obedecendo ao uso obrigat\u00f3rio de m\u00e1scaras e distanciamento social, conforme sinaliza\u00e7\u00e3o no ch\u00e3o e assentos.<\/p>\n<p style=\"text-align: justify;\">\u00c9 importante lembrar que as Missas da Bas\u00edlica continuam sendo transmitidas pela TV Aparecida e outras emissoras. Os hor\u00e1rios das celebra\u00e7\u00f5es e outras informa\u00e7\u00f5es sobre a reabertura gradual do Santu\u00e1rio podem ser conferidos no site\u00a0<a href=\"https:\/\/www.a12.com\/area-do-devoto\/central-de-ajuda\/covid19-prevencao-em-visitas-no-santuario-nacional#querovisitar\" target=\"_blank\" rel=\"noopener noreferrer\"><em>A12.com<\/em><\/a><\/p>\n<\/div>\n","protected":false},"excerpt":{"rendered":"<p>Depois de quatro meses, as Missas com a presen\u00e7a de fi\u00e9is em Aparecida foram retomadas. Mas antes de ir at\u00e9 o complexo religioso, o fiel precisa se atentar a algumas medidas de preven\u00e7\u00e3o \u00e0 Covid-19 Depois de cerca de quatro meses, o Santu\u00e1rio Nacional de Aparecida retomou as celebra\u00e7\u00f5es com a presen\u00e7a de fi\u00e9is. A [&hellip;]<\/p>\n","protected":false},"author":1,"featured_media":61037,"comment_status":"open","ping_status":"closed","sticky":false,"template":"","format":"standard","meta":{"footnotes":""},"categories":[4],"tags":[],"class_list":["post-61036","post","type-post","status-publish","format-standard","has-post-thumbnail","hentry","category-cotidiano"],"_links":{"self":[{"href":"https:\/\/catolicanet.net\/wp-cnet\/wp-json\/wp\/v2\/posts\/61036","targetHints":{"allow":["GET"]}}],"collection":[{"href":"https:\/\/catolicanet.net\/wp-cnet\/wp-json\/wp\/v2\/posts"}],"about":[{"href":"https:\/\/catolicanet.net\/wp-cnet\/wp-json\/wp\/v2\/types\/post"}],"author":[{"embeddable":true,"href":"https:\/\/catolicanet.net\/wp-cnet\/wp-json\/wp\/v2\/users\/1"}],"replies":[{"embeddable":true,"href":"https:\/\/catolicanet.net\/wp-cnet\/wp-json\/wp\/v2\/comments?post=61036"}],"version-history":[{"count":1,"href":"https:\/\/catolicanet.net\/wp-cnet\/wp-json\/wp\/v2\/posts\/61036\/revisions"}],"predecessor-version":[{"id":61038,"href":"https:\/\/catolicanet.net\/wp-cnet\/wp-json\/wp\/v2\/posts\/61036\/revisions\/61038"}],"wp:featuredmedia":[{"embeddable":true,"href":"https:\/\/catolicanet.net\/wp-cnet\/wp-json\/wp\/v2\/media\/61037"}],"wp:attachment":[{"href":"https:\/\/catolicanet.net\/wp-cnet\/wp-json\/wp\/v2\/media?parent=61036"}],"wp:term":[{"taxonomy":"category","embeddable":true,"href":"https:\/\/catolicanet.net\/wp-cnet\/wp-json\/wp\/v2\/categories?post=61036"},{"taxonomy":"post_tag","embeddable":true,"href":"https:\/\/catolicanet.net\/wp-cnet\/wp-json\/wp\/v2\/tags?post=61036"}],"curies":[{"name":"wp","href":"https:\/\/api.w.org\/{rel}","templated":true}]}}