{"id":61021,"date":"2020-07-28T08:12:47","date_gmt":"2020-07-28T11:12:47","guid":{"rendered":"https:\/\/catolicanet.net\/wp-cnet\/?p=61021"},"modified":"2020-07-28T08:54:15","modified_gmt":"2020-07-28T11:54:15","slug":"ucrania-projeto-do-papa-em-4-anos-ajudou-um-milhao-de-pessoas","status":"publish","type":"post","link":"https:\/\/catolicanet.net\/wp-cnet\/ucrania-projeto-do-papa-em-4-anos-ajudou-um-milhao-de-pessoas\/","title":{"rendered":"Ucr\u00e2nia, projeto do Papa: em 4 anos ajudou um milh\u00e3o de pessoas"},"content":{"rendered":"<div class=\"article__subTitle\" style=\"text-align: justify;\">Estes s\u00e3o os frutos do projeto \u201cPapa para a Ucr\u00e2nia\u201d lan\u00e7ado em 2016 com 15 milh\u00f5es de euros investidos. Agora est\u00e1 chegando ao fim, mas deixa um rastro luminoso de coopera\u00e7\u00e3o ecum\u00eanica e caridade que n\u00e3o para. Depois do apelo de Francisco a um cessar-fogo no Donbass, n\u00f3s conversamos a prop\u00f3sito com dom Eduard Kava, bispo auxiliar de Lviv.<\/div>\n<div class=\"title__separator\" style=\"text-align: justify;\"><\/div>\n<div class=\"article__text\">\n<p style=\"text-align: justify;\"><b>Gabriella Ceraso\/Mariangela Jaguraba \u2013 Vatican News<\/b><\/p>\n<p style=\"text-align: justify;\">Ora\u00e7\u00e3o e caridade: estes s\u00e3o os bra\u00e7os que o Papa estendeu desde o in\u00edcio de seu Pontificado ao querido povo ucraniano com especial aten\u00e7\u00e3o aos dolorosos acontecimentos de guerra que o afligem desde 2014. Francisco chamou a aten\u00e7\u00e3o do mundo para essa situa\u00e7\u00e3o em v\u00e1rias ocasi\u00f5es, p\u00fablicas e privadas, como fez no final da ora\u00e7\u00e3o do Angelus do domingo passado, saudando com esperan\u00e7a o cessar-fogo na \u00e1rea de fronteira com a regi\u00e3o separatista de Donbass.<\/p>\n<h2 style=\"text-align: justify;\">A luz do Papa sobre a nossa realidade<\/h2>\n<p style=\"text-align: justify;\">Falar de um conflito que n\u00e3o terminou, cham\u00e1-lo de \u201cferida\u201d em que as crian\u00e7as pagam o pre\u00e7o mais alto, e exortar a Comunidade internacional a alcan\u00e7ar solu\u00e7\u00f5es que tragam \u201cfrutos de paz na justi\u00e7a, \u00e9 importante para n\u00f3s ucranianos\u201d, disse ao\u00a0<b>Vatican News o bispo auxiliar de Lviv, dom Eduard Kava.<\/b><\/p>\n<p style=\"text-align: justify;\">O seu testemunho nos ajuda a repercorrer a evolu\u00e7\u00e3o do projeto humanit\u00e1rio \u201cPapa para a Ucr\u00e2nia\u201d, desejado por Francisco como sinal concreto de afeto e solidariedade, sem distin\u00e7\u00e3o de religi\u00e3o, confiss\u00e3o ou etnia. \u00c0 disposi\u00e7\u00e3o meios de aquecimento, medicamentos, roupas e alimentos, produtos de higiene e apoio psicossocial. \u201cProjetos\u201d, explica dom Kava, \u201ctodos conclu\u00eddos, agora falta o trabalho de fornecimento de m\u00e1quinas para um hospital dedicado \u00e0s crian\u00e7as\u201d.<\/p>\n<h2 style=\"text-align: justify;\">Um sinal de ecumenismo<\/h2>\n<p style=\"text-align: justify;\">A a\u00e7\u00e3o, confiada \u00e0 supervis\u00e3o do Dicast\u00e9rio para o Servi\u00e7o do Desenvolvimento Humano Integral, foi realizada nesses anos no local, atrav\u00e9s da colabora\u00e7\u00e3o constante da Nunciatura Apost\u00f3lica, da Comiss\u00e3o T\u00e9cnica situada em Zhaporizhia, durante o primeiro ano, e pelo Secretariado T\u00e9cnico com sede em Kiev, no ano seguinte. Ao seu lado, as organiza\u00e7\u00f5es caritativas da Igreja, mas tamb\u00e9m outras denomina\u00e7\u00f5es crist\u00e3s e organiza\u00e7\u00f5es internacionais especificamente encarregadas.<\/p>\n<p style=\"text-align: justify;\">\u201cUm belo sinal de ecumenismo\u201d, comenta dom Kava, que fala de um trabalho verdadeiramente realizado em conjunto, a servi\u00e7o dos pobres, das crian\u00e7as com dificuldades ligadas ao stress da guerra, das fam\u00edlias numerosas, dos idosos que perderam tudo e que vivem com aposentadorias muito baixas. \u201cAquela emerg\u00eancia n\u00e3o existe mais, por\u00e9m\u201d, ressalta o prelado, \u201calgumas necessidades permanecem e o trabalho da Igreja ainda \u00e9 necess\u00e1rio\u201d.<\/p>\n<p style=\"text-align: justify;\"><b>Dom Kava:\u00a0<\/b>A situa\u00e7\u00e3o \u00e9 muito grave porque todos est\u00e3o cansados. Todos os dias, como na guerra, h\u00e1 mortos e ainda h\u00e1 muita gente no hospital por causa das consequ\u00eancias da guerra e especialmente as pessoas civis, n\u00e3o os militares, as pessoas que ficaram nessa \u00e1rea ocupada, perto da linha de guerra, elas est\u00e3o muito cansadas. E tamb\u00e9m os jovens que vivem na fronteira e que n\u00e3o podem se mover porque n\u00e3o t\u00eam possibilidades. \u00c9 por isso que a voz da Santa S\u00e9 e do Papa \u00e9 muito \u00fatil para n\u00f3s ucranianos, porque faz o mundo saber que o conflito aqui desde 2016 ainda n\u00e3o terminou.<\/p>\n<p style=\"text-align: justify;\"><b>Em que ponto est\u00e1 hoje o projeto iniciado em 2016 e intitulado \u201cPapa para a Ucr\u00e2nia\u201d com todas as suas implica\u00e7\u00f5es no campo educacional, social e da sa\u00fade?<\/b><\/p>\n<p style=\"text-align: justify;\"><b>Dom Kava<\/b>: Os projetos relacionados a ele est\u00e3o quase todos terminados. Agora, o \u00fanico que permanece est\u00e1 relacionado com a compra de equipamento m\u00e9dico para um hospital em constru\u00e7\u00e3o. Nos \u00faltimos anos gastamos cerca de 15 milh\u00f5es de euros provenientes da ajuda da Santa S\u00e9 e podemos dizer que ajudamos mais de 980 mil pessoas em v\u00e1rios campos. Hospitais, pessoas pobres, fam\u00edlias numerosas, idosos que permaneceram sozinhos e sem nada, sem comida, sem roupa, sem aquecimento porque no nosso pa\u00eds normalmente faz muito frio no inverno. Agora, podemos dizer que nos encontramos na fase final do projeto do Papa.<\/p>\n<p style=\"text-align: justify;\"><b>A ideia desse projeto era certamente apoiar uma situa\u00e7\u00e3o de emerg\u00eancia, mas tamb\u00e9m tentar iniciar uma reconstru\u00e7\u00e3o. Hoje, depois de tantos anos, podemos falar de reconstru\u00e7\u00e3o?<\/b><\/p>\n<p style=\"text-align: justify;\"><b>Dom Kava:\u00a0<\/b>Posso dizer que tamb\u00e9m fizemos muito na reconstru\u00e7\u00e3o de casas para dar novamente \u00e0s pessoas uma apar\u00eancia de normalidade. Hoje, podemos dizer que a situa\u00e7\u00e3o n\u00e3o \u00e9 t\u00e3o tr\u00e1gica como 4-5 anos atr\u00e1s, mas \u00e9 evidente que, por exemplo, as fam\u00edlias com muitas crian\u00e7as e idosos que recebem pequenas aposentadorias ainda precisam da ajuda da Igreja.<\/p>\n<p style=\"text-align: justify;\"><b>Sobre as muitas pessoas que deixaram o pa\u00eds e se esperava que voltassem. O que pode nos dizer?<\/b><\/p>\n<p style=\"text-align: justify;\"><b>Dom Kava:\u00a0<\/b>Muitos dos que partiram regressaram \u00e0s suas casas. Todos acreditavam que a guerra terminaria em poucos meses, em vez disso s\u00e3o seis anos e n\u00e3o h\u00e1 fim. \u00c9 por isso que voltaram para suas casas, exceto aqueles que deixaram a \u00e1rea ocupada e n\u00e3o voltam por causa do perigo de vida.<\/p>\n<p style=\"text-align: justify;\"><b>Outro aspecto do projeto desejado pelo Papa foi a colabora\u00e7\u00e3o entre a Caritas e as Igrejas latina e greco-cat\u00f3lica. Desse ponto de vista voc\u00eas conseguiram se unir?<\/b><\/p>\n<p style=\"text-align: justify;\"><b>Dom Kava:\u00a0<\/b>Neste projeto todos n\u00f3s trabalhamos juntos, n\u00e3o s\u00f3 a Caritas latina e a Caritas greco-catolica, colaboramos com os protestantes e com muitas organiza\u00e7\u00f5es internacionais e isso foi um sinal de bom ecumenismo para n\u00f3s e pode-se dizer que essa iniciativa da Santa S\u00e9 foi a \u00fanica em que todos n\u00f3s realmente trabalhamos juntos para ajudar a popula\u00e7\u00e3o.<\/p>\n<p style=\"text-align: justify;\"><b>Se acrescentasse algo ao apelo do Papa sobre as necessidades das pessoas hoje, o que diria?<\/b><\/p>\n<p style=\"text-align: justify;\"><b>Dom Kava:<\/b>\u00a0Neste momento as palavras e apelos do Papa, que impelem para o fim da guerra, me parecem de grande ajuda e, em todo caso, o processo de solidariedade iniciado servir\u00e1 a todos. Mesmo que o projeto do Papa termine, a Igreja continuar\u00e1 dando sua ajuda e permanecendo perto das pessoas, seja com a Caritas, seja com as nossas par\u00f3quias ou com as nossas organiza\u00e7\u00f5es de voluntariado. N\u00e3o h\u00e1 muito dinheiro, mas estaremos presentes e pr\u00f3ximos. Essa experi\u00eancia nos serviu para aprender a colaborar juntos na ajuda \u00e0s pessoas.<\/p>\n<\/div>\n","protected":false},"excerpt":{"rendered":"<p>Estes s\u00e3o os frutos do projeto \u201cPapa para a Ucr\u00e2nia\u201d lan\u00e7ado em 2016 com 15 milh\u00f5es de euros investidos. Agora est\u00e1 chegando ao fim, mas deixa um rastro luminoso de coopera\u00e7\u00e3o ecum\u00eanica e caridade que n\u00e3o para. Depois do apelo de Francisco a um cessar-fogo no Donbass, n\u00f3s conversamos a prop\u00f3sito com dom Eduard Kava, [&hellip;]<\/p>\n","protected":false},"author":1,"featured_media":61022,"comment_status":"open","ping_status":"closed","sticky":false,"template":"","format":"standard","meta":{"footnotes":""},"categories":[13,3],"tags":[],"class_list":["post-61021","post","type-post","status-publish","format-standard","has-post-thumbnail","hentry","category-featured","category-vaticano"],"_links":{"self":[{"href":"https:\/\/catolicanet.net\/wp-cnet\/wp-json\/wp\/v2\/posts\/61021","targetHints":{"allow":["GET"]}}],"collection":[{"href":"https:\/\/catolicanet.net\/wp-cnet\/wp-json\/wp\/v2\/posts"}],"about":[{"href":"https:\/\/catolicanet.net\/wp-cnet\/wp-json\/wp\/v2\/types\/post"}],"author":[{"embeddable":true,"href":"https:\/\/catolicanet.net\/wp-cnet\/wp-json\/wp\/v2\/users\/1"}],"replies":[{"embeddable":true,"href":"https:\/\/catolicanet.net\/wp-cnet\/wp-json\/wp\/v2\/comments?post=61021"}],"version-history":[{"count":1,"href":"https:\/\/catolicanet.net\/wp-cnet\/wp-json\/wp\/v2\/posts\/61021\/revisions"}],"predecessor-version":[{"id":61023,"href":"https:\/\/catolicanet.net\/wp-cnet\/wp-json\/wp\/v2\/posts\/61021\/revisions\/61023"}],"wp:featuredmedia":[{"embeddable":true,"href":"https:\/\/catolicanet.net\/wp-cnet\/wp-json\/wp\/v2\/media\/61022"}],"wp:attachment":[{"href":"https:\/\/catolicanet.net\/wp-cnet\/wp-json\/wp\/v2\/media?parent=61021"}],"wp:term":[{"taxonomy":"category","embeddable":true,"href":"https:\/\/catolicanet.net\/wp-cnet\/wp-json\/wp\/v2\/categories?post=61021"},{"taxonomy":"post_tag","embeddable":true,"href":"https:\/\/catolicanet.net\/wp-cnet\/wp-json\/wp\/v2\/tags?post=61021"}],"curies":[{"name":"wp","href":"https:\/\/api.w.org\/{rel}","templated":true}]}}