{"id":61009,"date":"2020-07-28T08:14:10","date_gmt":"2020-07-28T11:14:10","guid":{"rendered":"https:\/\/catolicanet.net\/wp-cnet\/?p=61009"},"modified":"2020-07-28T00:15:17","modified_gmt":"2020-07-28T03:15:17","slug":"cancao-nova-abraca-sao-paulo-podera-ser-acompanhado-pela-tv-e-internet","status":"publish","type":"post","link":"https:\/\/catolicanet.net\/wp-cnet\/cancao-nova-abraca-sao-paulo-podera-ser-acompanhado-pela-tv-e-internet\/","title":{"rendered":"\u201cCan\u00e7\u00e3o Nova Abra\u00e7a S\u00e3o Paulo\u201d poder\u00e1 ser acompanhado pela TV e internet"},"content":{"rendered":"<p style=\"text-align: justify;\"><em>A 14\u00aa edi\u00e7\u00e3o do evento celebra 20 anos da TV em S\u00e3o Paulo e acontece sem a presen\u00e7a de p\u00fablico<\/em><\/p>\n<p style=\"text-align: justify;\">Neste s\u00e1bado (1) e domingo (2), a Can\u00e7\u00e3o Nova em S\u00e3o Paulo, realiza a 14\u00aa edi\u00e7\u00e3o do evento \u201cCan\u00e7\u00e3o Nova Abra\u00e7a S\u00e3o Paulo\u201d, com o tema: \u201cEis que vou fazer obra nova, a qual j\u00e1 surge: n\u00e3o a vedes?\u201d (Is 43,19). Pela primeira vez, n\u00e3o haver\u00e1 presen\u00e7a de fi\u00e9is devido \u00e0 pandemia, mas o Sistema Can\u00e7\u00e3o Nova de Comunica\u00e7\u00e3o e seus canais oficiais na internet ir\u00e3o transmitir todo o evento.<\/p>\n<p style=\"text-align: justify;\">A abertura acontece com show celebrativo, no s\u00e1bado \u00e0s 21h, pelos 20 anos de evangeliza\u00e7\u00e3o pela TV Can\u00e7\u00e3o Nova na capital paulista, com os cantores cat\u00f3licos Adriana Arydes e Eros Biondini. No domingo, a programa\u00e7\u00e3o tem in\u00edcio \u00e0s 8h com ora\u00e7\u00e3o e c\u00e2nticos, seguidos pela prega\u00e7\u00e3o do mission\u00e1rio da comunidade M\u00e1rcio Mendes, que fala sobre o tema principal do evento.<\/p>\n<p style=\"text-align: justify;\">Padre Adriano Zandon\u00e1, mission\u00e1rio em S\u00e3o Paulo, e o pregador da Renova\u00e7\u00e3o Carism\u00e1tica Cat\u00f3lica, Ironi Spuldaro, conduzem a Adora\u00e7\u00e3o ao Sant\u00edssimo Sacramento, \u00e0s 10h50. \u00c0 tarde, exibi\u00e7\u00e3o confirmada do programa \u201cDisc\u00edpulos e Mission\u00e1rios\u201d, com cardeal arcebispo de S\u00e3o Paulo, Dom Odilo Pedro Scherer, \u00e0s 13h15.<\/p>\n<p style=\"text-align: justify;\">A transmiss\u00e3o retorna ao vivo, \u00e0s 13h45, com a prega\u00e7\u00e3o do mission\u00e1rio padre Adriano Zandon\u00e1, com o tema: \u201cO Senhor \u00e9 muito bom para com todos, sua ternura abra\u00e7a toda criatura\u201d (Sl 144).<\/p>\n<p style=\"text-align: justify;\">A missa de encerramento ser\u00e1 \u00e0s 15h, presidida por Frei Gilson, dos Irm\u00e3os Carmelitas Mensageiros do Esp\u00edrito Santo, da diocese de Santo Amaro (SP). A maior parte da programa\u00e7\u00e3o do \u201cCan\u00e7\u00e3o Nova Abra\u00e7a S\u00e3o Paulo\u201d ser\u00e1 transmitida dos est\u00fadios da Can\u00e7\u00e3o Nova em S\u00e3o Paulo.<\/p>\n<p style=\"text-align: justify;\">Os paulistanos podem assistir \u00e0 TV Can\u00e7\u00e3o Nova pelo canal 59.1. Tamb\u00e9m tem a op\u00e7\u00e3o de sintonizar a TV Can\u00e7\u00e3o Nova pela Sky, canal 8; pela Oi TV 30; Claro TV 194; Vivo TV 233; pelo site:<a href=\"http:\/\/tv.cancaonova.com\/\"> tv.cancaonova.com<\/a>, redes sociais da TV Can\u00e7\u00e3o Nova, Facebook:<a href=\"https:\/\/www.facebook.com\/tvcancaonova\/\"> https:\/\/www.facebook.com\/tvcancaonova\/<\/a> e<a href=\"https:\/\/www.youtube.com\/watch?v=C_kvikdF7y8&amp;feature=emb_logo\"> TV Can\u00e7\u00e3o Nova Youtube<\/a>, ou baixando o canal pelo celular \u2013 TV Can\u00e7\u00e3o Nova, na \u201cPlayStore\u201d ou \u201cApp Store\u201d do aparelho.<\/p>\n<p style=\"text-align: justify;\">\n<p style=\"text-align: justify;\"><strong>Servi\u00e7o<\/strong><\/p>\n<p style=\"text-align: justify;\"><strong><em><u>Evento: \u201cCan\u00e7\u00e3o Nova Abra\u00e7a S\u00e3o Paulo\u201d, tema: \u201cEis que vou fazer obra nova, a qual j\u00e1 surge: n\u00e3o a vedes?\u201d (Is 43,19)<\/u><\/em><\/strong><\/p>\n<p style=\"text-align: justify;\"><strong>Data:<\/strong> 1 e 2 de agosto de 2020<\/p>\n<p style=\"text-align: justify;\"><strong>Local: <\/strong>Can\u00e7\u00e3o Nova em S\u00e3o Paulo<\/p>\n<p style=\"text-align: justify;\"><strong>Entrada: <\/strong>Fechada. Sem presen\u00e7a de p\u00fablico<\/p>\n<p style=\"text-align: justify;\">\n<p style=\"text-align: justify;\"><strong>Mais informa\u00e7\u00f5es: <\/strong>Assessoria de Imprensa Can\u00e7\u00e3o Nova<\/p>\n<p style=\"text-align: justify;\"><a href=\"http:\/\/assessoria.cancaonova.com\/\">assessoria.cancaonova.com<\/a><\/p>\n<p style=\"text-align: justify;\"><strong>Telefones:<\/strong> (12) 3186-2086 \/ 2122-9664 \/ 99133 4469<\/p>\n","protected":false},"excerpt":{"rendered":"<p>A 14\u00aa edi\u00e7\u00e3o do evento celebra 20 anos da TV em S\u00e3o Paulo e acontece sem a presen\u00e7a de p\u00fablico Neste s\u00e1bado (1) e domingo (2), a Can\u00e7\u00e3o Nova em S\u00e3o Paulo, realiza a 14\u00aa edi\u00e7\u00e3o do evento \u201cCan\u00e7\u00e3o Nova Abra\u00e7a S\u00e3o Paulo\u201d, com o tema: \u201cEis que vou fazer obra nova, a qual j\u00e1 [&hellip;]<\/p>\n","protected":false},"author":1,"featured_media":61010,"comment_status":"open","ping_status":"closed","sticky":false,"template":"","format":"standard","meta":{"footnotes":""},"categories":[4],"tags":[],"class_list":["post-61009","post","type-post","status-publish","format-standard","has-post-thumbnail","hentry","category-cotidiano"],"_links":{"self":[{"href":"https:\/\/catolicanet.net\/wp-cnet\/wp-json\/wp\/v2\/posts\/61009","targetHints":{"allow":["GET"]}}],"collection":[{"href":"https:\/\/catolicanet.net\/wp-cnet\/wp-json\/wp\/v2\/posts"}],"about":[{"href":"https:\/\/catolicanet.net\/wp-cnet\/wp-json\/wp\/v2\/types\/post"}],"author":[{"embeddable":true,"href":"https:\/\/catolicanet.net\/wp-cnet\/wp-json\/wp\/v2\/users\/1"}],"replies":[{"embeddable":true,"href":"https:\/\/catolicanet.net\/wp-cnet\/wp-json\/wp\/v2\/comments?post=61009"}],"version-history":[{"count":1,"href":"https:\/\/catolicanet.net\/wp-cnet\/wp-json\/wp\/v2\/posts\/61009\/revisions"}],"predecessor-version":[{"id":61011,"href":"https:\/\/catolicanet.net\/wp-cnet\/wp-json\/wp\/v2\/posts\/61009\/revisions\/61011"}],"wp:featuredmedia":[{"embeddable":true,"href":"https:\/\/catolicanet.net\/wp-cnet\/wp-json\/wp\/v2\/media\/61010"}],"wp:attachment":[{"href":"https:\/\/catolicanet.net\/wp-cnet\/wp-json\/wp\/v2\/media?parent=61009"}],"wp:term":[{"taxonomy":"category","embeddable":true,"href":"https:\/\/catolicanet.net\/wp-cnet\/wp-json\/wp\/v2\/categories?post=61009"},{"taxonomy":"post_tag","embeddable":true,"href":"https:\/\/catolicanet.net\/wp-cnet\/wp-json\/wp\/v2\/tags?post=61009"}],"curies":[{"name":"wp","href":"https:\/\/api.w.org\/{rel}","templated":true}]}}