{"id":60974,"date":"2020-07-27T08:54:22","date_gmt":"2020-07-27T11:54:22","guid":{"rendered":"https:\/\/catolicanet.net\/wp-cnet\/?p=60974"},"modified":"2020-07-27T09:55:20","modified_gmt":"2020-07-27T12:55:20","slug":"65-anos-da-1a-conferencia-geral-do-episcopado-latino-americano-no-rio-de-janeiro","status":"publish","type":"post","link":"https:\/\/catolicanet.net\/wp-cnet\/65-anos-da-1a-conferencia-geral-do-episcopado-latino-americano-no-rio-de-janeiro\/","title":{"rendered":"65 anos da 1\u00aa Confer\u00eancia Geral do Episcopado Latino-Americano, no Rio de Janeiro"},"content":{"rendered":"<div class=\"article__subTitle\" style=\"text-align: justify;\">Numa carta, os bispos agradecem a Deus pelos 65 anos desta Confer\u00eancia na qual foi decidido pedir ao Papa Pio XII \u201ca cria\u00e7\u00e3o do Conselho Episcopal Latino-Americano \u2013 Celam, com o objetivo de estudar os problemas que dizem respeito \u00e0 Igreja na Am\u00e9rica Latina, coordenar atividades e preparar novas Confer\u00eancias do Episcopado Latino-Americano\u201d. O mesmo tem se empenhado em favorecer \u201cprocessos de evangeliza\u00e7\u00e3o e servi\u00e7o eclesial\u201d no Continente<\/div>\n<div class=\"title__separator\" style=\"text-align: justify;\"><\/div>\n<div class=\"article__text\">\n<p style=\"text-align: justify;\"><b>Vatican News<\/b><\/p>\n<div style=\"text-align: justify;\">\n<div class=\"article__embed article__embed--unwrap article__embed--dark\">\n<div class=\"article__innerTitle\">Ou\u00e7a e compartilhe<\/div>\n<div>\n<!--[if lt IE 9]><script>document.createElement('audio');<\/script><![endif]-->\n<audio class=\"wp-audio-shortcode\" id=\"audio-60974-1\" preload=\"none\" style=\"width: 100%;\" controls=\"controls\"><source type=\"audio\/mpeg\" src=\"https:\/\/media.vaticannews.va\/media\/audio\/s1\/2020\/07\/27\/09\/135667639_F135667639.mp3?_=1\" \/><a href=\"https:\/\/media.vaticannews.va\/media\/audio\/s1\/2020\/07\/27\/09\/135667639_F135667639.mp3\">https:\/\/media.vaticannews.va\/media\/audio\/s1\/2020\/07\/27\/09\/135667639_F135667639.mp3<\/a><\/audio>\n<\/div>\n<\/div>\n<\/div>\n<p style=\"text-align: justify;\">Por ocasi\u00e3o dos 65 anos da primeira Confer\u00eancia Geral dos bispos da Am\u00e9rica Latina, realizada em 1955 no Rio de Janeiro, o Conselho Episcopal Latino Americano (Celam), numa carta assinada por sua presid\u00eancia e publicada na p\u00e1gina web do Episcopado, agradece a Deus por esta conquista e pede a intercess\u00e3o da Sant\u00edssima Virgem Maria, Nossa Senhora de Guadalupe, a fim de que o processo de evangeliza\u00e7\u00e3o de uma Igreja em sa\u00edda, mission\u00e1ria e sinodal possa continuar.<\/p>\n<p style=\"text-align: justify;\">\u201cAgradecemos a Deus pelo 65\u00ba anivers\u00e1rio desta Confer\u00eancia convocada pelo Papa Pio XII, e na qual foi decidido pedir a Sua Santidade a cria\u00e7\u00e3o do Conselho Episcopal Latino-Americano \u2013 Celam, com o objetivo de estudar os problemas que dizem respeito \u00e0 Igreja na Am\u00e9rica Latina, coordenar atividades e preparar novas Confer\u00eancias do Episcopado Latino-Americano com os novos desafios dos tempos de mudan\u00e7a\u201d, l\u00ea-se no texto.<\/p>\n<h2 style=\"text-align: justify;\">A\u00e7\u00e3o estimulada pela presen\u00e7a e palavra dos Santos Padres<\/h2>\n<p style=\"text-align: justify;\">A partir da\u00ed, o Celam tem tratado de problemas sociais, miss\u00f5es, povos ind\u00edgenas, popula\u00e7\u00e3o de origem africana, imigrantes, mar\u00edtimos, bem como do problema da escassez de sacerdotes, e ao longo de toda a sua exist\u00eancia tem se empenhado em favorecer \u201cprocessos de evangeliza\u00e7\u00e3o e servi\u00e7o eclesial\u201d para difundir a f\u00e9 e torn\u00e1-la parte integrante do pensamento, dos costumes e das institui\u00e7\u00f5es do Continente.<\/p>\n<p style=\"text-align: justify;\">Sua a\u00e7\u00e3o &#8211; explicam os bispos \u2013 \u201cfoi particularmente estimulada pela presen\u00e7a e mensagem dos Santos Padres Paulo VI, Jo\u00e3o Paulo II, Bento XVI e agora do Papa Francisco, que fizeram sentir sua proximidade e sua palavra guia em todos os pa\u00edses de nosso continente\u201d.<\/p>\n<p style=\"text-align: justify;\">Vatican News Service \u2013 AP\/RL<\/p>\n<\/div>\n","protected":false},"excerpt":{"rendered":"<p>Numa carta, os bispos agradecem a Deus pelos 65 anos desta Confer\u00eancia na qual foi decidido pedir ao Papa Pio XII \u201ca cria\u00e7\u00e3o do Conselho Episcopal Latino-Americano \u2013 Celam, com o objetivo de estudar os problemas que dizem respeito \u00e0 Igreja na Am\u00e9rica Latina, coordenar atividades e preparar novas Confer\u00eancias do Episcopado Latino-Americano\u201d. O mesmo [&hellip;]<\/p>\n","protected":false},"author":1,"featured_media":60975,"comment_status":"open","ping_status":"closed","sticky":false,"template":"","format":"standard","meta":{"footnotes":""},"categories":[3],"tags":[],"class_list":["post-60974","post","type-post","status-publish","format-standard","has-post-thumbnail","hentry","category-vaticano"],"_links":{"self":[{"href":"https:\/\/catolicanet.net\/wp-cnet\/wp-json\/wp\/v2\/posts\/60974","targetHints":{"allow":["GET"]}}],"collection":[{"href":"https:\/\/catolicanet.net\/wp-cnet\/wp-json\/wp\/v2\/posts"}],"about":[{"href":"https:\/\/catolicanet.net\/wp-cnet\/wp-json\/wp\/v2\/types\/post"}],"author":[{"embeddable":true,"href":"https:\/\/catolicanet.net\/wp-cnet\/wp-json\/wp\/v2\/users\/1"}],"replies":[{"embeddable":true,"href":"https:\/\/catolicanet.net\/wp-cnet\/wp-json\/wp\/v2\/comments?post=60974"}],"version-history":[{"count":1,"href":"https:\/\/catolicanet.net\/wp-cnet\/wp-json\/wp\/v2\/posts\/60974\/revisions"}],"predecessor-version":[{"id":60976,"href":"https:\/\/catolicanet.net\/wp-cnet\/wp-json\/wp\/v2\/posts\/60974\/revisions\/60976"}],"wp:featuredmedia":[{"embeddable":true,"href":"https:\/\/catolicanet.net\/wp-cnet\/wp-json\/wp\/v2\/media\/60975"}],"wp:attachment":[{"href":"https:\/\/catolicanet.net\/wp-cnet\/wp-json\/wp\/v2\/media?parent=60974"}],"wp:term":[{"taxonomy":"category","embeddable":true,"href":"https:\/\/catolicanet.net\/wp-cnet\/wp-json\/wp\/v2\/categories?post=60974"},{"taxonomy":"post_tag","embeddable":true,"href":"https:\/\/catolicanet.net\/wp-cnet\/wp-json\/wp\/v2\/tags?post=60974"}],"curies":[{"name":"wp","href":"https:\/\/api.w.org\/{rel}","templated":true}]}}