{"id":60941,"date":"2020-07-24T09:15:37","date_gmt":"2020-07-24T12:15:37","guid":{"rendered":"https:\/\/catolicanet.net\/wp-cnet\/?p=60941"},"modified":"2020-07-24T11:16:50","modified_gmt":"2020-07-24T14:16:50","slug":"belissima-oracao-a-sao-joaquim-e-santana-pelos-avos-e-idosos","status":"publish","type":"post","link":"https:\/\/catolicanet.net\/wp-cnet\/belissima-oracao-a-sao-joaquim-e-santana-pelos-avos-e-idosos\/","title":{"rendered":"Bel\u00edssima ora\u00e7\u00e3o a S\u00e3o Joaquim e Sant\u2019Ana pelos av\u00f3s e idosos"},"content":{"rendered":"<h2 class=\"subtitle\" style=\"text-align: justify;\">Recorra aos av\u00f3s de Jesus para pedir a prote\u00e7\u00e3o dos mais velhos e o amparo para as fam\u00edlias<\/h2>\n<div class=\"base-post-content\">\n<p class=\"p2\" style=\"text-align: justify;\"><span class=\"s1\"><i>\u201cSenhor por intercess\u00e3o de S\u00e3o Joaquim e Santa Ana, lembra-Te daqueles a quem deste o dom da vida longa. Recompensa-os agora pelo bem que realizaram no passado, perdoa-os por suas falhas. Torna seus dias felizes e d\u00e1-lhes Tua gra\u00e7a a fim de que sigam crescendo atrav\u00e9s dos desafios de seus \u00faltimos anos. D\u00e1-lhes a vida eterna Contigo. Senhor Jesus, pe\u00e7o-te uma b\u00ean\u00e7\u00e3o para todos aqueles que chegaram \u00e0 idade avan\u00e7ada, especialmente estes:<\/i><\/span><\/p>\n<p class=\"p2\" style=\"text-align: justify;\"><span class=\"s1\"><i>(Diga os nomes, bem como sua inten\u00e7\u00e3o pelos idosos)<\/i><\/span><\/p>\n<p class=\"p2\" style=\"text-align: justify;\"><span class=\"s1\"><i>E a mim Senhor pe\u00e7o a gra\u00e7a de saber valorizar os idosos, pe\u00e7o a gra\u00e7a de saber dar aten\u00e7\u00e3o, carinho e afeto, respeito e dignidade aos idosos. Sei que se Vossa bondade me conceder um dia, tamb\u00e9m o serei e sei que a vida \u00e9 um aprendizado. Por isso rezo, dai-me a gra\u00e7a de saber envelhecer, dai-me a maturidade que a minha idade permite ter, dai-me sabedoria, compreens\u00e3o do mundo e das pessoas porque cada dia \u00e9 um passo rumo \u00e0 Tua presen\u00e7a.<\/i><\/span><\/p>\n<p class=\"p2\" style=\"text-align: justify;\"><span class=\"s1\"><i>Senhor por intercess\u00e3o de S\u00e3o Joaquim e Santa Ana, av\u00f3s de Jesus, pedimos a gra\u00e7a de aceitar o tempo, aceitar os fatos, mas nunca desistir de um recome\u00e7o. Aos que j\u00e1 s\u00e3o idosos, pedimos Senhor que saibamos am\u00e1-los em suas fragilidades, acolh\u00ea-los em suas limita\u00e7\u00f5es, ajud\u00e1-los em suas dificuldades. Que a minha presen\u00e7a junto aos idosos leve-os a superar o sentimento de solid\u00e3o e me ajude a ser um ouvido que escuta, uma m\u00e3o estendida e um cora\u00e7\u00e3o que ama. A<\/i><\/span><span class=\"s1\"><i>m\u00e9m.\u201d<\/i><\/span><\/p>\n<p style=\"text-align: justify;\">Fonte:\u00a0<a href=\"https:\/\/www.padrereginaldomanzotti.org.br\/\" target=\"_blank\" rel=\"noopener noreferrer\">Padre Reginaldo Manzotti\u00a0<\/a><\/p>\n<\/div>\n","protected":false},"excerpt":{"rendered":"<p>Recorra aos av\u00f3s de Jesus para pedir a prote\u00e7\u00e3o dos mais velhos e o amparo para as fam\u00edlias \u201cSenhor por intercess\u00e3o de S\u00e3o Joaquim e Santa Ana, lembra-Te daqueles a quem deste o dom da vida longa. Recompensa-os agora pelo bem que realizaram no passado, perdoa-os por suas falhas. Torna seus dias felizes e d\u00e1-lhes [&hellip;]<\/p>\n","protected":false},"author":1,"featured_media":60942,"comment_status":"open","ping_status":"closed","sticky":false,"template":"","format":"standard","meta":{"footnotes":""},"categories":[4],"tags":[],"class_list":["post-60941","post","type-post","status-publish","format-standard","has-post-thumbnail","hentry","category-cotidiano"],"_links":{"self":[{"href":"https:\/\/catolicanet.net\/wp-cnet\/wp-json\/wp\/v2\/posts\/60941","targetHints":{"allow":["GET"]}}],"collection":[{"href":"https:\/\/catolicanet.net\/wp-cnet\/wp-json\/wp\/v2\/posts"}],"about":[{"href":"https:\/\/catolicanet.net\/wp-cnet\/wp-json\/wp\/v2\/types\/post"}],"author":[{"embeddable":true,"href":"https:\/\/catolicanet.net\/wp-cnet\/wp-json\/wp\/v2\/users\/1"}],"replies":[{"embeddable":true,"href":"https:\/\/catolicanet.net\/wp-cnet\/wp-json\/wp\/v2\/comments?post=60941"}],"version-history":[{"count":1,"href":"https:\/\/catolicanet.net\/wp-cnet\/wp-json\/wp\/v2\/posts\/60941\/revisions"}],"predecessor-version":[{"id":60943,"href":"https:\/\/catolicanet.net\/wp-cnet\/wp-json\/wp\/v2\/posts\/60941\/revisions\/60943"}],"wp:featuredmedia":[{"embeddable":true,"href":"https:\/\/catolicanet.net\/wp-cnet\/wp-json\/wp\/v2\/media\/60942"}],"wp:attachment":[{"href":"https:\/\/catolicanet.net\/wp-cnet\/wp-json\/wp\/v2\/media?parent=60941"}],"wp:term":[{"taxonomy":"category","embeddable":true,"href":"https:\/\/catolicanet.net\/wp-cnet\/wp-json\/wp\/v2\/categories?post=60941"},{"taxonomy":"post_tag","embeddable":true,"href":"https:\/\/catolicanet.net\/wp-cnet\/wp-json\/wp\/v2\/tags?post=60941"}],"curies":[{"name":"wp","href":"https:\/\/api.w.org\/{rel}","templated":true}]}}