{"id":6093,"date":"2015-07-23T17:16:23","date_gmt":"2015-07-23T20:16:23","guid":{"rendered":"http:\/\/catolicanet.net\/wp-cnet\/observatorio-astronomico-do-vaticano-uma-visao-que-vai-muito-alem\/"},"modified":"2017-04-10T16:00:11","modified_gmt":"2017-04-10T19:00:11","slug":"observatorio-astronomico-do-vaticano-uma-visao-que-vai-muito-alem","status":"publish","type":"post","link":"https:\/\/catolicanet.net\/wp-cnet\/observatorio-astronomico-do-vaticano-uma-visao-que-vai-muito-alem\/","title":{"rendered":"Observat\u00f3rio Astron\u00f4mico do Vaticano: uma vis\u00e3o que vai muito al\u00e9m"},"content":{"rendered":"<p style=\"text-align: justify;\"><img decoding=\"async\" src=\"http:\/\/catolicanet.com.br\/images\/stories\/geral\/astronomico.jpg\" border=\"0\" align=\"left\" \/>Astrof\u00edsico brasileiro testemunhou pessoalmente as \u00f3timas rela\u00e7\u00f5es entre a f\u00e9 cat\u00f3lica e a ci\u00eancia\u00a0\u00a0 <\/p>\n<p>Observat\u00f3rio Astron\u00f4mico Vaticano Creative Commons<br \/>Das muitas acusa\u00e7\u00f5es feitas contra a Igreja, uma das mais despropositadas \u00e9 a de que ela \u00e9 contra a ci\u00eancia; de que ela tem perseguido a ci\u00eancia ao longo dos mil\u00eanios. Muitos fatos desmentem isso. Um dos mais evidentes \u00e9 que o pr\u00f3prio Vaticano, atrav\u00e9s da a\u00e7\u00e3o de muitos papas, mant\u00e9m um Observat\u00f3rio Astron\u00f4mico, ou Specola Vaticana, em italiano, como \u00e9 geralmente conhecido. Esse observat\u00f3rio, edificado no cora\u00e7\u00e3o da Igreja, \u00e9 prova viva e testemunho eloquente da rela\u00e7\u00e3o de amor da Igreja e dos seus membros com a ci\u00eancia. E de que a ci\u00eancia, quando livre de uma hermen\u00eautica materialista, est\u00e1 de pleno acordo com a f\u00e9 cat\u00f3lica.<\/p>\n<p>Segundo o padre Sabino Maffeo, S.J., no livro In the service of nine popes (No servi\u00e7o de nove papas, em tradu\u00e7\u00e3o livre), a Specola Vaticana remonta ao ano de 1582, quando o papa Greg\u00f3rio XIII reformou o calend\u00e1rio juliano. O observat\u00f3rio, entretanto, n\u00e3o foi criado oficialmente naquele ano. Em v\u00e1rias \u00e9pocas, os papas se interessaram pela astronomia e criaram observat\u00f3rios. Mas foi em 1891 que o papa Le\u00e3o XIII fundou formalmente a Specola Vaticana atrav\u00e9s do motu proprio Ut Mysticam. Segundo ele, a Specola Vaticana serviria para \u201cque todos pudessem ver que a Igreja e seus pastores n\u00e3o se op\u00f5em \u00e0 verdadeira e s\u00f3lida ci\u00eancia, humana ou divina, mas abra\u00e7am-na, encorajam-na e promovem-na com a m\u00e1xima dedica\u00e7\u00e3o poss\u00edvel\u201d.<\/p>\n<p>Inicialmente, a Specola Vaticana ficava dentro do pr\u00f3prio Vaticano, na Torre dos Ventos. No final do s\u00e9culo XIX, a luminosidade em Roma n\u00e3o era muito grande e aquele era um excelente lugar. \u00c9 imprescind\u00edvel para os astr\u00f4nomos que o telesc\u00f3pio esteja em um lugar com c\u00e9u bem escuro \u00e0 noite, porque cidades luminosas impedem que se observem objetos mais fracos. Em 1933, Roma j\u00e1 tinha os c\u00e9us claros demais para permitir uma pesquisa s\u00e9ria. O papa Pio XI ofereceu a resid\u00eancia papal de ver\u00e3o em Castelgandolfo, que fica a poucos quil\u00f4metros de Roma e que tinha condi\u00e7\u00f5es excelentes de observa\u00e7\u00e3o. Em 1980, novamente os c\u00e9us j\u00e1 eram claros demais para os jesu\u00edtas fazerem suas pesquisas. A Specola Vaticana continuou em Castelgandolfo, mas boa parte de seus pesquisadores se mudou para Tucson, nos EUA, onde foi formado um grupo de pesquisa. Esta mudan\u00e7a foi encorajada e apoiada pelo papa Jo\u00e3o Paulo II. L\u00e1, em colabora\u00e7\u00e3o com a Universidade do Arizona, este grupo p\u00f4de cooperar com outros astrof\u00edsicos e usar v\u00e1rios telesc\u00f3pios americanos. Em 1993 foi inaugurado nos EUA um grande telesc\u00f3pio para uso dos astrof\u00edsicos da Specola Vaticana. Foi um grande salto em produtividade de pesquisa, visto que, antes, eles precisavam usar outros telesc\u00f3pios.<\/p>\n<p>Entretanto, a pesquisa de ponta em astrof\u00edsica n\u00e3o \u00e9 a \u00fanica atividade dos jesu\u00edtas da Specola Vaticana. Tamb\u00e9m \u00e9 miss\u00e3o deles servir \u00e0 Igreja, testemunhando no mundo a sua boa rela\u00e7\u00e3o com a ci\u00eancia. Eles fazem isso escrevendo artigos, dando palestras em universidades e institutos de pesquisa e organizando eventos. Ano passado, eu tive o privil\u00e9gio de poder participar de um desses eventos. A cada dois anos, \u00e9 realizada a \u201cEscola de Ver\u00e3o do Observat\u00f3rio do Vaticano\u201d. Cerca de duas d\u00fazias de estudantes de astrof\u00edsica de todo o mundo s\u00e3o selecionados para passar um m\u00eas em Castelgandolfo, tendo aulas sobre algum tema de vanguarda em astrof\u00edsica. Assim como eu, a maior parte dos estudantes era de pa\u00edses subdesenvolvidos e n\u00e3o tinha condi\u00e7\u00f5es de arcar com os custos. Por isso, o Observat\u00f3rio do Vaticano financiou as despesas.<\/p>\n<p>Durante a Escola, al\u00e9m de poder observar com os telesc\u00f3pios que ficaram em Castelgandolfo, pudemos conhecer os pesquisadores da Specola Vaticana. Mais incr\u00edvel que isso foi que, j\u00e1 no primeiro dia, tivemos a honra de ser recebidos pelo papa Bento XVI e pudemos, todos, cumpriment\u00e1-lo pessoalmente.\u00a0 O crit\u00e9rio de escolha dos participantes n\u00e3o foi religioso. Alguns dos estudantes nem mesmo sabiam o que era um \u201cpapa\u201d. Havia at\u00e9 uma estudante mu\u00e7ulmana. Foram semanas magn\u00edficas onde estudantes do mundo todo puderam vivenciar o apre\u00e7o que a Igreja cat\u00f3lica tem pela ci\u00eancia. Nenhum daqueles estudantes ser\u00e1 capaz de dizer, um dia, que a Igreja \u00e9 obscurantista e contra a ci\u00eancia. Este foi o desejo de Le\u00e3o XIII e de v\u00e1rios outros papas e tornou-se a miss\u00e3o dos padres jesu\u00edtas que constituem a Specola Vaticana. Creio que tamb\u00e9m esta deva ser a miss\u00e3o de todos n\u00f3s, cat\u00f3licos, pois o conhecimento cient\u00edfico serve \u00e0 f\u00e9 e ajuda a revelar, na beleza da cria\u00e7\u00e3o, o Criador.<\/p>\n<p style=\"text-align: justify;\">Fonte: Aleteia<\/p>\n","protected":false},"excerpt":{"rendered":"<p>Astrof\u00edsico brasileiro testemunhou pessoalmente as \u00f3timas rela\u00e7\u00f5es entre a f\u00e9 cat\u00f3lica e a ci\u00eancia\u00a0\u00a0 Observat\u00f3rio Astron\u00f4mico Vaticano Creative CommonsDas muitas acusa\u00e7\u00f5es feitas contra a Igreja, uma das mais despropositadas \u00e9 a de que ela \u00e9 contra a ci\u00eancia; de que ela tem perseguido a ci\u00eancia ao longo dos mil\u00eanios. Muitos fatos desmentem isso. Um dos [&hellip;]<\/p>\n","protected":false},"author":1,"featured_media":0,"comment_status":"closed","ping_status":"closed","sticky":false,"template":"","format":"standard","meta":{"footnotes":""},"categories":[4],"tags":[],"class_list":["post-6093","post","type-post","status-publish","format-standard","hentry","category-cotidiano"],"_links":{"self":[{"href":"https:\/\/catolicanet.net\/wp-cnet\/wp-json\/wp\/v2\/posts\/6093","targetHints":{"allow":["GET"]}}],"collection":[{"href":"https:\/\/catolicanet.net\/wp-cnet\/wp-json\/wp\/v2\/posts"}],"about":[{"href":"https:\/\/catolicanet.net\/wp-cnet\/wp-json\/wp\/v2\/types\/post"}],"author":[{"embeddable":true,"href":"https:\/\/catolicanet.net\/wp-cnet\/wp-json\/wp\/v2\/users\/1"}],"replies":[{"embeddable":true,"href":"https:\/\/catolicanet.net\/wp-cnet\/wp-json\/wp\/v2\/comments?post=6093"}],"version-history":[{"count":1,"href":"https:\/\/catolicanet.net\/wp-cnet\/wp-json\/wp\/v2\/posts\/6093\/revisions"}],"predecessor-version":[{"id":11010,"href":"https:\/\/catolicanet.net\/wp-cnet\/wp-json\/wp\/v2\/posts\/6093\/revisions\/11010"}],"wp:attachment":[{"href":"https:\/\/catolicanet.net\/wp-cnet\/wp-json\/wp\/v2\/media?parent=6093"}],"wp:term":[{"taxonomy":"category","embeddable":true,"href":"https:\/\/catolicanet.net\/wp-cnet\/wp-json\/wp\/v2\/categories?post=6093"},{"taxonomy":"post_tag","embeddable":true,"href":"https:\/\/catolicanet.net\/wp-cnet\/wp-json\/wp\/v2\/tags?post=6093"}],"curies":[{"name":"wp","href":"https:\/\/api.w.org\/{rel}","templated":true}]}}