{"id":60926,"date":"2020-07-24T09:07:50","date_gmt":"2020-07-24T12:07:50","guid":{"rendered":"https:\/\/catolicanet.net\/wp-cnet\/?p=60926"},"modified":"2020-07-24T11:08:43","modified_gmt":"2020-07-24T14:08:43","slug":"instituto-de-pastoral-vocacional-comemora-27-anos-em-prol-das-vocacoes-na-igreja","status":"publish","type":"post","link":"https:\/\/catolicanet.net\/wp-cnet\/instituto-de-pastoral-vocacional-comemora-27-anos-em-prol-das-vocacoes-na-igreja\/","title":{"rendered":"Instituto de Pastoral Vocacional comemora 27 anos em prol das voca\u00e7\u00f5es na Igreja"},"content":{"rendered":"<p style=\"text-align: justify;\">O Instituto de Pastoral Vocacional (IPV), fundado por iniciativa do Setor Voca\u00e7\u00f5es e Minist\u00e9rios da Comiss\u00e3o Nacional dos Bispos do Brasil (CNBB) completar\u00e1 no m\u00eas de agosto 27 anos de atua\u00e7\u00e3o. Para celebrar a data, no pr\u00f3ximo dia 15 de agosto, est\u00e1 programada uma celebra\u00e7\u00e3o em A\u00e7\u00e3o de Gra\u00e7as pelas redes sociais.\u00a0 A Santa Missa Comemorativa ser\u00e1 transmitida e poder\u00e1 ser acompanhada pelo\u00a0<a href=\"http:\/\/www.facebook.com\/paroquiasantuariosaojudastadeu\/\">facebook da Par\u00f3quia e Santu\u00e1rio S\u00e3o Judas Tadeu<\/a>, \u00e0s 19h.<\/p>\n<p style=\"text-align: justify;\"><a href=\"https:\/\/www.cnbb.org.br\/wp-content\/uploads\/sites\/32\/2020\/07\/03.jpg\"><img loading=\"lazy\" decoding=\"async\" class=\" wp-image-242943 alignright\" src=\"https:\/\/www.cnbb.org.br\/wp-content\/uploads\/sites\/32\/2020\/07\/03.jpg\" srcset=\"https:\/\/www.cnbb.org.br\/wp-content\/uploads\/sites\/32\/2020\/07\/03.jpg 705w, https:\/\/www.cnbb.org.br\/wp-content\/uploads\/sites\/32\/2020\/07\/03-300x150.jpg 300w\" alt=\"\" width=\"403\" height=\"202\" \/><\/a><\/p>\n<p style=\"text-align: justify;\">Fundado em 15 de agosto de 1993, no Centro Rogate do Brasil, sede atual do Instituto, o IPV desde o in\u00edcio surgiu com a ideia de convocar as congrega\u00e7\u00f5es e os institutos com carismas vocacionais para que se conhecessem e vissem a possibilidade de juntar for\u00e7as para servir a Igreja no campo das voca\u00e7\u00f5es. Padre Juarez Destro, atual diretor presidente do IPV, afirmou que ao longo destes 27 anos, com humildade e uni\u00e3o, muitos frutos foram colhidos:<\/p>\n<blockquote><p>\u201cA marca do IPV est\u00e1, direta ou indiretamente, estampada nos v\u00e1rios eventos vocacionais significativos na Igreja do Brasil nos \u00faltimos 27 anos. A Escola Vocacional, hoje organizada por tantas outras institui\u00e7\u00f5es neste vasto pa\u00eds, \u00e9 uma \u201cmarca-registrada\u201d do IPV, que formou muitos animadores vocacionais. Os Congressos Vocacionais do Brasil (1999, 2005, 2010 e 2019) sempre contaram com a direta ajuda do IPV, seja na produ\u00e7\u00e3o dos Textos-base e Documentos Finais Conclusivos, ou nos cursos de repasse em diversas regi\u00f5es. A produ\u00e7\u00e3o de subs\u00eddios, livros, celebra\u00e7\u00f5es, v\u00eddeos ou filmes vocacionais (o \u00faltimo foi premiado com o Margarida de Prata, em 2016 \u2013 \u201cDespertar para Sonhar, o chamado que Deus faz a cada um\u201d), tudo isso traz a marca e a qualidade do IPV\u201d, garante o padre Juarez.<\/p><\/blockquote>\n<p style=\"text-align: justify;\">Tamb\u00e9m no mesmo m\u00eas, no dia 4 de agosto, por videoconfer\u00eancia, acontecer\u00e1 a reuni\u00e3o anual do Conselho Superior do IPV, que ser\u00e1 eletiva. Al\u00e9m dos relat\u00f3rios da \u00faltima gest\u00e3o \u2013 tri\u00eanio 2017-2020 \u2013 e tamb\u00e9m indica\u00e7\u00f5es de projetos ao tri\u00eanio 2020-2023, ser\u00e3o eleitos o Presidente e o Secret\u00e1rio do Conselho Superior, e os membros da Diretoria Executiva: Diretor-Presidente, Diretor-Secret\u00e1rio, Diretor- Tesoureiro e tr\u00eas Conselheiros (um para cada Departamento de Atividades: Forma\u00e7\u00e3o, Pesquisa, Comunica\u00e7\u00e3o e Marketing).<\/p>\n<p style=\"text-align: justify;\">Padre Juarez, que tamb\u00e9m \u00e9 assessor da Comiss\u00e3o para os Minist\u00e9rios Ordenados e a Vida Consagrada da CNBB, disse que sua expectativa para a pr\u00f3xima gest\u00e3o \u00e9 que se continue o profetismo, a ousadia, o testemunho de vida, a intercongregacionalidade, a comunh\u00e3o e a fortaleza. \u201cDevemos estar atentos \u00e0s novas m\u00eddias, sabendo fazer-se presente, e tamb\u00e9m \u00e0s novas gera\u00e7\u00f5es, auxiliando no discernimento, animando-as a participar dos eventos espec\u00edficos organizados a elas, como as miss\u00f5es vocacionais\u201d, afirmou.<\/p>\n<blockquote><p>\u201cDevemos louvar a Deus pelos 27 anos de servi\u00e7o \u00e0 Igreja no campo das voca\u00e7\u00f5es, agradecendo a tantos que se doaram nos cargos a que foram chamados, e, ao mesmo tempo, rezar para que o Senhor da messe envie mais oper\u00e1rios e oper\u00e1rias ao servi\u00e7o da pr\u00f3pria organiza\u00e7\u00e3o estrutural do IPV, em vista de aprimorar ainda mais o seu servi\u00e7o\u201d, disse padre Juarez.<\/p><\/blockquote>\n<h3 style=\"text-align: justify;\">Miss\u00e3o<\/h3>\n<p style=\"text-align: justify;\">Na assembleia de funda\u00e7\u00e3o do IPV, em 1993, foram aprovados os estatutos e o regimento, indicada a diretoria executiva, planejadas as atividades e os servi\u00e7os, culminando com a celebra\u00e7\u00e3o lit\u00fargica festiva. Em todo esse processo esteve presente dom Joel Ivo Catapan, SVD, \u00e0 \u00e9poca bispo auxiliar de S\u00e3o Paulo, cognominado \u201co bispo das voca\u00e7\u00f5es\u201d, falecido em 1999.<\/p>\n<p style=\"text-align: justify;\">Padre Juarez afirma que desde ent\u00e3o a miss\u00e3o do IPV continua a mesma do in\u00edcio, e que o slogan faz refer\u00eancia a isso: \u201cAnimar as voca\u00e7\u00f5es \u00e9 a nossa miss\u00e3o\u201d. \u201cUma tarefa nada f\u00e1cil, que engloba algumas importantes dimens\u00f5es, especialmente a forma\u00e7\u00e3o, a pesquisa e a produ\u00e7\u00e3o de subs\u00eddios. Os institutos religiosos que comp\u00f5em o IPV se complementam\u201d, afirma o padre.<\/p>\n<blockquote>\n<p style=\"text-align: justify;\">\u201cO espec\u00edfico de cada um contribui para a plenitude do todo. Na diversidade, h\u00e1 unidade. Cada carisma, acentuando o dom recebido, vai fazendo com que o corpo do IPV seja completo e responda plenamente \u00e0 sua miss\u00e3o. A partir da identidade de cada um, percebem-se elementos que s\u00e3o indispens\u00e1veis ao servi\u00e7o \u00e0s voca\u00e7\u00f5es. A\u00a0<strong>ora\u00e7\u00e3o<\/strong>\u00a0fortalece a\u00a0<strong>a\u00e7\u00e3o<\/strong>\u00a0e a\u00a0<strong>miss\u00e3o<\/strong>\u00a0dos que se empenham no trabalho e no cultivo das voca\u00e7\u00f5es, faz suscitar novos oper\u00e1rios e oper\u00e1rias na Igreja. A ora\u00e7\u00e3o, o trabalho e as novas voca\u00e7\u00f5es nascem da miseric\u00f3rdia e compaix\u00e3o de Deus para com a humanidade. Na ora\u00e7\u00e3o, no zelo, no despertar, no cultivo, na promo\u00e7\u00e3o, no apoio e no acompanhamento das voca\u00e7\u00f5es, o IPV concretiza seu objetivo de\u00a0<em>servir a Igreja do Brasil no campo das voca\u00e7\u00f5es e dos minist\u00e9rios\u201d,\u00a0<\/em>finaliza padre Juarez<em>.<\/em><\/p>\n<\/blockquote>\n","protected":false},"excerpt":{"rendered":"<p>O Instituto de Pastoral Vocacional (IPV), fundado por iniciativa do Setor Voca\u00e7\u00f5es e Minist\u00e9rios da Comiss\u00e3o Nacional dos Bispos do Brasil (CNBB) completar\u00e1 no m\u00eas de agosto 27 anos de atua\u00e7\u00e3o. Para celebrar a data, no pr\u00f3ximo dia 15 de agosto, est\u00e1 programada uma celebra\u00e7\u00e3o em A\u00e7\u00e3o de Gra\u00e7as pelas redes sociais.\u00a0 A Santa Missa [&hellip;]<\/p>\n","protected":false},"author":1,"featured_media":60927,"comment_status":"open","ping_status":"closed","sticky":false,"template":"","format":"standard","meta":{"footnotes":""},"categories":[7],"tags":[],"class_list":["post-60926","post","type-post","status-publish","format-standard","has-post-thumbnail","hentry","category-cnbb"],"_links":{"self":[{"href":"https:\/\/catolicanet.net\/wp-cnet\/wp-json\/wp\/v2\/posts\/60926","targetHints":{"allow":["GET"]}}],"collection":[{"href":"https:\/\/catolicanet.net\/wp-cnet\/wp-json\/wp\/v2\/posts"}],"about":[{"href":"https:\/\/catolicanet.net\/wp-cnet\/wp-json\/wp\/v2\/types\/post"}],"author":[{"embeddable":true,"href":"https:\/\/catolicanet.net\/wp-cnet\/wp-json\/wp\/v2\/users\/1"}],"replies":[{"embeddable":true,"href":"https:\/\/catolicanet.net\/wp-cnet\/wp-json\/wp\/v2\/comments?post=60926"}],"version-history":[{"count":1,"href":"https:\/\/catolicanet.net\/wp-cnet\/wp-json\/wp\/v2\/posts\/60926\/revisions"}],"predecessor-version":[{"id":60928,"href":"https:\/\/catolicanet.net\/wp-cnet\/wp-json\/wp\/v2\/posts\/60926\/revisions\/60928"}],"wp:featuredmedia":[{"embeddable":true,"href":"https:\/\/catolicanet.net\/wp-cnet\/wp-json\/wp\/v2\/media\/60927"}],"wp:attachment":[{"href":"https:\/\/catolicanet.net\/wp-cnet\/wp-json\/wp\/v2\/media?parent=60926"}],"wp:term":[{"taxonomy":"category","embeddable":true,"href":"https:\/\/catolicanet.net\/wp-cnet\/wp-json\/wp\/v2\/categories?post=60926"},{"taxonomy":"post_tag","embeddable":true,"href":"https:\/\/catolicanet.net\/wp-cnet\/wp-json\/wp\/v2\/tags?post=60926"}],"curies":[{"name":"wp","href":"https:\/\/api.w.org\/{rel}","templated":true}]}}