{"id":60923,"date":"2020-07-24T10:06:12","date_gmt":"2020-07-24T13:06:12","guid":{"rendered":"https:\/\/catolicanet.net\/wp-cnet\/?p=60923"},"modified":"2020-07-24T11:07:08","modified_gmt":"2020-07-24T14:07:08","slug":"organizacoes-eclesiais-e-da-sociedade-lancam-campanha-de-cuidado-com-a-amazonia","status":"publish","type":"post","link":"https:\/\/catolicanet.net\/wp-cnet\/organizacoes-eclesiais-e-da-sociedade-lancam-campanha-de-cuidado-com-a-amazonia\/","title":{"rendered":"Organiza\u00e7\u00f5es eclesiais e da sociedade lan\u00e7am campanha de cuidado com a Amaz\u00f4nia"},"content":{"rendered":"<p style=\"text-align: justify;\">Ser\u00e1 lan\u00e7ada na pr\u00f3xima<strong>\u00a0segunda-feira<\/strong>,\u00a0<strong>dia 27 de julho, \u00e0s 16h de Bras\u00edlia<\/strong>, por meio de uma live, a Campanha Amazoniza-te. Organizada pela Comiss\u00e3o Episcopal para a Amaz\u00f4nia da Confer\u00eancia Nacional dos Bispos do Brasil (CNBB) em parceria com outras organiza\u00e7\u00f5es eclesiais e da sociedade civil, a iniciativa surge atenta ao contexto onde as viol\u00eancias contra os povos tradicionais s\u00e3o agravadas pela pandemia da Covid-19. Enfrenta-se uma conjuntura onde o desmatamento e a grilagem, as queimadas, a minera\u00e7\u00e3o e garimpo se intensificam, tornando-se agentes de prolifera\u00e7\u00e3o do coronav\u00edrus nas comunidades da regi\u00e3o amaz\u00f4nica.<\/p>\n<p style=\"text-align: justify;\">A campanha levanta o chamado a \u201cAmazonizar-te\u201d, em um convite de a\u00e7\u00f5es que articulem as lideran\u00e7as dos povos e comunidades tradicionais, a Igreja na Amaz\u00f4nia, os diferentes organismos eclesiais, artistas e formadores de opini\u00e3o, pesquisadores e cientistas. A convocat\u00f3ria \u201cAmazonizar\u201d prop\u00f5e a participa\u00e7\u00e3o ativa de todo o povo em defesa da Amaz\u00f4nia, seu bioma e seus povos amea\u00e7ados em seus territ\u00f3rios. S\u00e3o vozes que se somam diante uma realidade de muitas vidas injusti\u00e7adas, expulsas de suas terras, torturadas e assassinadas nos conflitos agr\u00e1rios e socioambientais, v\u00edtimas de uma pol\u00edtica norteada pelo agroneg\u00f3cio e por grandes projetos econ\u00f4micos desenvolvimentistas que n\u00e3o respeitam os limites da natureza nem a sua preserva\u00e7\u00e3o.<\/p>\n<p style=\"text-align: justify;\">A iniciativa une-se \u00e0 caminhada realizada ao longo dos \u00faltimos anos em vista do S\u00ednodo para a Amaz\u00f4nia, realizado em outubro de 2019, em Roma. Com o Papa Francisco, a regi\u00e3o Amaz\u00f4nica e a vida dos povos que habitam a regi\u00e3o ganham o centro dos debates na Igreja. \u201cNa Amaz\u00f4nia aparece todo tipo de injusti\u00e7a, destrui\u00e7\u00e3o de pessoas, explora\u00e7\u00e3o de pessoas em todos os n\u00edveis. E destrui\u00e7\u00e3o da identidade cultural\u201d, ponderou Francisco no encerramento do S\u00ednodo dos Bispos sobre a Amaz\u00f4nia.<\/p>\n<p style=\"text-align: justify;\">De acordo com o presidente da CNBB, dom Walmor Oliveira de Azevedo, a campanha \u201cAmazoniza-te\u201d \u00e9 um convite, uma convoca\u00e7\u00e3o e uma oportunidade para se viver a solidariedade com a floresta e com os povos da regi\u00e3o. \u201cN\u00f3s queremos, nesse convite a \u2018amazonizar\u2019, superar a viola\u00e7\u00e3o sistem\u00e1tica da legisla\u00e7\u00e3o de prote\u00e7\u00e3o ambiental e o desmonte dos \u00f3rg\u00e3os p\u00fablicos com atua\u00e7\u00e3o do governo para desregulamentar e ampliar de forma ilegal a atua\u00e7\u00e3o das mineradoras, agroneg\u00f3cio, madeireiras e pecuaristas na regi\u00e3o\u201d, destacou dom Walmor.<\/p>\n<p style=\"text-align: justify;\">Orientados pela escuta dos clamores e esperan\u00e7as, a campanha \u00e9 culmin\u00e2ncia das diferentes a\u00e7\u00f5es e mobiliza\u00e7\u00f5es realizadas pelas organiza\u00e7\u00f5es eclesiais e sociais que atuam na Amaz\u00f4nia ou na defesa dela, como o Conselho Indigenista Mission\u00e1rio (Cimi), Comiss\u00e3o Pastoral da Terra (CPT), Rede Eclesial Pan-Amaz\u00f4nica (Repam), M\u00eddia Ninja e Movimento Humanos Direitos (MHuD).<\/p>\n<p style=\"text-align: justify;\">Na live de lan\u00e7amento que acontecer\u00e1 na pr\u00f3xima segunda-feira (27) \u00e0s 16h, ser\u00e1 divulgado o hotsite da campanha com materiais de apoio, manifestos pol\u00edticos das organiza\u00e7\u00f5es e um compilado de estudos sobre a realidade da Amaz\u00f4nia para fundamentar a\u00e7\u00f5es e posicionamentos. A campanha traz uma s\u00e9rie de v\u00eddeos com depoimentos das popula\u00e7\u00f5es tradicionais da Amaz\u00f4nia que dialogam com o alerta assumido tamb\u00e9m por artistas de express\u00e3o nacional e internacional. O grupo de organiza\u00e7\u00f5es propor\u00e1 uma lista de a\u00e7\u00f5es concretas a serem assumidas de forma pessoal ou coletiva na perspectiva de \u201cAmazonizar-se\u201d.<\/p>\n<p style=\"text-align: justify;\"><strong>A CAMPANHA<\/strong><\/p>\n<p style=\"text-align: justify;\">A campanha \u201cAmazoniza-te\u201d nasceu do di\u00e1logo entre as organiza\u00e7\u00f5es eclesiais e da necessidade de sensibilizar a opini\u00e3o p\u00fablica brasileira e internacional sobre o perigo ao qual est\u00e1 sendo exposta a vida na Amaz\u00f4nia, com os territ\u00f3rios e as popula\u00e7\u00f5es. O desmonte dos \u00f3rg\u00e3os p\u00fablicos de prote\u00e7\u00e3o ambiental, o desrespeito cont\u00ednuo da legisla\u00e7\u00e3o, bem como aus\u00eancia da participa\u00e7\u00e3o da sociedade civil nos espa\u00e7os de regula\u00e7\u00e3o e controle das pol\u00edticas p\u00fablicas tamb\u00e9m fomentaram a cria\u00e7\u00e3o da campanha.<\/p>\n<p style=\"text-align: justify;\"><em>Para tanto, a campanha Amazoniza-te se estrutura a partir de tr\u00eas eixos:<\/em><br \/>\n1. Vulnerabilidade dos Povos Ind\u00edgenas e comunidades tradicionais \u00e0 contamina\u00e7\u00e3o pelo novo coronav\u00edrus, com destaque para a debilidade no atendimento e estrutura dos equipamentos p\u00fablicos de sa\u00fade nos estados e munic\u00edpios da regi\u00e3o, aqu\u00e9m das condi\u00e7\u00f5es de outras regi\u00f5es do pa\u00eds;<br \/>\n2. Acelera\u00e7\u00e3o da destrui\u00e7\u00e3o do Bioma pelo aumento descontrolado do desmatamento, das queimadas, a invas\u00e3o de territ\u00f3rios ind\u00edgenas e das Comunidades Tradicionais pela grilagem, minera\u00e7\u00e3o, garimpo, pecu\u00e1ria e plantio de monoculturas, e pelos efeitos das hidrel\u00e9tricas sobre as popula\u00e7\u00f5es ribeirinhas;<br \/>\n3. Viola\u00e7\u00e3o sistem\u00e1tica da legisla\u00e7\u00e3o de prote\u00e7\u00e3o ambiental e desmonte dos \u00f3rg\u00e3os p\u00fablicos, com atua\u00e7\u00e3o intencional do governo para desregulamentar e ampliar \u2013 de forma ilegal \u2013 a atua\u00e7\u00e3o das mineradoras, agroneg\u00f3cio, madeireiras e pecuaristas na regi\u00e3o.<\/p>\n<p style=\"text-align: justify;\"><strong>AMAZONIZA-TE<\/strong><\/p>\n<p style=\"text-align: justify;\">O neologismo \u2018amazonizar\u2019 foi usado pela primeira vez em 1986 em uma carta pastoral do ent\u00e3o bispo da diocese de Rio Branco, no Acre, Dom Moacyr Grechi. Na ocasi\u00e3o o bispo convocava o povo a assumir a causa da Amaz\u00f4nia e a defesa de seus povos. O verbo tem sido utilizado amplamente quando se pretende tratar da defesa da Amaz\u00f4nia. Durante o processo do S\u00ednodo para a Amaz\u00f4nia a express\u00e3o Amazonizar tamb\u00e9m foi muito utilizada e popularizada. \u00c9 esse o sentido que a campanha prop\u00f5e, mais do que conjugar o verbo amazonizar, torn\u00e1-lo uma express\u00e3o pessoal, um chamado a todas as pessoas a se amazonizarem.<\/p>\n<p style=\"text-align: justify;\"><strong>Servi\u00e7o:<\/strong><br \/>\n<strong>Atividade:<\/strong>\u00a0Lan\u00e7amento da Campanha Amazoniza-te<br \/>\n<strong>Quando:<\/strong>\u00a027 de julho de 2020<br \/>\n<strong>Hor\u00e1rio:<\/strong>\u00a016h<br \/>\n<strong>Local:<\/strong>\u00a0Youtube da CNBB<\/p>\n<p style=\"text-align: justify;\"><strong>Contatos:<\/strong><br \/>\nManuela Oliveira de Castro \u2013 assessora de imprensa da CNBB: 61-98136.1595<br \/>\nPaulo Martins \u2013 assessor de imprensa da REPAM-Brasil: 61- 98595.5278<br \/>\nM\u00e1rio Manzi \u2013 assessor de imprensa da CPT Nacional: 62 \u2013 62 9252.7437<br \/>\nGuilherme Cavalli \u2013 assessor de comunica\u00e7\u00e3o do CIMI: 61- 98283.0006<\/p>\n","protected":false},"excerpt":{"rendered":"<p>Ser\u00e1 lan\u00e7ada na pr\u00f3xima\u00a0segunda-feira,\u00a0dia 27 de julho, \u00e0s 16h de Bras\u00edlia, por meio de uma live, a Campanha Amazoniza-te. Organizada pela Comiss\u00e3o Episcopal para a Amaz\u00f4nia da Confer\u00eancia Nacional dos Bispos do Brasil (CNBB) em parceria com outras organiza\u00e7\u00f5es eclesiais e da sociedade civil, a iniciativa surge atenta ao contexto onde as viol\u00eancias contra os [&hellip;]<\/p>\n","protected":false},"author":1,"featured_media":60924,"comment_status":"open","ping_status":"closed","sticky":false,"template":"","format":"standard","meta":{"footnotes":""},"categories":[7],"tags":[],"class_list":["post-60923","post","type-post","status-publish","format-standard","has-post-thumbnail","hentry","category-cnbb"],"_links":{"self":[{"href":"https:\/\/catolicanet.net\/wp-cnet\/wp-json\/wp\/v2\/posts\/60923","targetHints":{"allow":["GET"]}}],"collection":[{"href":"https:\/\/catolicanet.net\/wp-cnet\/wp-json\/wp\/v2\/posts"}],"about":[{"href":"https:\/\/catolicanet.net\/wp-cnet\/wp-json\/wp\/v2\/types\/post"}],"author":[{"embeddable":true,"href":"https:\/\/catolicanet.net\/wp-cnet\/wp-json\/wp\/v2\/users\/1"}],"replies":[{"embeddable":true,"href":"https:\/\/catolicanet.net\/wp-cnet\/wp-json\/wp\/v2\/comments?post=60923"}],"version-history":[{"count":1,"href":"https:\/\/catolicanet.net\/wp-cnet\/wp-json\/wp\/v2\/posts\/60923\/revisions"}],"predecessor-version":[{"id":60925,"href":"https:\/\/catolicanet.net\/wp-cnet\/wp-json\/wp\/v2\/posts\/60923\/revisions\/60925"}],"wp:featuredmedia":[{"embeddable":true,"href":"https:\/\/catolicanet.net\/wp-cnet\/wp-json\/wp\/v2\/media\/60924"}],"wp:attachment":[{"href":"https:\/\/catolicanet.net\/wp-cnet\/wp-json\/wp\/v2\/media?parent=60923"}],"wp:term":[{"taxonomy":"category","embeddable":true,"href":"https:\/\/catolicanet.net\/wp-cnet\/wp-json\/wp\/v2\/categories?post=60923"},{"taxonomy":"post_tag","embeddable":true,"href":"https:\/\/catolicanet.net\/wp-cnet\/wp-json\/wp\/v2\/tags?post=60923"}],"curies":[{"name":"wp","href":"https:\/\/api.w.org\/{rel}","templated":true}]}}