{"id":6089,"date":"2015-07-23T14:51:19","date_gmt":"2015-07-23T17:51:19","guid":{"rendered":"http:\/\/catolicanet.net\/wp-cnet\/verdade-justica-perdao-e-reconciliacao-os-pilares-da-paz-promovida-pela-igreja\/"},"modified":"2017-04-10T16:02:41","modified_gmt":"2017-04-10T19:02:41","slug":"verdade-justica-perdao-e-reconciliacao-os-pilares-da-paz-promovida-pela-igreja","status":"publish","type":"post","link":"https:\/\/catolicanet.net\/wp-cnet\/verdade-justica-perdao-e-reconciliacao-os-pilares-da-paz-promovida-pela-igreja\/","title":{"rendered":"Verdade, justi\u00e7a, perd\u00e3o e reconcilia\u00e7\u00e3o: os pilares da paz promovida pela Igreja"},"content":{"rendered":"<p style=\"text-align: justify;\">\n<p>Acapulco (Ag\u00eancia Fides) &#8211; \u201cReconhecemos nos jovens uma realidade fundamental: s\u00e3o o caminho da esperan\u00e7a para promover um novo conceito da cultura do amor e da paz\u201d. Foi o que afirmou o Arcebispo de Acapulco, Dom Carlos Garfias Merlos, na inaugura\u00e7\u00e3o do \u201cCentro juvenil pela paz\u201d, na par\u00f3quia da Imaculada Concei\u00e7\u00e3o de Maria, em 20 de julho.<br \/>No seu discurso, enviado a Fides, o Arcebispo destacou que \u201cas press\u00f5es sociais, algumas modas e tend\u00eancias, os conflitos e as amea\u00e7as, como o narcotr\u00e1fico e a cultura da morte\u201d, desviaram alguns setores juvenis da reta via, portanto a Igreja est\u00e1 engajada em acompanhar os jovens para que enderecem suas energias \u201cna transforma\u00e7\u00e3o da nossa sociedade e na promo\u00e7\u00e3o da civiliza\u00e7\u00e3o do amor\u201d.<br \/>Dom Garfias Merlos destacou a emerg\u00eancia social que se vive h\u00e1 anos no M\u00e9xico: \u201cVivemos no Estado de Guerrero, como em muitas partes do pa\u00eds, uma decomposi\u00e7\u00e3o social que prejudicou profundamente a conviv\u00eancia harm\u00f4nica e pac\u00edfica da nossa sociedade. Os fatores que levaram \u00e0 viol\u00eancia s\u00e3o m\u00faltiplos e remontam a muitos anos atr\u00e1s\u2026\u201d. Esta situa\u00e7\u00e3o provocou o afastamento do turismo internacional, a diminui\u00e7\u00e3o do com\u00e9rcio, um incremento da pobreza e da decad\u00eancia social.<br \/>A Igreja de Acapulco, portanto, decidiu atuar em tr\u00eas dire\u00e7\u00f5es: 1. Uma convers\u00e3o pastoral pela paz: criando as condi\u00e7\u00f5es, suscitando as capacidades necess\u00e1rias e adequando as estruturas da Igreja, para que a Igreja esteja a servi\u00e7o da constru\u00e7\u00e3o da paz. 2. Preven\u00e7\u00e3o da viol\u00eancia nas comunidades, com 12 projetos em 35 par\u00f3quias, e reconstru\u00e7\u00e3o do tecido social atrav\u00e9s do perd\u00e3o e da reconcilia\u00e7\u00e3o. 3. Aten\u00e7\u00e3o e acompanhamento das v\u00edtimas da viol\u00eancia e dos jovens, sobretudo os que est\u00e3o em risco pela falta de oportunidades de estudo e de trabalho.<br \/>\u201cA paz n\u00e3o ser\u00e1 poss\u00edvel at\u00e9 que n\u00e3o haja desenvolvimento integral\u201d, afirmou o Arcebispo, que depois recordou: \u201cPrecisamos passar de um modelo de justi\u00e7a punitiva, que pune o culpado mas esque\u00e7a a v\u00edtima, a uma justi\u00e7a restaurativa, onde o autor do crime \u00e9 punido sem esquecer a v\u00edtima, e tentar a reinser\u00e7\u00e3o do agressor na sociedade para permitir a reconcilia\u00e7\u00e3o\u201d. Por fim, reiterou que \u201ca verdade, a justi\u00e7a, o perd\u00e3o e a reconcilia\u00e7\u00e3o, valores fundados no Evangelho de Jesus, s\u00e3o os pilares sobre o quais se baseia a paz que promovemos como Igreja\u201d.<\/p>\n<p style=\"text-align: justify;\">Fonte: Agenzia Fides<\/p>\n","protected":false},"excerpt":{"rendered":"<p>Acapulco (Ag\u00eancia Fides) &#8211; \u201cReconhecemos nos jovens uma realidade fundamental: s\u00e3o o caminho da esperan\u00e7a para promover um novo conceito da cultura do amor e da paz\u201d. Foi o que afirmou o Arcebispo de Acapulco, Dom Carlos Garfias Merlos, na inaugura\u00e7\u00e3o do \u201cCentro juvenil pela paz\u201d, na par\u00f3quia da Imaculada Concei\u00e7\u00e3o de Maria, em 20 [&hellip;]<\/p>\n","protected":false},"author":1,"featured_media":0,"comment_status":"closed","ping_status":"closed","sticky":false,"template":"","format":"standard","meta":{"footnotes":""},"categories":[4],"tags":[],"class_list":["post-6089","post","type-post","status-publish","format-standard","hentry","category-cotidiano"],"_links":{"self":[{"href":"https:\/\/catolicanet.net\/wp-cnet\/wp-json\/wp\/v2\/posts\/6089","targetHints":{"allow":["GET"]}}],"collection":[{"href":"https:\/\/catolicanet.net\/wp-cnet\/wp-json\/wp\/v2\/posts"}],"about":[{"href":"https:\/\/catolicanet.net\/wp-cnet\/wp-json\/wp\/v2\/types\/post"}],"author":[{"embeddable":true,"href":"https:\/\/catolicanet.net\/wp-cnet\/wp-json\/wp\/v2\/users\/1"}],"replies":[{"embeddable":true,"href":"https:\/\/catolicanet.net\/wp-cnet\/wp-json\/wp\/v2\/comments?post=6089"}],"version-history":[{"count":1,"href":"https:\/\/catolicanet.net\/wp-cnet\/wp-json\/wp\/v2\/posts\/6089\/revisions"}],"predecessor-version":[{"id":11014,"href":"https:\/\/catolicanet.net\/wp-cnet\/wp-json\/wp\/v2\/posts\/6089\/revisions\/11014"}],"wp:attachment":[{"href":"https:\/\/catolicanet.net\/wp-cnet\/wp-json\/wp\/v2\/media?parent=6089"}],"wp:term":[{"taxonomy":"category","embeddable":true,"href":"https:\/\/catolicanet.net\/wp-cnet\/wp-json\/wp\/v2\/categories?post=6089"},{"taxonomy":"post_tag","embeddable":true,"href":"https:\/\/catolicanet.net\/wp-cnet\/wp-json\/wp\/v2\/tags?post=6089"}],"curies":[{"name":"wp","href":"https:\/\/api.w.org\/{rel}","templated":true}]}}