{"id":60874,"date":"2020-07-22T09:57:42","date_gmt":"2020-07-22T12:57:42","guid":{"rendered":"https:\/\/catolicanet.net\/wp-cnet\/?p=60874"},"modified":"2020-07-22T09:57:42","modified_gmt":"2020-07-22T12:57:42","slug":"a-importancia-do-ato-de-fe","status":"publish","type":"post","link":"https:\/\/catolicanet.net\/wp-cnet\/a-importancia-do-ato-de-fe\/","title":{"rendered":"A import\u00e2ncia do Ato de F\u00e9"},"content":{"rendered":"<h2 class=\"subtitle\" style=\"text-align: justify;\">Recorra a essa prece nos momentos em que voc\u00ea sente que precisa se aproximar de Deus<\/h2>\n<div class=\"base-post-content\">Quando nossa vida est\u00e1 um tumulto e tudo ao nosso redor parece n\u00e3o fazer sentido, precisamos nos manter enraizados em Deus atrav\u00e9s da ora\u00e7\u00e3o.<\/p>\n<p style=\"text-align: justify;\">Uma das maneiras mais comuns de fazer isso \u00e9 rezar o \u201cAto de F\u00e9\u201d. Trata-se de uma ora\u00e7\u00e3o que continua a ser ensinada nas aulas de forma\u00e7\u00e3o religiosa e nos lembra de nossa necessidade de permanecermos unidos a Jesus Cristo, independentemente das tempestades que possam vir.<\/p>\n<p style=\"text-align: justify;\">Reze com confian\u00e7a:<\/p>\n<p style=\"text-align: justify;\">\u201cEu creio firmemente que h\u00e1 um s\u00f3 Deus,<\/p>\n<p style=\"text-align: justify;\">em tr\u00eas pessoas realmente distintas, Pai, Filho e Esp\u00edrito Santo.<\/p>\n<p style=\"text-align: justify;\">Creio, que o Filho de Deus se fez homem,<\/p>\n<p style=\"text-align: justify;\">padeceu e morreu na cruz para nos salvar,<\/p>\n<p style=\"text-align: justify;\">e que ao terceiro dia ressuscitou.<\/p>\n<p style=\"text-align: justify;\">Creio em tudo o mais que cr\u00ea e ensina a Santa Igreja Cat\u00f3lica, Apost\u00f3lica, Romana,<\/p>\n<p style=\"text-align: justify;\">porque Deus, verdade infal\u00edvel, lho revelou.<\/p>\n<p style=\"text-align: justify;\">E nesta cren\u00e7a quero viver e morrer.<\/p>\n<p style=\"text-align: justify;\">Am\u00e9m\u201d.<\/p>\n<\/div>\n","protected":false},"excerpt":{"rendered":"<p>Recorra a essa prece nos momentos em que voc\u00ea sente que precisa se aproximar de Deus Quando nossa vida est\u00e1 um tumulto e tudo ao nosso redor parece n\u00e3o fazer sentido, precisamos nos manter enraizados em Deus atrav\u00e9s da ora\u00e7\u00e3o. Uma das maneiras mais comuns de fazer isso \u00e9 rezar o \u201cAto de F\u00e9\u201d. Trata-se [&hellip;]<\/p>\n","protected":false},"author":1,"featured_media":60875,"comment_status":"open","ping_status":"closed","sticky":false,"template":"","format":"standard","meta":{"footnotes":""},"categories":[4],"tags":[],"class_list":["post-60874","post","type-post","status-publish","format-standard","has-post-thumbnail","hentry","category-cotidiano"],"_links":{"self":[{"href":"https:\/\/catolicanet.net\/wp-cnet\/wp-json\/wp\/v2\/posts\/60874","targetHints":{"allow":["GET"]}}],"collection":[{"href":"https:\/\/catolicanet.net\/wp-cnet\/wp-json\/wp\/v2\/posts"}],"about":[{"href":"https:\/\/catolicanet.net\/wp-cnet\/wp-json\/wp\/v2\/types\/post"}],"author":[{"embeddable":true,"href":"https:\/\/catolicanet.net\/wp-cnet\/wp-json\/wp\/v2\/users\/1"}],"replies":[{"embeddable":true,"href":"https:\/\/catolicanet.net\/wp-cnet\/wp-json\/wp\/v2\/comments?post=60874"}],"version-history":[{"count":1,"href":"https:\/\/catolicanet.net\/wp-cnet\/wp-json\/wp\/v2\/posts\/60874\/revisions"}],"predecessor-version":[{"id":60876,"href":"https:\/\/catolicanet.net\/wp-cnet\/wp-json\/wp\/v2\/posts\/60874\/revisions\/60876"}],"wp:featuredmedia":[{"embeddable":true,"href":"https:\/\/catolicanet.net\/wp-cnet\/wp-json\/wp\/v2\/media\/60875"}],"wp:attachment":[{"href":"https:\/\/catolicanet.net\/wp-cnet\/wp-json\/wp\/v2\/media?parent=60874"}],"wp:term":[{"taxonomy":"category","embeddable":true,"href":"https:\/\/catolicanet.net\/wp-cnet\/wp-json\/wp\/v2\/categories?post=60874"},{"taxonomy":"post_tag","embeddable":true,"href":"https:\/\/catolicanet.net\/wp-cnet\/wp-json\/wp\/v2\/tags?post=60874"}],"curies":[{"name":"wp","href":"https:\/\/api.w.org\/{rel}","templated":true}]}}