{"id":60865,"date":"2020-07-22T09:48:13","date_gmt":"2020-07-22T12:48:13","guid":{"rendered":"https:\/\/catolicanet.net\/wp-cnet\/?p=60865"},"modified":"2020-07-22T09:48:13","modified_gmt":"2020-07-22T12:48:13","slug":"colunas-de-radio-e-podcasts-da-cnbb-voltam-a-ser-disponibilizados-no-soundcloud","status":"publish","type":"post","link":"https:\/\/catolicanet.net\/wp-cnet\/colunas-de-radio-e-podcasts-da-cnbb-voltam-a-ser-disponibilizados-no-soundcloud\/","title":{"rendered":"Colunas de r\u00e1dio e podcasts da CNBB voltam a ser disponibilizados no Soundcloud"},"content":{"rendered":"<p style=\"text-align: justify;\">A partir desta quarta-feira, as colunas fixas da Confer\u00eancia Nacional dos Bispos do Brasil (CNBB) no \u201cJornal Brasil Hoje\u201d e no \u201cNot\u00edcias em Trinta\u201d, voltam a ser disponibilizadas em formato de podcast no soundcloud da CNBB.<\/p>\n<p style=\"text-align: justify;\">H\u00e1 dois anos, a CNBB mant\u00e9m sua participa\u00e7\u00e3o em r\u00e1dios de inspira\u00e7\u00e3o cat\u00f3lica com essas duas colunas semanais, feitas pelos jornalistas da assessoria de comunica\u00e7\u00e3o da Confer\u00eancia, que levam ao ouvinte os principais destaques das atividades da CNBB e da a\u00e7\u00e3o evangelizadora da Igreja no Brasil de forma direta e descontra\u00edda.<\/p>\n<p style=\"text-align: justify;\">Desde fevereiro de 2018, os jornalistas d\u00e3o voz a coluna \u201cConex\u00e3o CNBB\u201d, no Jornal Brasil Hoje, produzido pela Rede Cat\u00f3lica de R\u00e1dio (RCR) que vai ao ar todas as sextas-feiras, \u00e0s 7h23 da manh\u00e3. Desde agosto de 2018, mant\u00e9m tamb\u00e9m a coluna \u201cCNBB no R\u00e1dio\u201d, no jornal matutino \u201cNot\u00edcias em trinta\u201d, na R\u00e1dio Aparecida, toda quarta-feira, \u00e0s 7h15.<\/p>\n<p style=\"text-align: justify;\">Agora, al\u00e9m de acompanhar as principais not\u00edcias da CNBB pela Rede Cat\u00f3lica de R\u00e1dio e pela R\u00e1dio Aparecida, seja no dial do seu r\u00e1dio ou pela internet, voc\u00ea pode acessar o nosso podcast no canal\u00a0<a href=\"https:\/\/soundcloud.com\/user-939115135\">CNBB\/soundcloud<\/a>.<\/p>\n<p style=\"text-align: justify;\"><strong>Equipe do jornal \u201cBrasil Hoje\u201d<\/strong><\/p>\n<p style=\"text-align: justify;\">O Jornal Brasil Hoje vai ao ar diariamente das 7h \u00e0s 7h30. Desde 2 de mar\u00e7o deste ano o jornal tem sido gerado pela R\u00e1dio Cultura de Guarapuava e apresentado por Cleber Moleta e Jorge Teles. O notici\u00e1rio \u00e9 produzido de forma colaborativa entre as bases geradoras. Ao todo s\u00e3o 230 emissoras de r\u00e1dio no Brasil integradas na RCR e 56 retransmitem o Jornal Brasil Hoje que pode ser acompanhado tamb\u00e9m ao vivo pelo site da RCR.<\/p>\n<p style=\"text-align: justify;\"><strong>Hist\u00f3ria RCR<\/strong><\/p>\n<p style=\"text-align: justify;\">Fundada em 1994, a RCR \u00e9 uma associa\u00e7\u00e3o de emissoras vinculadas a organismos da Igreja Cat\u00f3lica e emissoras leigas de inspira\u00e7\u00e3o crist\u00e3, que prestam servi\u00e7os \u00e0s comunidades, par\u00f3quias e dioceses em suas regi\u00f5es. Na atualidade a RCR tem como bases geradoras de not\u00edcias a Rede Aparecida (SP), Rede Can\u00e7\u00e3o Nova (SP), Rede Mil\u00edcia Sat (SP), Tua R\u00e1dio (RS), Rede Scalabriniana (RS), Rede Evangelizar \u00e9 Preciso (PR) e RCR Esp\u00edrito Santo (ES).<\/p>\n<p style=\"text-align: justify;\"><strong>Jornal \u201cNot\u00edcias em Trinta\u201d<\/strong><\/p>\n<p style=\"text-align: justify;\">Diariamente das 7h \u00e0s 7h30, ao vivo para todo o Brasil, Est\u00e9fani Braz e Rafaela Oliveira comandam o \u201cNot\u00edcias em Trinta\u201d. O notici\u00e1rio matutino, que tem edi\u00e7\u00e3o de jornalismo de Andr\u00e9 Costa, traz as principais not\u00edcias do Brasil e do mundo com uma linguagem renovada e a colabora\u00e7\u00e3o de rep\u00f3rteres das r\u00e1dios parceiras.<\/p>\n<p style=\"text-align: justify;\"><strong>Hist\u00f3ria da R\u00e1dio Aparecida<\/strong><\/p>\n<p style=\"text-align: justify;\">A hist\u00f3ria da R\u00e1dio Aparecida come\u00e7ou em 1935, quando os Mission\u00e1rios Redentoristas perceberam a import\u00e2ncia do r\u00e1dio como meio de comunica\u00e7\u00e3o ao servi\u00e7o pastoral. A ideia foi amadurecida at\u00e9 a gera\u00e7\u00e3o da emissora no dia 8 de setembro de 1951 com o objetivo de anunciar o Evangelho de Cristo atrav\u00e9s das ondas radiof\u00f4nicas. Desde o in\u00edcio, a R\u00e1dio Aparecida ofereceu uma programa\u00e7\u00e3o com forma\u00e7\u00e3o crist\u00e3, m\u00fasicas de qualidade, informa\u00e7\u00e3o e presta\u00e7\u00e3o de servi\u00e7o com verdade e responsabilidade.<\/p>\n","protected":false},"excerpt":{"rendered":"<p>A partir desta quarta-feira, as colunas fixas da Confer\u00eancia Nacional dos Bispos do Brasil (CNBB) no \u201cJornal Brasil Hoje\u201d e no \u201cNot\u00edcias em Trinta\u201d, voltam a ser disponibilizadas em formato de podcast no soundcloud da CNBB. H\u00e1 dois anos, a CNBB mant\u00e9m sua participa\u00e7\u00e3o em r\u00e1dios de inspira\u00e7\u00e3o cat\u00f3lica com essas duas colunas semanais, feitas [&hellip;]<\/p>\n","protected":false},"author":1,"featured_media":60866,"comment_status":"open","ping_status":"closed","sticky":false,"template":"","format":"standard","meta":{"footnotes":""},"categories":[7],"tags":[],"class_list":["post-60865","post","type-post","status-publish","format-standard","has-post-thumbnail","hentry","category-cnbb"],"_links":{"self":[{"href":"https:\/\/catolicanet.net\/wp-cnet\/wp-json\/wp\/v2\/posts\/60865","targetHints":{"allow":["GET"]}}],"collection":[{"href":"https:\/\/catolicanet.net\/wp-cnet\/wp-json\/wp\/v2\/posts"}],"about":[{"href":"https:\/\/catolicanet.net\/wp-cnet\/wp-json\/wp\/v2\/types\/post"}],"author":[{"embeddable":true,"href":"https:\/\/catolicanet.net\/wp-cnet\/wp-json\/wp\/v2\/users\/1"}],"replies":[{"embeddable":true,"href":"https:\/\/catolicanet.net\/wp-cnet\/wp-json\/wp\/v2\/comments?post=60865"}],"version-history":[{"count":1,"href":"https:\/\/catolicanet.net\/wp-cnet\/wp-json\/wp\/v2\/posts\/60865\/revisions"}],"predecessor-version":[{"id":60867,"href":"https:\/\/catolicanet.net\/wp-cnet\/wp-json\/wp\/v2\/posts\/60865\/revisions\/60867"}],"wp:featuredmedia":[{"embeddable":true,"href":"https:\/\/catolicanet.net\/wp-cnet\/wp-json\/wp\/v2\/media\/60866"}],"wp:attachment":[{"href":"https:\/\/catolicanet.net\/wp-cnet\/wp-json\/wp\/v2\/media?parent=60865"}],"wp:term":[{"taxonomy":"category","embeddable":true,"href":"https:\/\/catolicanet.net\/wp-cnet\/wp-json\/wp\/v2\/categories?post=60865"},{"taxonomy":"post_tag","embeddable":true,"href":"https:\/\/catolicanet.net\/wp-cnet\/wp-json\/wp\/v2\/tags?post=60865"}],"curies":[{"name":"wp","href":"https:\/\/api.w.org\/{rel}","templated":true}]}}