{"id":60839,"date":"2020-07-21T09:50:51","date_gmt":"2020-07-21T12:50:51","guid":{"rendered":"https:\/\/catolicanet.net\/wp-cnet\/?p=60839"},"modified":"2020-07-21T13:51:37","modified_gmt":"2020-07-21T16:51:37","slug":"o-significado-cristao-do-aniversario-de-casamento","status":"publish","type":"post","link":"https:\/\/catolicanet.net\/wp-cnet\/o-significado-cristao-do-aniversario-de-casamento\/","title":{"rendered":"O significado crist\u00e3o do anivers\u00e1rio de casamento"},"content":{"rendered":"<h2 class=\"subtitle\" style=\"text-align: justify;\">Bodas de papel, d\u2019Estanho, de Porcelana, d\u2019ouro, de platina\u2026 Celebrar seu anivers\u00e1rio de casamento \u00e9 uma oportunidade de provar seu amor como no primeiro dia. Mas voc\u00ea conhece o significado crist\u00e3o dos anivers\u00e1rios de casamento?<\/h2>\n<div class=\"base-post-content\">\n<p class=\"p1\" style=\"text-align: justify;\">Nossa liturgia crist\u00e3 nos oferece regularmente momentos de celebra\u00e7\u00e3o. Por que a Igreja d\u00e1 tanta import\u00e2ncia a esta dimens\u00e3o festiva?<\/p>\n<p class=\"p1\" style=\"text-align: justify;\">Recordar os acontecimentos fundadores de nossa f\u00e9, situ\u00e1-la na hist\u00f3ria para que a mensagem possa ser transmitida de gera\u00e7\u00e3o em gera\u00e7\u00e3o.<\/p>\n<p class=\"p1\" style=\"text-align: justify;\">\u201cOu\u00e7a Israel\u201d, diz o mais jovem da fam\u00edlia na noite da festa judaica da P\u00e1scoa, retomando uma passagem do Deuteron\u00f4mio que conta a hist\u00f3ria do povo de Israel. A festa como uma \u00e2ncora em nossa tradi\u00e7\u00e3o.<\/p>\n<p class=\"p1\" style=\"text-align: justify;\">E se acreditamos na B\u00edblia, a log\u00edstica n\u00e3o deve ser esquecida em termos do n\u00famero de convidados e do tempo gasto! Sempre no contexto de uma profunda alegria interior. N\u00e3o aqueles breves sentimentos de prazer e contentamento que rapidamente deixam \u201cinsatisfa\u00e7\u00e3o e at\u00e9 amargura no cora\u00e7\u00e3o\u201d, diz S\u00e3o Jo\u00e3o Paulo II em sua Carta Apost\u00f3lica Dies domini, do 5 de julho de 1998.<\/p>\n<p class=\"p1\" style=\"text-align: justify;\">Mas este estado que se origina da convic\u00e7\u00e3o de ser amado incondicionalmente por Cristo. As festas s\u00e3o marcos que indicam o significado de nossas vidas. E n\u00f3s, onde estamos em nossa rela\u00e7\u00e3o com as celebra\u00e7\u00f5es, especialmente a do anivers\u00e1rio de casamento? Que lugar damos a este evento, que faz parte da hist\u00f3ria de nossa fam\u00edlia?<\/p>\n<p class=\"p1\" style=\"text-align: justify;\"><b>Uma chance de dizer novamente \u201ceu te escolho\u201d.<\/b><\/p>\n<div class=\"nativo-inread\" style=\"text-align: justify;\"><\/div>\n<p class=\"p1\" style=\"text-align: justify;\">Louis me disse recentemente que sua esposa insistia muito em comemorar seu 20\u00ba anivers\u00e1rio de casamento com uma verdadeira festa e que ele n\u00e3o estava muito interessado nisso.<\/p>\n<p class=\"p1\" style=\"text-align: justify;\">\u201cEu ficaria feliz em marcar esta etapa\u201d, disse-lhe ela, \u201cporque, apesar das provas pelas quais passamos, mantivemos o rumo e ainda melhor: revisitamos o projeto de nosso casal. E mais, seria uma maneira de mostrar aos nossos filhos e amigos que o amor a longo prazo \u00e9 poss\u00edvel.\u201d<\/p>\n<p class=\"p1\" style=\"text-align: justify;\">Ela compreendeu este significado crist\u00e3o da festa: marcar a hist\u00f3ria e a ancoragem de sua uni\u00e3o com seu marido. Ao se comprometerem juntos ad mortem h\u00e1 20 anos, eles participaram da constru\u00e7\u00e3o da hist\u00f3ria da fam\u00edlia que desde ent\u00e3o tem sido enriquecida por todos os acontecimentos vividos, alegrias e tristezas, passagens e travessias, l\u00e1grimas e alegrias. E eles ainda est\u00e3o l\u00e1, ambos, com este ardente desejo de continuar a viagem.<\/p>\n<p class=\"p1\" style=\"text-align: justify;\">Celebrar seu anivers\u00e1rio de casamento \u00e9 um lembrete da hist\u00f3ria de seu casamento, para repetir as palavras fundadoras \u201cEu te escolho\u2026\u201d, e para reafirm\u00e1-las diante de testemunhas. Esta celebra\u00e7\u00e3o \u00e9 tamb\u00e9m uma oportunidade para conhecer a fam\u00edlia e os amigos, e para compartilhar esta alegria juntos em torno de uma boa comida. Celebramos a P\u00e1scoa todos os domingos, a pedido de Cristo. E voc\u00ea, quando voc\u00ea celebra seu amor?<\/p>\n<p class=\"p1\" style=\"text-align: justify;\">Marie-No\u00ebl Florant<\/p>\n<\/div>\n","protected":false},"excerpt":{"rendered":"<p>Bodas de papel, d\u2019Estanho, de Porcelana, d\u2019ouro, de platina\u2026 Celebrar seu anivers\u00e1rio de casamento \u00e9 uma oportunidade de provar seu amor como no primeiro dia. Mas voc\u00ea conhece o significado crist\u00e3o dos anivers\u00e1rios de casamento? Nossa liturgia crist\u00e3 nos oferece regularmente momentos de celebra\u00e7\u00e3o. Por que a Igreja d\u00e1 tanta import\u00e2ncia a esta dimens\u00e3o festiva? [&hellip;]<\/p>\n","protected":false},"author":1,"featured_media":60840,"comment_status":"open","ping_status":"closed","sticky":false,"template":"","format":"standard","meta":{"footnotes":""},"categories":[4],"tags":[],"class_list":["post-60839","post","type-post","status-publish","format-standard","has-post-thumbnail","hentry","category-cotidiano"],"_links":{"self":[{"href":"https:\/\/catolicanet.net\/wp-cnet\/wp-json\/wp\/v2\/posts\/60839","targetHints":{"allow":["GET"]}}],"collection":[{"href":"https:\/\/catolicanet.net\/wp-cnet\/wp-json\/wp\/v2\/posts"}],"about":[{"href":"https:\/\/catolicanet.net\/wp-cnet\/wp-json\/wp\/v2\/types\/post"}],"author":[{"embeddable":true,"href":"https:\/\/catolicanet.net\/wp-cnet\/wp-json\/wp\/v2\/users\/1"}],"replies":[{"embeddable":true,"href":"https:\/\/catolicanet.net\/wp-cnet\/wp-json\/wp\/v2\/comments?post=60839"}],"version-history":[{"count":1,"href":"https:\/\/catolicanet.net\/wp-cnet\/wp-json\/wp\/v2\/posts\/60839\/revisions"}],"predecessor-version":[{"id":60841,"href":"https:\/\/catolicanet.net\/wp-cnet\/wp-json\/wp\/v2\/posts\/60839\/revisions\/60841"}],"wp:featuredmedia":[{"embeddable":true,"href":"https:\/\/catolicanet.net\/wp-cnet\/wp-json\/wp\/v2\/media\/60840"}],"wp:attachment":[{"href":"https:\/\/catolicanet.net\/wp-cnet\/wp-json\/wp\/v2\/media?parent=60839"}],"wp:term":[{"taxonomy":"category","embeddable":true,"href":"https:\/\/catolicanet.net\/wp-cnet\/wp-json\/wp\/v2\/categories?post=60839"},{"taxonomy":"post_tag","embeddable":true,"href":"https:\/\/catolicanet.net\/wp-cnet\/wp-json\/wp\/v2\/tags?post=60839"}],"curies":[{"name":"wp","href":"https:\/\/api.w.org\/{rel}","templated":true}]}}