{"id":60812,"date":"2020-07-21T09:31:20","date_gmt":"2020-07-21T12:31:20","guid":{"rendered":"https:\/\/catolicanet.net\/wp-cnet\/?p=60812"},"modified":"2020-07-21T13:32:53","modified_gmt":"2020-07-21T16:32:53","slug":"regulamentacao-da-inteligencia-artificial-bispos-da-europa-defendem-uma-conduta-etica","status":"publish","type":"post","link":"https:\/\/catolicanet.net\/wp-cnet\/regulamentacao-da-inteligencia-artificial-bispos-da-europa-defendem-uma-conduta-etica\/","title":{"rendered":"Regulamenta\u00e7\u00e3o da intelig\u00eancia artificial: bispos da Europa defendem uma conduta \u00e9tica"},"content":{"rendered":"<figure class=\"article__image\"><span class=\"didascalia_img\">Comece contribui com &#8216;Consultation on the White Paper on Artificial Intelligence&#8217; da Europa\u00a0 (AFP or licensors)<\/span><\/figure>\n<div class=\"article__meta\">\n<div class=\"article__subTitle\" style=\"text-align: justify;\">A Comiss\u00e3o das Confer\u00eancias Episcopais da Comunidade Europeia (Comece) se posiciona em rela\u00e7\u00e3o ao tema dessa tecnologia cada vez mais presente em nossas vidas, atrav\u00e9s de uma contribui\u00e7\u00e3o ao documento oficial que foi redigido pela Comiss\u00e3o da Uni\u00e3o Europeia: os bispos defendem uma abordagem que coloque a pessoa em primeiro lugar diante dos desafios impostos pela intelig\u00eancia artificial e pela rob\u00f3tica.<\/div>\n<div class=\"title__separator\" style=\"text-align: justify;\"><\/div>\n<div class=\"article__text\">\n<p style=\"text-align: justify;\"><b>Isabella Piro &#8211; Vatican News<\/b><\/p>\n<div style=\"text-align: justify;\">\n<div class=\"article__embed article__embed--unwrap article__embed--dark\">\n<div class=\"article__innerTitle\">Ou\u00e7a a reportagem e compartilhe<\/div>\n<div>\n<!--[if lt IE 9]><script>document.createElement('audio');<\/script><![endif]-->\n<audio class=\"wp-audio-shortcode\" id=\"audio-60812-1\" preload=\"none\" style=\"width: 100%;\" controls=\"controls\"><source type=\"audio\/mpeg\" src=\"https:\/\/media.vaticannews.va\/media\/audio\/s1\/2020\/07\/21\/09\/135662532_F135662532.mp3?_=1\" \/><a href=\"https:\/\/media.vaticannews.va\/media\/audio\/s1\/2020\/07\/21\/09\/135662532_F135662532.mp3\">https:\/\/media.vaticannews.va\/media\/audio\/s1\/2020\/07\/21\/09\/135662532_F135662532.mp3<\/a><\/audio>\n<\/div>\n<\/div>\n<\/div>\n<p style=\"text-align: justify;\">Ao contribuir com o documento oficial recentemente redigido pela Comiss\u00e3o Europeia sobre o tema da intelig\u00eancia artificial (&#8216;Consultation on the White Paper on Artificial Intelligence &#8211; A European Approach&#8217;), os bispos da Europa se posicionam atrav\u00e9s de\u00a0<a href=\"http:\/\/www.comece.eu\/a-sustained-ethical-discourse-has-to-accompany-discussions-on-regulating-ai\" target=\"_blank\" rel=\"external nofollow noopener noreferrer\">comunicado divulgado na \u00faltima sexta-feira (17)<\/a>. A Comiss\u00e3o das Confer\u00eancias Episcopais da Comunidade Europeia (Comece) acredita que as institui\u00e7\u00f5es da Uni\u00e3o Europeia deveriam adotar \u201cuma abordagem centrada no homem\u201d, a fim \u201cde promover o bem comum e de servir a vida de todos os seres humanos, tanto em suas dimens\u00f5es pessoais como naquelas comunit\u00e1rias&#8221;.<\/p>\n<h2 style=\"text-align: justify;\">A posi\u00e7\u00e3o dos bispos europeus<\/h2>\n<p style=\"text-align: justify;\">Na nota, os bispos recebem favoravelmente a inten\u00e7\u00e3o geral do Livro Branco \u201cde estabelecer uma s\u00f3lida abordagem europeia da intelig\u00eancia artificial (IA), profundamente enraizada na dignidade humana e na prote\u00e7\u00e3o da privacidade&#8221;. Ao mesmo tempo, por\u00e9m, a Comece se diz estar perplexa &#8220;com a poss\u00edvel cria\u00e7\u00e3o de uma nova Ag\u00eancia da UE dedicada&#8221; a essa quest\u00e3o, pois &#8220;as atuais estruturas-chave da Uni\u00e3o j\u00e1 fornecem um apoio suficiente para enfrentar os desafios colocados pela IA e pela rob\u00f3tica&#8221;.<\/p>\n<p style=\"text-align: justify;\">Se mesmo assim a Uni\u00e3o Europeia criar esse \u00f3rg\u00e3o, os bispos lembram que ele &#8220;deveria garantir a m\u00e1xima participa\u00e7\u00e3o&#8221; de todos os interessados, &#8220;incluindo as Igrejas, que t\u00eam um status espec\u00edfico como parceiras das institui\u00e7\u00f5es europeias e que, portanto, deveriam ser explicitamente mencionadas&#8221;. O que acontece antes de tudo, por\u00e9m, afirma ainda a Comece em comunicado, \u00e9 o in\u00edcio de &#8220;um discurso sobre \u00e9tica social que acompanhe a discuss\u00e3o pol\u00edtica sobre a regulamenta\u00e7\u00e3o da IA&#8221;. Por essa raz\u00e3o, a UE &#8220;deveria construir instrumentos e mecanismos para uma abordagem interdisciplinar, eficaz, concreta e abrangente nas estruturas e nos programas j\u00e1 existentes dentro da Uni\u00e3o&#8221;.<\/p>\n<p style=\"text-align: justify;\">Em fevereiro, a Comece j\u00e1 tinha participado de um semin\u00e1rio internacional intitulado &#8220;O algoritmo &#8216;bom&#8217;? Intelig\u00eancia artificial, \u00e9tica, direito, sa\u00fade&#8221;, realizado no Vaticano por ocasi\u00e3o da 26\u00aa Assembleia Geral da Pontif\u00edcia Academia para a Vida. Naquela oportunidade, foi assinado o documento &#8220;Apelo de Roma por uma \u00e9tica da intelig\u00eancia artificial&#8221;, que defende a promo\u00e7\u00e3o de um sentido de responsabilidade entre as organiza\u00e7\u00f5es, os governos e as institui\u00e7\u00f5es para assegurar que a inova\u00e7\u00e3o digital e o progresso tecnol\u00f3gico estejam a servi\u00e7o do g\u00eanio e da criatividade humana.<\/p>\n<\/div>\n<\/div>\n","protected":false},"excerpt":{"rendered":"<p>Comece contribui com &#8216;Consultation on the White Paper on Artificial Intelligence&#8217; da Europa\u00a0 (AFP or licensors) A Comiss\u00e3o das Confer\u00eancias Episcopais da Comunidade Europeia (Comece) se posiciona em rela\u00e7\u00e3o ao tema dessa tecnologia cada vez mais presente em nossas vidas, atrav\u00e9s de uma contribui\u00e7\u00e3o ao documento oficial que foi redigido pela Comiss\u00e3o da Uni\u00e3o Europeia: [&hellip;]<\/p>\n","protected":false},"author":1,"featured_media":60813,"comment_status":"open","ping_status":"closed","sticky":false,"template":"","format":"standard","meta":{"footnotes":""},"categories":[3],"tags":[],"class_list":["post-60812","post","type-post","status-publish","format-standard","has-post-thumbnail","hentry","category-vaticano"],"_links":{"self":[{"href":"https:\/\/catolicanet.net\/wp-cnet\/wp-json\/wp\/v2\/posts\/60812","targetHints":{"allow":["GET"]}}],"collection":[{"href":"https:\/\/catolicanet.net\/wp-cnet\/wp-json\/wp\/v2\/posts"}],"about":[{"href":"https:\/\/catolicanet.net\/wp-cnet\/wp-json\/wp\/v2\/types\/post"}],"author":[{"embeddable":true,"href":"https:\/\/catolicanet.net\/wp-cnet\/wp-json\/wp\/v2\/users\/1"}],"replies":[{"embeddable":true,"href":"https:\/\/catolicanet.net\/wp-cnet\/wp-json\/wp\/v2\/comments?post=60812"}],"version-history":[{"count":1,"href":"https:\/\/catolicanet.net\/wp-cnet\/wp-json\/wp\/v2\/posts\/60812\/revisions"}],"predecessor-version":[{"id":60814,"href":"https:\/\/catolicanet.net\/wp-cnet\/wp-json\/wp\/v2\/posts\/60812\/revisions\/60814"}],"wp:featuredmedia":[{"embeddable":true,"href":"https:\/\/catolicanet.net\/wp-cnet\/wp-json\/wp\/v2\/media\/60813"}],"wp:attachment":[{"href":"https:\/\/catolicanet.net\/wp-cnet\/wp-json\/wp\/v2\/media?parent=60812"}],"wp:term":[{"taxonomy":"category","embeddable":true,"href":"https:\/\/catolicanet.net\/wp-cnet\/wp-json\/wp\/v2\/categories?post=60812"},{"taxonomy":"post_tag","embeddable":true,"href":"https:\/\/catolicanet.net\/wp-cnet\/wp-json\/wp\/v2\/tags?post=60812"}],"curies":[{"name":"wp","href":"https:\/\/api.w.org\/{rel}","templated":true}]}}