{"id":60809,"date":"2020-07-21T09:29:24","date_gmt":"2020-07-21T12:29:24","guid":{"rendered":"https:\/\/catolicanet.net\/wp-cnet\/?p=60809"},"modified":"2020-07-21T13:30:56","modified_gmt":"2020-07-21T16:30:56","slug":"bioetica-a-continuidade-do-magisterio-para-iluminar-diferentes-horizontes","status":"publish","type":"post","link":"https:\/\/catolicanet.net\/wp-cnet\/bioetica-a-continuidade-do-magisterio-para-iluminar-diferentes-horizontes\/","title":{"rendered":"Bio\u00e9tica, a continuidade do magist\u00e9rio para iluminar diferentes horizontes"},"content":{"rendered":"<figure class=\"article__image\"><span class=\"didascalia_img\">O livro &#8220;Os Papas e a Pontif\u00edcia Academia para a Vida&#8221;\u00a0<\/span><\/figure>\n<div class=\"article__meta\">\n<div class=\"article__subTitle\" style=\"text-align: justify;\">\u201cUm mundo onde a tecnologia est\u00e1 ao servi\u00e7o dos povos e n\u00e3o a humanidade ao servi\u00e7o da tecnologia\u201d. Palavras de Dom Vincenzo Paglia, na entrevista sobre o livro \u201cOs Papas e a Pontif\u00edcia Academia para a Vida\u201d<\/div>\n<div class=\"title__separator\" style=\"text-align: justify;\"><\/div>\n<div class=\"article__text\">\n<p style=\"text-align: justify;\"><b>Debora Donnini \u2013 Vatican News<\/b><\/p>\n<p style=\"text-align: justify;\">A Libreria Editrice Vaticana publicou o livro \u201cOs Papas e a Pontif\u00edcia Academia para a Vida\u201d que apresenta dentro do contexto das r\u00e1pidas mudan\u00e7as da ci\u00eancia e da tecnologia os pronunciamentos dos Papas sobre o assunto. Uma colet\u00e2nea de Discursos, Cartas e Mensagens que oferece, entre outras coisas, um panorama das iniciativas que t\u00eam caracterizado a Pontif\u00edcia Academia para a Vida desde seu nascimento, em 1994, a pedido de S\u00e3o Jo\u00e3o Paulo II, at\u00e9 os dias de hoje.<\/p>\n<div style=\"text-align: justify;\">\n<div class=\"article__embed article__embed--unwrap article__embed--dark\">\n<div class=\"article__innerTitle\">Ou\u00e7a e compartilhe!<\/div>\n<div>\n<!--[if lt IE 9]><script>document.createElement('audio');<\/script><![endif]-->\n<audio class=\"wp-audio-shortcode\" id=\"audio-60809-1\" preload=\"none\" style=\"width: 100%;\" controls=\"controls\"><source type=\"audio\/mpeg\" src=\"https:\/\/media.vaticannews.va\/media\/audio\/s1\/2020\/07\/20\/12\/135661789_F135661789.mp3?_=1\" \/><a href=\"https:\/\/media.vaticannews.va\/media\/audio\/s1\/2020\/07\/20\/12\/135661789_F135661789.mp3\">https:\/\/media.vaticannews.va\/media\/audio\/s1\/2020\/07\/20\/12\/135661789_F135661789.mp3<\/a><\/audio>\n<\/div>\n<\/div>\n<\/div>\n<h2 style=\"text-align: justify;\"><b>Cardeal Pietro Parolin escreve o pref\u00e1cio<\/b><\/h2>\n<p style=\"text-align: justify;\">O pref\u00e1cio escrito pelo cardeal Secret\u00e1rio de Estado Pietro Parolin destaca que s\u00e3o mais de 25 anos marcados pela aten\u00e7\u00e3o de tr\u00eas Papas, que permitem &#8220;acompanhar a evolu\u00e7\u00e3o progressiva dos muitos temas tratados e a aten\u00e7\u00e3o que o Magist\u00e9rio dos Papas tem dedicado constantemente a eles&#8221;, lembrando tamb\u00e9m o tumultuado desenvolvimento do conhecimento cient\u00edfico e da tecnologia que levou &#8220;a uma cont\u00ednua expans\u00e3o dos aspectos que devem ser considerados para proteger e promover a vida humana&#8221;. Os discursos apresentados, explica o Cardeal Parolin, devem ser lidos com base nas Enc\u00edclicas e outros documentos dos Papas para compreender a densidade da mensagem de cada texto. Para o Secret\u00e1rio de Estado, \u00e9 tamb\u00e9m uma oportunidade de agradecer \u00e0 Academia pelo seu trabalho na delicada fronteira da tutela e promo\u00e7\u00e3o da vida em todas as suas fases.<\/p>\n<h2 style=\"text-align: justify;\"><b>Dom Vincenzo Paglia faz a Introdu\u00e7\u00e3o<\/b><\/h2>\n<p style=\"text-align: justify;\">Na\u00a0Introdu\u00e7\u00e3o escrita pelo presidente da Pontif\u00edcia Academia para a Vida, Dom Vincenzo Paglia ressalta como esta cole\u00e7\u00e3o permite captar o profundo v\u00ednculo que une estes Documentos. E descreve a contrIbui\u00e7\u00e3o de cada Papa:<\/p>\n<h2 style=\"text-align: justify;\"><b>S\u00e3o Jo\u00e3o Paulo II<\/b><\/h2>\n<p style=\"text-align: justify;\">Sem d\u00favida um dos pensamentos fortes de S\u00e3o Jo\u00e3o Paulo II era o apelo \u00e0 integra\u00e7\u00e3o da pesquisa cient\u00edfica com a \u00e9tica e tamb\u00e9m a luz que vem da Revela\u00e7\u00e3o Crist\u00e3, particularmente diante dos perigos do utilitarismo e da mentalidade da pretensa autonomia absoluta do homem, &#8220;como se ele fosse o autor de sua pr\u00f3pria vida\u201d. Essencialmente, um humanismo fechado \u00e0 transcend\u00eancia. Portanto, \u00e9 importante, enfatiza Dom Paglia na Introdu\u00e7\u00e3o, lembrar da liga\u00e7\u00e3o entre \u00e9tica e direito, onde a primeira deve encontrar a segunda e onde emerge que o positivismo do direito est\u00e1 sempre ligado ao relativismo \u00e9tico.<\/p>\n<h2 style=\"text-align: justify;\"><b>Bento XVI<\/b><\/h2>\n<p style=\"text-align: justify;\">Com Bento XVI, sublinha o prelado, h\u00e1 um aprofundamento sistem\u00e1tico destes temas e tamb\u00e9m a introdu\u00e7\u00e3o de outros novos temas. Na sua reflex\u00e3o \u00e9 central o tema da consci\u00eancia crist\u00e3 e a rela\u00e7\u00e3o entre raz\u00e3o e f\u00e9, um tra\u00e7o distintivo de seus ensinamentos. Um v\u00ednculo no qual a raz\u00e3o \u00e9 chamada a realizar um processo de purifica\u00e7\u00e3o atrav\u00e9s do di\u00e1logo com a f\u00e9, tanto que Bento XVI escreveu que foi o pr\u00f3prio cristianismo que criou aquela matriz cultural que &#8220;tornou poss\u00edvel na Europa da Idade M\u00e9dia o desenvolvimento do conhecimento cient\u00edfico moderno, que nas culturas anteriores tinha ficado apenas na semente&#8221;.<\/p>\n<h2 style=\"text-align: justify;\"><b>Papa Francisco<\/b><\/h2>\n<p style=\"text-align: justify;\">Na mesma linha dos ensinamentos de S\u00e3o Jo\u00e3o Paulo II e de Bento XVI est\u00e3o tamb\u00e9m as interven\u00e7\u00f5es do Papa Francisco. A aten\u00e7\u00e3o dada na Laudato Si\u2019 \u00e0 ecologia integral, e tamb\u00e9m aos cuidados paliativos e \u00e0s implica\u00e7\u00f5es ligadas ao desenvolvimento e ao uso da intelig\u00eancia artificial e da rob\u00f3tica. Tamb\u00e9m foi important\u00edssimo o novo Estatuto de 2016 para a Pontif\u00edcia Academia para a Vida e, entre os documentos de Francisco, a\u00a0<i>Humana Communitas<\/i>, a Carta por ocasi\u00e3o do 25\u00ba anivers\u00e1rio da funda\u00e7\u00e3o da Academia com a indica\u00e7\u00e3o da fam\u00edlia e da rela\u00e7\u00e3o entre homem e mulher como o lugar central de inicia\u00e7\u00e3o \u00e0 fraternidade para toda a humanidade.<\/p>\n<h2 style=\"text-align: justify;\"><b>Entrevista com Dom Vincenzo Paglia<\/b><\/h2>\n<p style=\"text-align: justify;\"><i>Refletindo sobre as contribui\u00e7\u00f5es dadas ao nascimento e desenvolvimento da Pontif\u00edcia Academia para a Vida por Jo\u00e3o Paulo II, Bento XVI e pelo Papa Francisco, o senhor enfatiza o v\u00ednculo profundo que os une e define como &#8220;um verdadeiro corpus org\u00e2nico e unit\u00e1rio, tamb\u00e9m atrav\u00e9s da variedade de contextos hist\u00f3ricos e diferen\u00e7as lingu\u00edsticas&#8221;. Portanto estamos falando de um \u00fanico fio condutor que se baseia na necessidade de que a ci\u00eancia e a tecnologia reconhe\u00e7am como inviol\u00e1vel a dignidade do homem em todas as suas fases?<\/i><\/p>\n<p style=\"text-align: justify;\"><b>Dom Vincenzo Paglia:\u00a0<\/b>A continuidade do Magist\u00e9rio e a continuidade do trabalho emergem com grande for\u00e7a na leitura s\u00edncrona dos discursos que os Papas dirigiram \u00e0 Pontif\u00edcia Academia para a Vida nestes 25 anos de vida. Na introdu\u00e7\u00e3o ao livro, o Secret\u00e1rio de Estado, Cardeal Pietro Parolin, observa exatamente que a f\u00e9 anima a pesquisa sobre as quest\u00f5es in\u00e9ditas que a hist\u00f3ria nos prop\u00f5e, a fim de trat\u00e1-las no n\u00edvel \u00e9tico. Como presidente da Pontif\u00edcia Academia para a Vida, achei apropriado reunir as interven\u00e7\u00f5es dos tr\u00eas Papas: poder\u00edamos dizer um magist\u00e9rio que, em continuidade, soube ler a hist\u00f3ria em seu dinamismo e encontrar palavras apropriadas para iluminar seus diferentes horizontes. A extraordin\u00e1ria intui\u00e7\u00e3o de Jo\u00e3o Paulo II revela-se verdadeiramente fecunda e muito atual, mesmo nestes tempos de coronav\u00edrus e tecnologias que interv\u00eam nas diversas fases da vida humana. \u00c9tica e direito, defesa da vida e defesa da dignidade humana, uma vis\u00e3o antropol\u00f3gica b\u00e1sica que focaliza o valor da pessoa humana. Mas tamb\u00e9m os desafios colocados pela ci\u00eancia e tecnologia que nunca s\u00e3o neutros e por uma vis\u00e3o das rela\u00e7\u00f5es econ\u00f4micas e sociais que devem colocar as pessoas e as fam\u00edlias no centro, p\u00f3los fundamentais para o desenvolvimento de uma sociedade verdadeiramente humana. Estes e muitos outros s\u00e3o os pontos em comum que podem ser encontrados atrav\u00e9s da leitura dos discursos dos Papas.<\/p>\n<p style=\"text-align: justify;\"><i>O Magist\u00e9rio de Bento XVI \u00e9 sem d\u00favida marcado pela rela\u00e7\u00e3o entre f\u00e9 e raz\u00e3o. O que se destaca em particular em seus discursos \u00e0 Pontif\u00edcia Academia para a Vida?<\/i><\/p>\n<p style=\"text-align: justify;\"><b>Dom Vincenzo Paglia:\u00a0<\/b>\u00c9tica e ci\u00eancia, f\u00e9 e raz\u00e3o, e o papel da consci\u00eancia moral s\u00e3o as tr\u00eas articula\u00e7\u00f5es dos discursos do Papa Bento XVI. A confian\u00e7a na ci\u00eancia nunca deve nos fazer esquecer o primado da \u00e9tica; a confian\u00e7a na raz\u00e3o abre e enriquece o di\u00e1logo com a f\u00e9. E no desafio para a defesa da vida, o primado da consci\u00eancia moral est\u00e1 sem d\u00favida em primeiro plano. Nos dramas das pessoas &#8211; pense nas mulheres que fazem aborto ou nos doentes que pedem a eutan\u00e1sia &#8211; a Igreja se volta para a consci\u00eancia, proclama o Evangelho da vida que chama todos \u00e0 convers\u00e3o, para que a vida seja sempre plenamente humana, preservada em sua dignidade.<\/p>\n<p style=\"text-align: justify;\"><i>Na mesma linha do ensino de S\u00e3o Jo\u00e3o Paulo II e Bento XVI est\u00e3o tamb\u00e9m as interven\u00e7\u00f5es do Papa Francisco, como o contraste \u00e0 eutan\u00e1sia e ao aborto. O que lhe impressiona no seu apelo \u00e0 constru\u00e7\u00e3o de um humanismo fraterno de indiv\u00edduos e povos, sublinhado na Carta Humana Communitas para os 25 anos da Pontif\u00edcia Academia?<\/i><\/p>\n<p style=\"text-align: justify;\"><b>Dom Vincenzo Paglia:\u00a0<\/b>Com o Papa Francisco, na esteira do Magist\u00e9rio anterior, o olhar da Academia foi ampliado: o Papa pediu primeiro que a Academia servisse a vida humana n\u00e3o apenas no in\u00edcio e no fim, mas em cada momento da exist\u00eancia. Para fazer isso, ele queria cientistas de diferentes disciplinas e de muitas origens culturais e religiosas. Deste mandato surgiram os estudos (e as interven\u00e7\u00f5es do Papa Francisco) sobre novos cap\u00edtulos: refiro-me em primeiro lugar \u00e0s novas tecnologias &#8211; chamadas convergentes &#8211; e no impacto que elas t\u00eam sobre o desenvolvimento, sobre a qualidade de vida, sobre a melhoria das possibilidades de cuidado para todos e n\u00e3o apenas para alguns. Por exemplo, a rob\u00f3tica ou a intelig\u00eancia artificial e a introdu\u00e7\u00e3o de sistemas avan\u00e7ados mudam a rela\u00e7\u00e3o do homem consigo mesmo e com o meio ambiente. Penso no horizonte da &#8220;bio\u00e9tica global&#8221;, que exige que ampliemos nossa an\u00e1lise para as transforma\u00e7\u00f5es trazidas pelo desenvolvimento da ci\u00eancia e da tecnologia e que verifiquemos o impacto na qualidade de vida humana. Falo do prolongamento da vida humana que ocorreu gra\u00e7as ao progresso da pesquisa e ent\u00e3o entram na reflex\u00e3o t\u00f3picos como os cuidados paliativos, quest\u00f5es de fim de vida, o papel da espiritualidade e das religi\u00f5es no delineamento de um sentido para a vida na era tecnol\u00f3gica A Pontif\u00edcia Academia para a Vida \u00e9 estimulada a desenvolver uma reflex\u00e3o que leve em conta os desafios em um planeta onde as possibilidades de desenvolvimento, de vida, de uso de tecnologias n\u00e3o s\u00e3o para todos. Um planeta que sofre com a explora\u00e7\u00e3o indiscriminada dos recursos causada por um modelo de desenvolvimento que consome e acaba em vez de se preocupar em renovar e dar um futuro a todos. \u00c9 por isso que a vida, para a Igreja, nunca \u00e9 entendida abstratamente, ela \u00e9 declinada em suas diversas fases, em contextos sociais e culturais, e o objetivo profundo \u00e9 nos ensinar como construir uma\u00a0<i>Humana Communitas<\/i>. Um mundo onde a tecnologia est\u00e1 ao servi\u00e7o dos povos, para o bem comum, e n\u00e3o a humanidade ao servi\u00e7o da tecnologia.<\/p>\n<\/div>\n<\/div>\n","protected":false},"excerpt":{"rendered":"<p>O livro &#8220;Os Papas e a Pontif\u00edcia Academia para a Vida&#8221;\u00a0 \u201cUm mundo onde a tecnologia est\u00e1 ao servi\u00e7o dos povos e n\u00e3o a humanidade ao servi\u00e7o da tecnologia\u201d. Palavras de Dom Vincenzo Paglia, na entrevista sobre o livro \u201cOs Papas e a Pontif\u00edcia Academia para a Vida\u201d Debora Donnini \u2013 Vatican News A Libreria [&hellip;]<\/p>\n","protected":false},"author":1,"featured_media":60810,"comment_status":"open","ping_status":"closed","sticky":false,"template":"","format":"standard","meta":{"footnotes":""},"categories":[3],"tags":[],"class_list":["post-60809","post","type-post","status-publish","format-standard","has-post-thumbnail","hentry","category-vaticano"],"_links":{"self":[{"href":"https:\/\/catolicanet.net\/wp-cnet\/wp-json\/wp\/v2\/posts\/60809","targetHints":{"allow":["GET"]}}],"collection":[{"href":"https:\/\/catolicanet.net\/wp-cnet\/wp-json\/wp\/v2\/posts"}],"about":[{"href":"https:\/\/catolicanet.net\/wp-cnet\/wp-json\/wp\/v2\/types\/post"}],"author":[{"embeddable":true,"href":"https:\/\/catolicanet.net\/wp-cnet\/wp-json\/wp\/v2\/users\/1"}],"replies":[{"embeddable":true,"href":"https:\/\/catolicanet.net\/wp-cnet\/wp-json\/wp\/v2\/comments?post=60809"}],"version-history":[{"count":1,"href":"https:\/\/catolicanet.net\/wp-cnet\/wp-json\/wp\/v2\/posts\/60809\/revisions"}],"predecessor-version":[{"id":60811,"href":"https:\/\/catolicanet.net\/wp-cnet\/wp-json\/wp\/v2\/posts\/60809\/revisions\/60811"}],"wp:featuredmedia":[{"embeddable":true,"href":"https:\/\/catolicanet.net\/wp-cnet\/wp-json\/wp\/v2\/media\/60810"}],"wp:attachment":[{"href":"https:\/\/catolicanet.net\/wp-cnet\/wp-json\/wp\/v2\/media?parent=60809"}],"wp:term":[{"taxonomy":"category","embeddable":true,"href":"https:\/\/catolicanet.net\/wp-cnet\/wp-json\/wp\/v2\/categories?post=60809"},{"taxonomy":"post_tag","embeddable":true,"href":"https:\/\/catolicanet.net\/wp-cnet\/wp-json\/wp\/v2\/tags?post=60809"}],"curies":[{"name":"wp","href":"https:\/\/api.w.org\/{rel}","templated":true}]}}