{"id":60806,"date":"2020-07-21T09:27:48","date_gmt":"2020-07-21T12:27:48","guid":{"rendered":"https:\/\/catolicanet.net\/wp-cnet\/?p=60806"},"modified":"2020-07-21T13:28:48","modified_gmt":"2020-07-21T16:28:48","slug":"visita-surpresa-do-papa-as-criancas-do-centro-verao-no-vaticano","status":"publish","type":"post","link":"https:\/\/catolicanet.net\/wp-cnet\/visita-surpresa-do-papa-as-criancas-do-centro-verao-no-vaticano\/","title":{"rendered":"Visita surpresa do Papa \u00e0s crian\u00e7as do Centro Ver\u00e3o no Vaticano"},"content":{"rendered":"<p style=\"text-align: justify;\">Papa Francisco na Sala Paulo VI com crian\u00e7as e adolescentes que participam do &#8220;Ver\u00e3o Crian\u00e7as&#8221; (Copyright: Play It S.S.D. a.r.l)<\/p>\n<div class=\"article__subTitle\" style=\"text-align: justify;\">Fa\u00e7am novos amigos, para se divertir, \u00e9 precisa fazer junto com os outros. Esta \u00e9 a indica\u00e7\u00e3o do Papa Francisco que, na manh\u00e3 desta segunda-feira, encontrou os pequenos e seus animadores que, desde o in\u00edcio de julho, participam do &#8220;Ver\u00e3o Crian\u00e7as&#8221; no Vaticano. O Papa os cumprimentou enquanto tomavam o caf\u00e9 da manh\u00e3 e respondeu algumas de suas perguntas.<\/div>\n<div class=\"title__separator\" style=\"text-align: justify;\"><\/div>\n<div class=\"article__text\">\n<p style=\"text-align: justify;\"><b>Vatican News<\/b><\/p>\n<p style=\"text-align: justify;\">O diretor da Sala de Imprensa da Santa S\u00e9, Matteo Bruni, informa que o Santo Padre fez uma visita surpresa na manh\u00e3 desta segunda-feira aos participantes do \u201cVer\u00e3o Crian\u00e7as\u201d, reunidos na Sala Paulo VI:<\/p>\n<p style=\"text-align: justify;\">&#8220;Na manh\u00e3 de hoje, pouco depois das 9 horas, o Santo Padre visitou as crian\u00e7as e os jovens que participam do \u201cVer\u00e3o Crian\u00e7as\u201d no Vaticano, que se realiza nestes dias, enquanto tomavam o caf\u00e9 da manh\u00e3 no \u00e1trio da Sala Paulo VI. Depois de ter passado pelas mesas, o Papa visitou os espa\u00e7os para jogos montados na sala e conversou com os participantes.<\/p>\n<div style=\"text-align: justify;\">\n<aside class=\"article__readmore\">\n<div class=\"teaser--labelEvidence teaser teaser--type-article\">\n<article>\n<div class=\"teaser__labelWrapper\"><\/div>\n<div class=\"teaser__contentWrapper\">\n<div>Mais tarde, sentado com as crian\u00e7as, as encorajou a fazer novos amigos: \u201cas pessoas que s\u00f3 sabem se divertir sozinhas s\u00e3o ego\u00edstas; para se divertir, \u00e9 preciso estar junto, com os amigos!\u201d.<\/div>\n<\/div>\n<\/article>\n<\/div>\n<\/aside>\n<\/div>\n<p style=\"text-align: justify;\">Por fim, antes de retornar a Santa Marta, por volta das 10 horas, o Papa Francisco cumprimentou cada um dos animadores e agradeceu pelo trabalho&#8221;.<\/p>\n<p style=\"text-align: justify;\">\u201cVer\u00e3o Crian\u00e7as\u201d nasceu como uma iniciativa do Governatorato da Cidade do Vaticano para responder \u00e0s exig\u00eancias dos pais e m\u00e3es que trabalham no Vaticano. \u201cNunca como neste ano \u2013 explicou \u00a0o capel\u00e3o da Gendarmaria e dos Museus Vaticanos, o salesiano Franco Fontana\u00a0 &#8211; \u00a0depois de meses em que as fam\u00edlias foram obrigadas a ficar em casa, os pais ter\u00e3o a exig\u00eancia de confiar seus filhos a pessoas de confian\u00e7a que saibam dar esperan\u00e7a, entusiasmo e educar em seguran\u00e7a os seus filhos\u201d.<\/p>\n<p style=\"text-align: justify;\">Devido \u00e0 Covid-19, o n\u00famero de participantes teve de ser limitado, em compara\u00e7\u00e3o com o projeto inicial, j\u00e1 que puderam se inscrever somente 100 crian\u00e7as e adolescentes nas seguintes faixas et\u00e1rias: dos 5 aos 7 anos, dos 8 aos 10, e dos 11 aos 14.<\/p>\n<\/div>\n","protected":false},"excerpt":{"rendered":"<p>Papa Francisco na Sala Paulo VI com crian\u00e7as e adolescentes que participam do &#8220;Ver\u00e3o Crian\u00e7as&#8221; (Copyright: Play It S.S.D. a.r.l) Fa\u00e7am novos amigos, para se divertir, \u00e9 precisa fazer junto com os outros. Esta \u00e9 a indica\u00e7\u00e3o do Papa Francisco que, na manh\u00e3 desta segunda-feira, encontrou os pequenos e seus animadores que, desde o in\u00edcio [&hellip;]<\/p>\n","protected":false},"author":1,"featured_media":60807,"comment_status":"open","ping_status":"closed","sticky":false,"template":"","format":"standard","meta":{"footnotes":""},"categories":[3],"tags":[],"class_list":["post-60806","post","type-post","status-publish","format-standard","has-post-thumbnail","hentry","category-vaticano"],"_links":{"self":[{"href":"https:\/\/catolicanet.net\/wp-cnet\/wp-json\/wp\/v2\/posts\/60806","targetHints":{"allow":["GET"]}}],"collection":[{"href":"https:\/\/catolicanet.net\/wp-cnet\/wp-json\/wp\/v2\/posts"}],"about":[{"href":"https:\/\/catolicanet.net\/wp-cnet\/wp-json\/wp\/v2\/types\/post"}],"author":[{"embeddable":true,"href":"https:\/\/catolicanet.net\/wp-cnet\/wp-json\/wp\/v2\/users\/1"}],"replies":[{"embeddable":true,"href":"https:\/\/catolicanet.net\/wp-cnet\/wp-json\/wp\/v2\/comments?post=60806"}],"version-history":[{"count":1,"href":"https:\/\/catolicanet.net\/wp-cnet\/wp-json\/wp\/v2\/posts\/60806\/revisions"}],"predecessor-version":[{"id":60808,"href":"https:\/\/catolicanet.net\/wp-cnet\/wp-json\/wp\/v2\/posts\/60806\/revisions\/60808"}],"wp:featuredmedia":[{"embeddable":true,"href":"https:\/\/catolicanet.net\/wp-cnet\/wp-json\/wp\/v2\/media\/60807"}],"wp:attachment":[{"href":"https:\/\/catolicanet.net\/wp-cnet\/wp-json\/wp\/v2\/media?parent=60806"}],"wp:term":[{"taxonomy":"category","embeddable":true,"href":"https:\/\/catolicanet.net\/wp-cnet\/wp-json\/wp\/v2\/categories?post=60806"},{"taxonomy":"post_tag","embeddable":true,"href":"https:\/\/catolicanet.net\/wp-cnet\/wp-json\/wp\/v2\/tags?post=60806"}],"curies":[{"name":"wp","href":"https:\/\/api.w.org\/{rel}","templated":true}]}}