{"id":60737,"date":"2020-07-17T09:18:17","date_gmt":"2020-07-17T12:18:17","guid":{"rendered":"https:\/\/catolicanet.net\/wp-cnet\/?p=60737"},"modified":"2020-07-17T11:19:12","modified_gmt":"2020-07-17T14:19:12","slug":"dom-ricardo-comenta-noticia-caluniosa-sobre-o-pacto-pela-vida-e-pelo-brasil","status":"publish","type":"post","link":"https:\/\/catolicanet.net\/wp-cnet\/dom-ricardo-comenta-noticia-caluniosa-sobre-o-pacto-pela-vida-e-pelo-brasil\/","title":{"rendered":"Dom Ricardo comenta not\u00edcia caluniosa sobre o Pacto pela Vida e Pelo Brasil"},"content":{"rendered":"<p style=\"text-align: justify;\">O bispo de Rio Grande (RS) e presidente da Comiss\u00e3o Episcopal Pastoral para a Vida e a Fam\u00edlia da Confer\u00eancia Nacional dos Bispos do Brasil (CNBB), dom Ricardo Hoepers, pronunciou-se a respeito de uma not\u00edcia que tem circulado sobre um pacto da Confer\u00eancia Episcopal com entidade pr\u00f3-aborto. Para dom Ricardo, o texto \u201c\u00e9 uma afronta a toda Pastoral Familiar do Brasil\u201d e quem escreveu \u201cignora completamente as prioridades pastorais da Igreja Cat\u00f3lica e sua organiza\u00e7\u00e3o\u201d.\u00a0\u201cComo CNBB, a Comiss\u00e3o Vida e Fam\u00edlia continuar\u00e1 sempre incans\u00e1vel na defesa da vida desde a concep\u00e7\u00e3o at\u00e9 seu fim natural\u201d, afirma o bispo.<\/p>\n<h3 style=\"text-align: justify;\">Pacto Pela Vida e Pelo Brasil<\/h3>\n<p style=\"text-align: justify;\">A \u201cconfus\u00e3o medi\u00e1tica\u201d por meio de \u201cnot\u00edcia maldosa e, fora de contexto\u201d questiona o\u00a0<a href=\"https:\/\/www.cnbb.org.br\/no-dia-mundial-da-saude-cnbb-assina-pacto-pela-vida-e-pelo-brasil\/\">Pacto pela Vida e pelo Brasil<\/a>, assinado pela CNBB e outras entidades. O documento, assinado em abril reconhece que o Brasil vive uma grave crise \u2013 sanit\u00e1ria, econ\u00f4mica, social e pol\u00edtica \u2013 e que exige de todos, especialmente de governantes e representantes do povo, o exerc\u00edcio de uma cidadania guiada pelos princ\u00edpios da solidariedade e da dignidade humana, assentada no di\u00e1logo maduro, correspons\u00e1vel, na busca de solu\u00e7\u00f5es conjuntas para o bem comum, particularmente dos mais pobres e vulner\u00e1veis. Leia o Pacto pela Vida e pelo Brasil na \u00edntegra aqui.<\/p>\n<p style=\"text-align: justify;\"><strong>Confira a \u00edntegra do pronunciamento de dom Ricardo Hoepers:<\/strong><\/p>\n<p style=\"text-align: justify;\"><em>Diante da not\u00edcia que a CNBB fez um pacto com entidade pr\u00f3-aborto, digo o seguinte: Isso \u00e9 uma afronta a toda Pastoral Familiar do Brasil! Quem escreveu ignora completamente as prioridades pastorais da Igreja Cat\u00f3lica e sua organiza\u00e7\u00e3o. Sim, ignorante na escrita, mas, maldoso na proposi\u00e7\u00e3o. Pura maldade contra a Igreja Cat\u00f3lica e contra a CNBB.<\/em><\/p>\n<p style=\"text-align: justify;\"><em>A not\u00edcia tem um s\u00f3 e \u00fanico objetivo: caluniar a CNBB para fazer desacreditar a sua miss\u00e3o prof\u00e9tica em defesa de um pa\u00eds mais justo, fraterno e solid\u00e1rio! \u00c9 ineg\u00e1vel todo o hist\u00f3rico de defesa da vida e contra o aborto que se manifesta em todas as notas oficiais emitidas com coragem e veem\u00eancia pelos Bispos do Brasil.<\/em><\/p>\n<p style=\"text-align: justify;\"><em>Al\u00e9m da presen\u00e7a nos debates e nas audi\u00eancias p\u00fablicas, a CNBB e a Pastoral Familiar organizam a Semana da Vida que acontece em todas as dioceses do Brasil. Trabalhamos juntos na Comiss\u00e3o para a Vida e Fam\u00edlia que motiva, organiza e faz acontecer a promo\u00e7\u00e3o e a Defesa da vida atrav\u00e9s da Pastoral Familiar.<\/em><\/p>\n<p style=\"text-align: justify;\"><em>S\u00f3 quem tem muita raiva, \u00f3dio ou m\u00e1goa, mal resolvidos dentro de si, para criar uma confus\u00e3o medi\u00e1tica com essa not\u00edcia maldosa e fora de contexto, levantando falso testemunho com a imagem de Dom Walmor, presidente da CNBB, e da a\u00e7\u00e3o pastoral da Igreja Cat\u00f3lica.<\/em><\/p>\n<p style=\"text-align: justify;\"><em>Espero que todos os crist\u00e3os cat\u00f3licos se inteirem corretamente sobre o Pacto da Vida e o leiam na \u00edntegra. Como CNBB, a Comiss\u00e3o Vida e Fam\u00edlia continuar\u00e1 sempre incans\u00e1vel na defesa da vida desde a concep\u00e7\u00e3o at\u00e9 seu fim natural.<\/em><\/p>\n<p style=\"text-align: justify;\"><strong>Dom Ricardo Hoepers<\/strong><br \/>\nBispo de Rio Grande (RS)<br \/>\nPresidente da Comiss\u00e3o para a Vida e Fam\u00edlia da CNBB<\/p>\n","protected":false},"excerpt":{"rendered":"<p>O bispo de Rio Grande (RS) e presidente da Comiss\u00e3o Episcopal Pastoral para a Vida e a Fam\u00edlia da Confer\u00eancia Nacional dos Bispos do Brasil (CNBB), dom Ricardo Hoepers, pronunciou-se a respeito de uma not\u00edcia que tem circulado sobre um pacto da Confer\u00eancia Episcopal com entidade pr\u00f3-aborto. Para dom Ricardo, o texto \u201c\u00e9 uma afronta [&hellip;]<\/p>\n","protected":false},"author":1,"featured_media":60738,"comment_status":"open","ping_status":"closed","sticky":false,"template":"","format":"standard","meta":{"footnotes":""},"categories":[7],"tags":[],"class_list":["post-60737","post","type-post","status-publish","format-standard","has-post-thumbnail","hentry","category-cnbb"],"_links":{"self":[{"href":"https:\/\/catolicanet.net\/wp-cnet\/wp-json\/wp\/v2\/posts\/60737","targetHints":{"allow":["GET"]}}],"collection":[{"href":"https:\/\/catolicanet.net\/wp-cnet\/wp-json\/wp\/v2\/posts"}],"about":[{"href":"https:\/\/catolicanet.net\/wp-cnet\/wp-json\/wp\/v2\/types\/post"}],"author":[{"embeddable":true,"href":"https:\/\/catolicanet.net\/wp-cnet\/wp-json\/wp\/v2\/users\/1"}],"replies":[{"embeddable":true,"href":"https:\/\/catolicanet.net\/wp-cnet\/wp-json\/wp\/v2\/comments?post=60737"}],"version-history":[{"count":1,"href":"https:\/\/catolicanet.net\/wp-cnet\/wp-json\/wp\/v2\/posts\/60737\/revisions"}],"predecessor-version":[{"id":60739,"href":"https:\/\/catolicanet.net\/wp-cnet\/wp-json\/wp\/v2\/posts\/60737\/revisions\/60739"}],"wp:featuredmedia":[{"embeddable":true,"href":"https:\/\/catolicanet.net\/wp-cnet\/wp-json\/wp\/v2\/media\/60738"}],"wp:attachment":[{"href":"https:\/\/catolicanet.net\/wp-cnet\/wp-json\/wp\/v2\/media?parent=60737"}],"wp:term":[{"taxonomy":"category","embeddable":true,"href":"https:\/\/catolicanet.net\/wp-cnet\/wp-json\/wp\/v2\/categories?post=60737"},{"taxonomy":"post_tag","embeddable":true,"href":"https:\/\/catolicanet.net\/wp-cnet\/wp-json\/wp\/v2\/tags?post=60737"}],"curies":[{"name":"wp","href":"https:\/\/api.w.org\/{rel}","templated":true}]}}