{"id":60722,"date":"2020-07-16T09:42:22","date_gmt":"2020-07-16T12:42:22","guid":{"rendered":"https:\/\/catolicanet.net\/wp-cnet\/?p=60722"},"modified":"2020-07-16T09:42:22","modified_gmt":"2020-07-16T12:42:22","slug":"3-coisas-para-voce-levar-em-conta-antes-de-voltar-a-missa","status":"publish","type":"post","link":"https:\/\/catolicanet.net\/wp-cnet\/3-coisas-para-voce-levar-em-conta-antes-de-voltar-a-missa\/","title":{"rendered":"3 coisas para voc\u00ea levar em conta antes de voltar \u00e0 Missa"},"content":{"rendered":"<h2 class=\"subtitle\" style=\"text-align: justify;\">Muitas par\u00f3quias est\u00e3o retomando as celebra\u00e7\u00f5es p\u00fablicas. Por\u00e9m, com o aumento do n\u00famero de casos de Covid-19 precisamos ser prudentes<\/h2>\n<div class=\"base-post-content\">Uma das coisas mais dif\u00edceis da pandemia foi, sem d\u00favida, ficar sem os sacramentos. Missas e Confiss\u00f5es fazem parte da vida dos cat\u00f3licos. Ficar sem esses sacramentos foi quase que ficar sem conforto.<\/p>\n<p style=\"text-align: justify;\">Por\u00e9m, gradualmente, as par\u00f3quias est\u00e3o come\u00e7ando a receber fi\u00e9is em suas celebra\u00e7\u00f5es. O que temos que lembrar, entretanto, \u00e9 que, infelizmente, esta reabertura acontece mesmo quando o n\u00famero de casos de Covid-10 continua aumentando, sobretudo no Brasil e nos Estados Unidos. Isso significa que precisamos ser prudentes em equilibrar o desejo de voltar \u00e0 Missa com o dever de proteger n\u00e3o apenas a sa\u00fade de nossas fam\u00edlias, mas a de nossos colegas paroquianos e da comunidades em geral. .<\/p>\n<p style=\"text-align: justify;\">Com isso em mente, aqui est\u00e3o tr\u00eas coisas para voc\u00ea levar em conta antes de decidir voltar \u00e0 Missa.<\/p>\n<h3 class=\"rich-list-item\" style=\"text-align: justify;\"><strong>1 O OUTRO EM PRIMEIRO LUGAR<\/strong><\/h3>\n<p style=\"text-align: justify;\">Neste tempo de pandemia, honestidade e boa vontade s\u00e3o mais importantes do que nunca. Fa\u00e7a uma avalia\u00e7\u00e3o honesta da sa\u00fade de sua fam\u00edlia \u2013 algum de voc\u00eas tem nariz entupido, febre, dor de garganta ou tosse? Algu\u00e9m est\u00e1 se sentindo cansado al\u00e9m do normal? Algum de voc\u00eas j\u00e1 entrou em contato com algu\u00e9m que testou positivo? Mesmo se voc\u00ea acha que seus sintomas s\u00e3o apenas provenientes de alergias, \u00e9 imperativo ser excessivamente cauteloso. A maioria dos casos de Covid-19 \u00e9 assintom\u00e1tica ou causa sintomas t\u00e3o leves que a pessoa infectada n\u00e3o percebe que possui a doen\u00e7a,\u00a0 mas pode transmiti-la para as outras pessoas. Dado que muita gente em nossas par\u00f3quias corre maior risco de complica\u00e7\u00f5es s\u00e9rias ou mortais da Covid, \u00e9 essencial que nos lembremos do mandamento de Cristo: amar o pr\u00f3ximo como a n\u00f3s mesmos. Se voc\u00ea acha que voc\u00ea pode estar com Covid, n\u00e3o v\u00e1 \u00e0 Missa.<\/p>\n<h3 class=\"rich-list-item\" style=\"text-align: justify;\"><strong>2 ATENTE-SE AO N\u00daMERO DE CASOS NA SUA CIDADE<\/strong><\/h3>\n<p style=\"text-align: justify;\">\u00c9 importante estar ciente do n\u00famero de casos confirmados da Covid-19 em sua cidade, especialmente se voc\u00ea est\u00e1 pensando em ir a uma reuni\u00e3o p\u00fablica como a Missa. Por isso, verifique uma vez por dia em um meio de comunica\u00e7\u00e3o confi\u00e1vel antes de tomar sua decis\u00e3o. Se houver muitos casos surgindo em sua \u00e1rea, seria prudente esperar at\u00e9 que o n\u00famero de casos caia ou pelo menos estabilize. Isso \u00e9 especialmente importante se voc\u00ea tiver membros da fam\u00edlia com imunidade comprometida em sua casa.<\/p>\n<h3 class=\"rich-list-item\" style=\"text-align: justify;\"><strong>3 ADOTAR TODAS AS MEDIDAS DE PREVEN\u00c7\u00c3O RECOMENDADAS<\/strong><\/h3>\n<p style=\"text-align: justify;\">Se voc\u00ea tem certeza que ir\u00e1 levar sua fam\u00edlia para a Missa, tome todas as precau\u00e7\u00f5es poss\u00edveis. Separe m\u00e1scaras para voc\u00ea e seus filhos e treine-os para us\u00e1-las corretamente. Explique que as m\u00e1scaras ajudam a proteger a n\u00f3s mesmos e as outras pessoas da propaga\u00e7\u00e3o da doen\u00e7a. Lembre-os de n\u00e3o tocarem ou ajustarem a m\u00e1scara depois que ela estiver presa no rosto. Seja cuidadoso com a boa higiene das m\u00e3os \u2013 lembre as crian\u00e7as de n\u00e3o tocarem nas coisas, lave as m\u00e3os delas (e as suas) com frequ\u00eancia e mantenha consigo um frasco de \u00e1lcool em gel. E aten\u00e7\u00e3o: n\u00e3o importa qu\u00e3o felizes voc\u00ea e seus filhos estejam em rever amigos e paroquianos, resista \u00e0 tenta\u00e7\u00e3o de deixar escapar o distanciamento social.<\/p>\n<div class=\"nativo-inread\" style=\"text-align: justify;\"><\/div>\n<p style=\"text-align: justify;\">Por mais dif\u00edcil que seja ter que esperar ainda mais antes de voltar \u00e0 Missa, tanto a prud\u00eancia quanto a caridade s\u00e3o cruciais para nos ajudar a superar essa pandemia e voltar ao normal o mais r\u00e1pido poss\u00edvel.<\/p>\n<\/div>\n","protected":false},"excerpt":{"rendered":"<p>Muitas par\u00f3quias est\u00e3o retomando as celebra\u00e7\u00f5es p\u00fablicas. Por\u00e9m, com o aumento do n\u00famero de casos de Covid-19 precisamos ser prudentes Uma das coisas mais dif\u00edceis da pandemia foi, sem d\u00favida, ficar sem os sacramentos. Missas e Confiss\u00f5es fazem parte da vida dos cat\u00f3licos. Ficar sem esses sacramentos foi quase que ficar sem conforto. Por\u00e9m, gradualmente, [&hellip;]<\/p>\n","protected":false},"author":1,"featured_media":60723,"comment_status":"open","ping_status":"closed","sticky":false,"template":"","format":"standard","meta":{"footnotes":""},"categories":[4,13],"tags":[],"class_list":["post-60722","post","type-post","status-publish","format-standard","has-post-thumbnail","hentry","category-cotidiano","category-featured"],"_links":{"self":[{"href":"https:\/\/catolicanet.net\/wp-cnet\/wp-json\/wp\/v2\/posts\/60722","targetHints":{"allow":["GET"]}}],"collection":[{"href":"https:\/\/catolicanet.net\/wp-cnet\/wp-json\/wp\/v2\/posts"}],"about":[{"href":"https:\/\/catolicanet.net\/wp-cnet\/wp-json\/wp\/v2\/types\/post"}],"author":[{"embeddable":true,"href":"https:\/\/catolicanet.net\/wp-cnet\/wp-json\/wp\/v2\/users\/1"}],"replies":[{"embeddable":true,"href":"https:\/\/catolicanet.net\/wp-cnet\/wp-json\/wp\/v2\/comments?post=60722"}],"version-history":[{"count":1,"href":"https:\/\/catolicanet.net\/wp-cnet\/wp-json\/wp\/v2\/posts\/60722\/revisions"}],"predecessor-version":[{"id":60724,"href":"https:\/\/catolicanet.net\/wp-cnet\/wp-json\/wp\/v2\/posts\/60722\/revisions\/60724"}],"wp:featuredmedia":[{"embeddable":true,"href":"https:\/\/catolicanet.net\/wp-cnet\/wp-json\/wp\/v2\/media\/60723"}],"wp:attachment":[{"href":"https:\/\/catolicanet.net\/wp-cnet\/wp-json\/wp\/v2\/media?parent=60722"}],"wp:term":[{"taxonomy":"category","embeddable":true,"href":"https:\/\/catolicanet.net\/wp-cnet\/wp-json\/wp\/v2\/categories?post=60722"},{"taxonomy":"post_tag","embeddable":true,"href":"https:\/\/catolicanet.net\/wp-cnet\/wp-json\/wp\/v2\/tags?post=60722"}],"curies":[{"name":"wp","href":"https:\/\/api.w.org\/{rel}","templated":true}]}}