{"id":60713,"date":"2020-07-16T09:37:36","date_gmt":"2020-07-16T12:37:36","guid":{"rendered":"https:\/\/catolicanet.net\/wp-cnet\/?p=60713"},"modified":"2020-07-16T09:37:36","modified_gmt":"2020-07-16T12:37:36","slug":"santuario-de-lourdes-celebra-a-festa-de-nossa-senhora-do-carmo","status":"publish","type":"post","link":"https:\/\/catolicanet.net\/wp-cnet\/santuario-de-lourdes-celebra-a-festa-de-nossa-senhora-do-carmo\/","title":{"rendered":"Santu\u00e1rio de Lourdes celebra a festa de Nossa Senhora do Carmo"},"content":{"rendered":"<p style=\"text-align: justify;\">O Santu\u00e1rio de Lourdes (Fran\u00e7a) realiza online\u00a0<a href=\"https:\/\/www.lourdes-france.org\/pt-br\/lourdes-united\/\">uma peregrina\u00e7\u00e3o mundial &#8220;Lourdes United&#8221;<\/a>, em 16 de julho, festa de\u00a0Nossa Senhora do Carmo.<\/p>\n<p style=\"text-align: justify;\">De 7h \u00e0s 21h, estavam acontecendo v\u00e1rias Missas e ora\u00e7\u00f5es do Ter\u00e7o em diferentes idiomas.<\/p>\n<p style=\"text-align: justify;\">Na celebra\u00e7\u00e3o da\u00a0Missa dedicada \u00e0 Europa e \u00e0 \u00c1frica, lembrou-se que a festa de Nossa Senhora do Carmen est\u00e1 especialmente ligada \u00e0s apari\u00e7\u00f5es da Virgem de Lourdes a Bernardette.<\/p>\n<p style=\"text-align: justify;\">&#8220;A festa de Nossa Senhora do Monte Carmelo tem resson\u00e2ncias especiais no Santu\u00e1rio de Lourdes, na gruta de Massabielle, que corresponde \u00e0 \u00faltima apari\u00e7\u00e3o da Virgem a Bernardette, que come\u00e7aram em 11 de fevereiro&#8221;.<\/p>\n<p style=\"text-align: justify;\">Durante essa \u00faltima apari\u00e7\u00e3o, Bernardette garantiu que &#8220;Maria estava mais bonita do que nunca&#8221;.<\/p>\n<p style=\"text-align: justify;\">Na homilia, tamb\u00e9m se exortou a deixar \u00e0 Virgem \u201cnossas inten\u00e7\u00f5es, nosso sofrimento e esperan\u00e7as. Tudo o que temos e tudo o que somos&#8221; e pedir-lhe \u201ca nossa M\u00e3e do C\u00e9u&#8221; que \u201cnos leve a Jesus e nos ajude em nossas dificuldades para crer\u201d.<\/p>\n<p style=\"text-align: justify;\">Tamb\u00e9m se pediu, em especial, pelas &#8220;graves consequ\u00eancias causadas pela pandemia, a crise social e econ\u00f4mica&#8221; e confiar &#8220;em Maria,\u00a0Nossa Senhora de Lourdes, Nossa Senhora do Monte Carmelo&#8221;, pedindo-lhe que &#8220;engrande\u00e7a nossos cora\u00e7\u00f5es, aumente nossa f\u00e9 e nossa esperan\u00e7a&#8221;.<\/p>\n<p style=\"text-align: justify;\">Por \u00faltimo, na homilia, encorajou-se a &#8220;ver&#8221; as maravilhas de Deus &#8220;por seu povo e por cada um de n\u00f3s&#8221;, ou seja, o que &#8220;Deus fez em nossas vidas&#8221; e a &#8220;meditar&#8221; com Maria em todas essas coisas e como ela, &#8220;guard\u00e1-las no cora\u00e7\u00e3o&#8221;.<\/p>\n","protected":false},"excerpt":{"rendered":"<p>O Santu\u00e1rio de Lourdes (Fran\u00e7a) realiza online\u00a0uma peregrina\u00e7\u00e3o mundial &#8220;Lourdes United&#8221;, em 16 de julho, festa de\u00a0Nossa Senhora do Carmo. De 7h \u00e0s 21h, estavam acontecendo v\u00e1rias Missas e ora\u00e7\u00f5es do Ter\u00e7o em diferentes idiomas. Na celebra\u00e7\u00e3o da\u00a0Missa dedicada \u00e0 Europa e \u00e0 \u00c1frica, lembrou-se que a festa de Nossa Senhora do Carmen est\u00e1 especialmente [&hellip;]<\/p>\n","protected":false},"author":1,"featured_media":60714,"comment_status":"open","ping_status":"closed","sticky":false,"template":"","format":"standard","meta":{"footnotes":""},"categories":[4,13],"tags":[],"class_list":["post-60713","post","type-post","status-publish","format-standard","has-post-thumbnail","hentry","category-cotidiano","category-featured"],"_links":{"self":[{"href":"https:\/\/catolicanet.net\/wp-cnet\/wp-json\/wp\/v2\/posts\/60713","targetHints":{"allow":["GET"]}}],"collection":[{"href":"https:\/\/catolicanet.net\/wp-cnet\/wp-json\/wp\/v2\/posts"}],"about":[{"href":"https:\/\/catolicanet.net\/wp-cnet\/wp-json\/wp\/v2\/types\/post"}],"author":[{"embeddable":true,"href":"https:\/\/catolicanet.net\/wp-cnet\/wp-json\/wp\/v2\/users\/1"}],"replies":[{"embeddable":true,"href":"https:\/\/catolicanet.net\/wp-cnet\/wp-json\/wp\/v2\/comments?post=60713"}],"version-history":[{"count":1,"href":"https:\/\/catolicanet.net\/wp-cnet\/wp-json\/wp\/v2\/posts\/60713\/revisions"}],"predecessor-version":[{"id":60715,"href":"https:\/\/catolicanet.net\/wp-cnet\/wp-json\/wp\/v2\/posts\/60713\/revisions\/60715"}],"wp:featuredmedia":[{"embeddable":true,"href":"https:\/\/catolicanet.net\/wp-cnet\/wp-json\/wp\/v2\/media\/60714"}],"wp:attachment":[{"href":"https:\/\/catolicanet.net\/wp-cnet\/wp-json\/wp\/v2\/media?parent=60713"}],"wp:term":[{"taxonomy":"category","embeddable":true,"href":"https:\/\/catolicanet.net\/wp-cnet\/wp-json\/wp\/v2\/categories?post=60713"},{"taxonomy":"post_tag","embeddable":true,"href":"https:\/\/catolicanet.net\/wp-cnet\/wp-json\/wp\/v2\/tags?post=60713"}],"curies":[{"name":"wp","href":"https:\/\/api.w.org\/{rel}","templated":true}]}}