{"id":6071,"date":"2015-07-22T11:47:57","date_gmt":"2015-07-22T14:47:57","guid":{"rendered":"http:\/\/catolicanet.net\/wp-cnet\/papa-aos-autarcas-a-laudato-si-nao-e-uma-enciclica-verde-mas-social\/"},"modified":"2017-04-10T16:09:59","modified_gmt":"2017-04-10T19:09:59","slug":"papa-aos-autarcas-a-laudato-si-nao-e-uma-enciclica-verde-mas-social","status":"publish","type":"post","link":"https:\/\/catolicanet.net\/wp-cnet\/papa-aos-autarcas-a-laudato-si-nao-e-uma-enciclica-verde-mas-social\/","title":{"rendered":"Papa aos autarcas: a Laudato si n\u00e3o \u00e9 uma enc\u00edclica verde, mas social"},"content":{"rendered":"<p style=\"text-align: justify;\"><img decoding=\"async\" src=\"http:\/\/catolicanet.com.br\/images\/stories\/geral\/autarcas.jpg\" border=\"0\" align=\"left\" \/>O Papa Francisco quis participar pessoalmente no encontro organizado pelo Vaticano que re\u00fane autarcas de todo o mundo, de Nova Iorque a Paris, de S\u00e3o Paulo a Buenos Aires, sobre o tr\u00e1fico de seres humanos, ou seja, as v\u00e1rias formas de escravid\u00e3o moderna, al\u00e9m de mudan\u00e7as clim\u00e1ticas e o desenvolvimento sustent\u00e1vel. No fim da confer\u00eancia desta ter\u00e7a-feira (21), o Santo Padre foi recebido pela moderadora do evento, Valeria Mazza, uma modelo argentina. Ainda na sua chegada, abra\u00e7ou os Cardeais Francesco Montenegro, arcebispo de Agrigento, e o brasileiro Claudio Humes, prefeito em\u00e9rito da Congrega\u00e7\u00e3o para o Clero, empenhado pela prote\u00e7\u00e3o das popula\u00e7\u00f5es da Amaz\u00f4nia.<\/p>\n<p>No seu pronunciamento, em espanhol e de forma espont\u00e2nea, o Santo Padre falou da sua esperan\u00e7a que as Na\u00e7\u00f5es Unidas fa\u00e7am \u201cum acordo de base fundamental\u201d, porque \u201ca ONU precisa realmente assumir uma forte posi\u00e7\u00e3o sobre estes problemas, em particular, sobre o tr\u00e1fico de seres humanos, devido \u00e0s mudan\u00e7as clim\u00e1ticas. O Santo Padre disse tamb\u00e9m ter \u201cgrandes esperan\u00e7as sobre o v\u00e9rtice de Paris em dezembro\u201d.<\/p>\n<p>Diante de uma pergunta que lhe foi feita, o Papa disse que \u201ca Sua Enc\u00edclica n\u00e3o \u00e9 uma \u2018enc\u00edclica verde\u2019 mas, uma \u2018enc\u00edclica social\u2019, porque, dentro dela, da vida social do homem, n\u00e3o podemos separar o cuidado com o ambiente. Mais ainda, o problema do ambiente \u00e9 uma atitude social, que nos socializa\u201d.<\/p>\n<p>Francisco tamb\u00e9m enfatizou que a cultura do cuidado pelo ambiente n\u00e3o \u00e9 uma atitude somente \u201cdigo, no bom sentido, verde, \u00e9 muito mais. Cuidar do ambiente significa uma atitude de ecologia humana. J\u00e1 n\u00e3o podemos dizer a pessoa est\u00e1 aqui, e a cria\u00e7\u00e3o e o ambiente est\u00e3o ali. A ecologia \u00e9 total, \u00e9 humana. Foi o que eu quis expressar na Enc\u00edclica Laudato si. Que n\u00e3o se pode separar o homem do resto. Existe uma rela\u00e7\u00e3o de incid\u00eancia m\u00fatua. Seja do ambiente sobre a pessoa, seja da pessoa no modo como trata o ambiente. E, tamb\u00e9m, o efeito de \u2018rebote\u2019 contra o homem, quando o ambiente \u00e9 mal tratado\u201d.<\/p>\n<p style=\"text-align: justify;\">Fonte: R\u00e1dio Vaticano<\/p>\n","protected":false},"excerpt":{"rendered":"<p>O Papa Francisco quis participar pessoalmente no encontro organizado pelo Vaticano que re\u00fane autarcas de todo o mundo, de Nova Iorque a Paris, de S\u00e3o Paulo a Buenos Aires, sobre o tr\u00e1fico de seres humanos, ou seja, as v\u00e1rias formas de escravid\u00e3o moderna, al\u00e9m de mudan\u00e7as clim\u00e1ticas e o desenvolvimento sustent\u00e1vel. No fim da confer\u00eancia [&hellip;]<\/p>\n","protected":false},"author":1,"featured_media":0,"comment_status":"closed","ping_status":"closed","sticky":false,"template":"","format":"standard","meta":{"footnotes":""},"categories":[3],"tags":[],"class_list":["post-6071","post","type-post","status-publish","format-standard","hentry","category-vaticano"],"_links":{"self":[{"href":"https:\/\/catolicanet.net\/wp-cnet\/wp-json\/wp\/v2\/posts\/6071","targetHints":{"allow":["GET"]}}],"collection":[{"href":"https:\/\/catolicanet.net\/wp-cnet\/wp-json\/wp\/v2\/posts"}],"about":[{"href":"https:\/\/catolicanet.net\/wp-cnet\/wp-json\/wp\/v2\/types\/post"}],"author":[{"embeddable":true,"href":"https:\/\/catolicanet.net\/wp-cnet\/wp-json\/wp\/v2\/users\/1"}],"replies":[{"embeddable":true,"href":"https:\/\/catolicanet.net\/wp-cnet\/wp-json\/wp\/v2\/comments?post=6071"}],"version-history":[{"count":1,"href":"https:\/\/catolicanet.net\/wp-cnet\/wp-json\/wp\/v2\/posts\/6071\/revisions"}],"predecessor-version":[{"id":11032,"href":"https:\/\/catolicanet.net\/wp-cnet\/wp-json\/wp\/v2\/posts\/6071\/revisions\/11032"}],"wp:attachment":[{"href":"https:\/\/catolicanet.net\/wp-cnet\/wp-json\/wp\/v2\/media?parent=6071"}],"wp:term":[{"taxonomy":"category","embeddable":true,"href":"https:\/\/catolicanet.net\/wp-cnet\/wp-json\/wp\/v2\/categories?post=6071"},{"taxonomy":"post_tag","embeddable":true,"href":"https:\/\/catolicanet.net\/wp-cnet\/wp-json\/wp\/v2\/tags?post=6071"}],"curies":[{"name":"wp","href":"https:\/\/api.w.org\/{rel}","templated":true}]}}