{"id":60704,"date":"2020-07-16T09:33:15","date_gmt":"2020-07-16T12:33:15","guid":{"rendered":"https:\/\/catolicanet.net\/wp-cnet\/?p=60704"},"modified":"2020-07-16T09:33:15","modified_gmt":"2020-07-16T12:33:15","slug":"secretarios-executivos-dos-regionais-da-cnbb-participam-de-videoconferencia-nesta-quinta-feira","status":"publish","type":"post","link":"https:\/\/catolicanet.net\/wp-cnet\/secretarios-executivos-dos-regionais-da-cnbb-participam-de-videoconferencia-nesta-quinta-feira\/","title":{"rendered":"Secret\u00e1rios executivos dos regionais da CNBB participam de videoconfer\u00eancia nesta quinta-feira"},"content":{"rendered":"<p style=\"text-align: justify;\">Os secret\u00e1rios executivos dos 18 regionais da Confer\u00eancia Nacional dos Bispos do Brasil (CNBB) foram convocados\u00a0 pelo subsecret\u00e1rio adjunto geral da CNBB, padre Dirceu de Oliveira, e pelo subsecret\u00e1rio adjunto de pastoral, padre Marcus Barbosa,\u00a0para uma videoconfer\u00eancia amanh\u00e3, dia 16 de julho, das 9 \u00e0s 11h. A iniciativa ser\u00e1, conforme a carta-convite, uma oportunidade para partilha de experi\u00eancias e estreitamento dos la\u00e7os de comunh\u00e3o entre os participantes.<\/p>\n<p style=\"text-align: justify;\">Padre Dirceu, subsecret\u00e1rio adjunto geral, disse que a expectativa \u00e9 a de aprimorar cada vez mais a gest\u00e3o da Confer\u00eancia, criando comunh\u00e3o e sinergia entre a sede e os regionais, tratando sobre diversos aspectos da administra\u00e7\u00e3o, da gest\u00e3o e tamb\u00e9m da pastoral. \u201cEssa \u00e9 a finalidade desse nosso encontro que ser\u00e1 composto de momentos de reflex\u00e3o teol\u00f3gico-pastoral, mas tamb\u00e9m de alinhamentos do ponto de vista de gest\u00e3o e de gest\u00e3o administrativa pastoral\u201d, explicou.<\/p>\n<p style=\"text-align: justify;\">Na pauta da reuni\u00e3o virtual consta discuss\u00f5es sobre o tema central da 58\u00aa Assembleia Geral da CNBB, transferida para abril de 2021, al\u00e9m de comunicados da presid\u00eancia sobre as novas datas das coletas referentes \u00e0s campanhas nacionais da entidade. Tamb\u00e9m haver\u00e1 um momento de partilha sobre aspectos de gest\u00e3o e informes da Editora da CNBB, a Edi\u00e7\u00f5es CNBB.<\/p>\n<p style=\"text-align: justify;\">Padre Marcus Barbosa, subsecret\u00e1rio adjunto de pastoral da CNBB, salientou que a reuni\u00e3o ser\u00e1 um importante momento de encontro entre os participantes para \u201cnos vermos, nos relacionarmos e sentirmos a presen\u00e7a do outro, gra\u00e7as \u00e0 possibilidade virtual\u201d. Desse encontro, ele explica que sair\u00e3o desdobramentos, sobretudo, uma partilha das a\u00e7\u00f5es de gest\u00e3o pastoral realizadas nos regionais, com seus avan\u00e7os e entraves ainda encontrados.<\/p>\n<blockquote><p>\u201cGosto de destacar sempre que os secret\u00e1rios regionais t\u00eam uma importante miss\u00e3o na nossa Confer\u00eancia Episcopal. Eles fazem a \u201cengrenagem\u201d dos projetos e trabalhos acontecerem na base, na vida e na miss\u00e3o dos regionais da Igreja no Brasil. Pedimos ora\u00e7\u00f5es para um bom andamento do nosso encontro\u201d, exortou padre Marcus.<\/p><\/blockquote>\n<p>O encontro virtual acontecer\u00e1 por meio da plataforma Zoom.<\/p>\n","protected":false},"excerpt":{"rendered":"<p>Os secret\u00e1rios executivos dos 18 regionais da Confer\u00eancia Nacional dos Bispos do Brasil (CNBB) foram convocados\u00a0 pelo subsecret\u00e1rio adjunto geral da CNBB, padre Dirceu de Oliveira, e pelo subsecret\u00e1rio adjunto de pastoral, padre Marcus Barbosa,\u00a0para uma videoconfer\u00eancia amanh\u00e3, dia 16 de julho, das 9 \u00e0s 11h. A iniciativa ser\u00e1, conforme a carta-convite, uma oportunidade para [&hellip;]<\/p>\n","protected":false},"author":1,"featured_media":60705,"comment_status":"open","ping_status":"closed","sticky":false,"template":"","format":"standard","meta":{"footnotes":""},"categories":[7,13],"tags":[],"class_list":["post-60704","post","type-post","status-publish","format-standard","has-post-thumbnail","hentry","category-cnbb","category-featured"],"_links":{"self":[{"href":"https:\/\/catolicanet.net\/wp-cnet\/wp-json\/wp\/v2\/posts\/60704","targetHints":{"allow":["GET"]}}],"collection":[{"href":"https:\/\/catolicanet.net\/wp-cnet\/wp-json\/wp\/v2\/posts"}],"about":[{"href":"https:\/\/catolicanet.net\/wp-cnet\/wp-json\/wp\/v2\/types\/post"}],"author":[{"embeddable":true,"href":"https:\/\/catolicanet.net\/wp-cnet\/wp-json\/wp\/v2\/users\/1"}],"replies":[{"embeddable":true,"href":"https:\/\/catolicanet.net\/wp-cnet\/wp-json\/wp\/v2\/comments?post=60704"}],"version-history":[{"count":1,"href":"https:\/\/catolicanet.net\/wp-cnet\/wp-json\/wp\/v2\/posts\/60704\/revisions"}],"predecessor-version":[{"id":60706,"href":"https:\/\/catolicanet.net\/wp-cnet\/wp-json\/wp\/v2\/posts\/60704\/revisions\/60706"}],"wp:featuredmedia":[{"embeddable":true,"href":"https:\/\/catolicanet.net\/wp-cnet\/wp-json\/wp\/v2\/media\/60705"}],"wp:attachment":[{"href":"https:\/\/catolicanet.net\/wp-cnet\/wp-json\/wp\/v2\/media?parent=60704"}],"wp:term":[{"taxonomy":"category","embeddable":true,"href":"https:\/\/catolicanet.net\/wp-cnet\/wp-json\/wp\/v2\/categories?post=60704"},{"taxonomy":"post_tag","embeddable":true,"href":"https:\/\/catolicanet.net\/wp-cnet\/wp-json\/wp\/v2\/tags?post=60704"}],"curies":[{"name":"wp","href":"https:\/\/api.w.org\/{rel}","templated":true}]}}