{"id":60697,"date":"2020-07-16T09:29:36","date_gmt":"2020-07-16T12:29:36","guid":{"rendered":"https:\/\/catolicanet.net\/wp-cnet\/?p=60697"},"modified":"2020-07-16T09:29:36","modified_gmt":"2020-07-16T12:29:36","slug":"peregrinacao-virtual-em-formato-inedito-santuario-de-lourdes-reune-milhoes-de-fieis-neste-dia-16","status":"publish","type":"post","link":"https:\/\/catolicanet.net\/wp-cnet\/peregrinacao-virtual-em-formato-inedito-santuario-de-lourdes-reune-milhoes-de-fieis-neste-dia-16\/","title":{"rendered":"Peregrina\u00e7\u00e3o virtual: em formato in\u00e9dito, Santu\u00e1rio de Lourdes re\u00fane milh\u00f5es de fi\u00e9is neste dia 16"},"content":{"rendered":"<div class=\"article__subTitle\" style=\"text-align: justify;\">Ser\u00e3o 15 horas de transmiss\u00e3o ao vivo, em 10 idiomas diferentes \u2013 entre eles, o portugu\u00eas \u2013 com uma programa\u00e7\u00e3o intensa para recordar a \u00faltima apari\u00e7\u00e3o de Nossa Senhora de Lourdes \u00e0 Santa Bernardette. A primeira peregrina\u00e7\u00e3o online global direto da Gruta das Apari\u00e7\u00f5es no Santu\u00e1rio Internacional de Lourdes, na Fran\u00e7a, come\u00e7a \u00e0s 7h na hora local, 2 da madrugada no hor\u00e1rio de Bras\u00edlia. Basta se conectar \u00e0s plataformas oficiais do evento \u201cLourdes United\u201d ou pelo site lourdes-france.org.<\/div>\n<div class=\"title__separator\" style=\"text-align: justify;\"><\/div>\n<div class=\"article__text\">\n<p style=\"text-align: justify;\"><b>Andressa Collet &#8211; Vatican News<\/b><\/p>\n<p><iframe loading=\"lazy\" title=\"Lourdes United : the teaser in english\" width=\"696\" height=\"392\" src=\"https:\/\/www.youtube.com\/embed\/hKCPxi0ScOE?feature=oembed\" frameborder=\"0\" allow=\"accelerometer; autoplay; encrypted-media; gyroscope; picture-in-picture\" allowfullscreen><\/iframe><\/p>\n<p style=\"text-align: justify;\">Est\u00e1 marcada para esta quinta-feira, 16 de julho, a primeira peregrina\u00e7\u00e3o online global do Santu\u00e1rio Internacional de Lourdes, na Fran\u00e7a. Os organizadores do \u201cLourdes United\u201d esperam reunir milh\u00f5es de pessoas de todo o mundo num \u00fanico percurso virtual at\u00e9 a Gruta das Apari\u00e7\u00f5es de Nossa Senhora, uma oportunidade em que as c\u00e2meras ir\u00e3o entrar no cora\u00e7\u00e3o do espa\u00e7o cat\u00f3lico. Ser\u00e3o 15 horas de transmiss\u00e3o ao vivo, em 10 idiomas diferentes, entre eles, o portugu\u00eas: come\u00e7a \u00e0s 7h na hora francesa, 2 da madrugada no hor\u00e1rio de Bras\u00edlia, e se estende at\u00e9 \u00e0s 22h, 17h no hor\u00e1rio de Bras\u00edlia.<\/p>\n<h2 style=\"text-align: justify;\">A programa\u00e7\u00e3o da e-peregrina\u00e7\u00e3o global<\/h2>\n<p style=\"text-align: justify;\">A data marcada para o evento in\u00e9dito comemora a \u00faltima apari\u00e7\u00e3o de Nossa Senhora de Lourdes \u00e0 Santa Bernardette. A programa\u00e7\u00e3o ser\u00e1 dividida em v\u00e1rias atividades, entre celebra\u00e7\u00f5es, prociss\u00f5es, ora\u00e7\u00f5es, ter\u00e7os e testemunhos de fi\u00e9is e personalidades religiosas sobre a import\u00e2ncia de Nossa Senhora de Lourdes na vida pessoal. Um novo programa de TV ser\u00e1 transmitido ao vivo das 16h \u00e0s 18h, no hor\u00e1rio local, com interven\u00e7\u00f5es sobre os temas da solidariedade, al\u00e9m de reportagens, v\u00eddeos de arquivo e m\u00fasica ao vivo.<\/p>\n<h2 style=\"text-align: justify;\">Como participar do Lourdes United<\/h2>\n<p style=\"text-align: justify;\">Para participar da peregrina\u00e7\u00e3o online basta acessar as\u00a0<a href=\"https:\/\/www.lourdes-france.org\/pt-br\/lourdes-united\/\" target=\"_blank\" rel=\"external nofollow noopener noreferrer\">plataformas oficiais do Santu\u00e1rio<\/a>\u00a0durante todo o dia 16 de julho e de qualquer parte do mundo. Vale ressaltar que os fi\u00e9is tamb\u00e9m podem enviar inten\u00e7\u00f5es de ora\u00e7\u00e3o que ser\u00e3o depositadas na Gruta \u2013 inclusive d\u00e1 para solicitar que uma vela seja adicionada ao pedido.<\/p>\n<h2 style=\"text-align: justify;\">A campanha online de doa\u00e7\u00e3o<\/h2>\n<p style=\"text-align: justify;\">Apesar da reabertura parcial neste per\u00edodo, o Santu\u00e1rio de Lourdes tamb\u00e9m procura usar a peregrina\u00e7\u00e3o online como um pedido de apoio e colabora\u00e7\u00e3o financeira, visto as dificuldades vividas durante mais de dois meses fechado \u2013 pela primeira vez na sua hist\u00f3ria \u2013 por causa da pandemia. \u201cLourdes sem peregrinos \u00e9 uma Lourdes sem recursos para realizar a sua miss\u00e3o\u201d e para manter o Santu\u00e1rio e garantir o trabalho dos 320 funcion\u00e1rios motiva para a generosidade dos peregrinos. Os preju\u00edzos j\u00e1 s\u00e3o calculados em cerca de 8 milh\u00f5es de euros.<\/p>\n<p style=\"text-align: justify;\">O site oficial recorda que anualmente o espa\u00e7o \u201cmobiliza cerca de 100 mil volunt\u00e1rios para receber 3 milh\u00f5es de peregrinos, incluindo mais de 50 mil doentes e deficientes\u201d. A peregrina\u00e7\u00e3o online ser\u00e1, ent\u00e3o, uma mobiliza\u00e7\u00e3o global para ajudar Lourdes a se reerguer e se preparar para o futuro atrav\u00e9s de \u201ctodos aqueles que, nos quatro cantos do mundo, veem Lourdes como um farol de fe\u0301, compromisso, partilha e esperanc\u0327a. O mundo enfrenta uma crise econ\u00f4mica e social sem precedentes, aliada a uma busca sem precedentes de significado. A fraternidade, a generosidade e a esperanc\u0327a que o Santua\u0301rio carrega ha\u0301 162 anos nunca foi ta\u0303o essencial\u201d.<\/p>\n<\/div>\n","protected":false},"excerpt":{"rendered":"<p>Ser\u00e3o 15 horas de transmiss\u00e3o ao vivo, em 10 idiomas diferentes \u2013 entre eles, o portugu\u00eas \u2013 com uma programa\u00e7\u00e3o intensa para recordar a \u00faltima apari\u00e7\u00e3o de Nossa Senhora de Lourdes \u00e0 Santa Bernardette. A primeira peregrina\u00e7\u00e3o online global direto da Gruta das Apari\u00e7\u00f5es no Santu\u00e1rio Internacional de Lourdes, na Fran\u00e7a, come\u00e7a \u00e0s 7h na [&hellip;]<\/p>\n","protected":false},"author":1,"featured_media":60698,"comment_status":"open","ping_status":"closed","sticky":false,"template":"","format":"standard","meta":{"footnotes":""},"categories":[3],"tags":[],"class_list":["post-60697","post","type-post","status-publish","format-standard","has-post-thumbnail","hentry","category-vaticano"],"_links":{"self":[{"href":"https:\/\/catolicanet.net\/wp-cnet\/wp-json\/wp\/v2\/posts\/60697","targetHints":{"allow":["GET"]}}],"collection":[{"href":"https:\/\/catolicanet.net\/wp-cnet\/wp-json\/wp\/v2\/posts"}],"about":[{"href":"https:\/\/catolicanet.net\/wp-cnet\/wp-json\/wp\/v2\/types\/post"}],"author":[{"embeddable":true,"href":"https:\/\/catolicanet.net\/wp-cnet\/wp-json\/wp\/v2\/users\/1"}],"replies":[{"embeddable":true,"href":"https:\/\/catolicanet.net\/wp-cnet\/wp-json\/wp\/v2\/comments?post=60697"}],"version-history":[{"count":1,"href":"https:\/\/catolicanet.net\/wp-cnet\/wp-json\/wp\/v2\/posts\/60697\/revisions"}],"predecessor-version":[{"id":60699,"href":"https:\/\/catolicanet.net\/wp-cnet\/wp-json\/wp\/v2\/posts\/60697\/revisions\/60699"}],"wp:featuredmedia":[{"embeddable":true,"href":"https:\/\/catolicanet.net\/wp-cnet\/wp-json\/wp\/v2\/media\/60698"}],"wp:attachment":[{"href":"https:\/\/catolicanet.net\/wp-cnet\/wp-json\/wp\/v2\/media?parent=60697"}],"wp:term":[{"taxonomy":"category","embeddable":true,"href":"https:\/\/catolicanet.net\/wp-cnet\/wp-json\/wp\/v2\/categories?post=60697"},{"taxonomy":"post_tag","embeddable":true,"href":"https:\/\/catolicanet.net\/wp-cnet\/wp-json\/wp\/v2\/tags?post=60697"}],"curies":[{"name":"wp","href":"https:\/\/api.w.org\/{rel}","templated":true}]}}