{"id":60694,"date":"2020-07-16T09:27:48","date_gmt":"2020-07-16T12:27:48","guid":{"rendered":"https:\/\/catolicanet.net\/wp-cnet\/?p=60694"},"modified":"2020-07-16T09:27:48","modified_gmt":"2020-07-16T12:27:48","slug":"papa-nossa-senhora-do-carmo-nos-ajude-a-ter-um-coracao-puro","status":"publish","type":"post","link":"https:\/\/catolicanet.net\/wp-cnet\/papa-nossa-senhora-do-carmo-nos-ajude-a-ter-um-coracao-puro\/","title":{"rendered":"Papa: Nossa Senhora do Carmo nos ajude a ter um cora\u00e7\u00e3o puro"},"content":{"rendered":"<div class=\"article__subTitle\" style=\"text-align: justify;\">Os Carmelitas difundiram no povo crist\u00e3o a devo\u00e7\u00e3o \u00e0 Bem-Aventurada Virgem do Monte Carmelo, indicando-a como modelo de ora\u00e7\u00e3o, de contempla\u00e7\u00e3o e de dedica\u00e7\u00e3o a Deus.<\/div>\n<div class=\"title__separator\" style=\"text-align: justify;\"><\/div>\n<div class=\"article__text\">\n<p style=\"text-align: justify;\"><b>Bianca Fraccalvieri &#8211; Vatican News<\/b><\/p>\n<p style=\"text-align: justify;\">\u201cNossa Senhora do Carmo, nossa m\u00e3e, ajuda-nos a ter m\u00e3os inocentes e um cora\u00e7\u00e3o puro, a n\u00e3o pronunciar uma mentira e a n\u00e3o falar em detrimento de outras pessoas. Assim poderemos subir o monte do Senhor e obter sua b\u00ean\u00e7\u00e3o, sua justi\u00e7a, sua salva\u00e7\u00e3o.\u201d<\/p>\n<p style=\"text-align: justify;\">Com esta mensagem no Twitter, o Papa Francisco recorda hoje a festa lit\u00fargica de Nossa Senhora do Carmo, m\u00e3e da Ordem Carmelita.<\/p>\n<div style=\"text-align: justify;\">\n<div class=\"article__embed article__embed--unwrap article__embed--dark\">\n<div class=\"article__innerTitle\">Ou\u00e7a e compartilhe<\/div>\n<div>\n<!--[if lt IE 9]><script>document.createElement('audio');<\/script><![endif]-->\n<audio class=\"wp-audio-shortcode\" id=\"audio-60694-1\" preload=\"none\" style=\"width: 100%;\" controls=\"controls\"><source type=\"audio\/mpeg\" src=\"https:\/\/media.vaticannews.va\/media\/audio\/s1\/2020\/07\/16\/10\/135658290_F135658290.mp3?_=1\" \/><a href=\"https:\/\/media.vaticannews.va\/media\/audio\/s1\/2020\/07\/16\/10\/135658290_F135658290.mp3\">https:\/\/media.vaticannews.va\/media\/audio\/s1\/2020\/07\/16\/10\/135658290_F135658290.mp3<\/a><\/audio>\n<\/div>\n<\/div>\n<\/div>\n<h2 style=\"text-align: justify;\">Modelo de ora\u00e7\u00e3o, contempla\u00e7\u00e3o e dedica\u00e7\u00e3o<\/h2>\n<p style=\"text-align: justify;\">Venerada desde o s\u00e9culo XIII, o nome de Nossa Senhora do Carmo est\u00e1 ligado \u00e0 regi\u00e3o do Monte Carmelo, alto promont\u00f3rio que se eleva na costa oriental do mar Mediterr\u00e2neo, precisamente na altura da Galileia. Em hebraico, \u201ccarmo\u201d significa vinha; e \u201celo\u201d significa senhor; portanto, \u201cVinha do Senhor\u201d.<\/p>\n<p style=\"text-align: justify;\">O Carmelo tem nas suas ladeiras numerosas grutas naturais, preferidas pelos eremitas. O mais c\u00e9lebre destes homens foi o grande profeta Elias que, no s\u00e9culo IX a. C., defendeu estrenuamente da contamina\u00e7\u00e3o dos cultos idol\u00e1tricos, a pureza da f\u00e9 no Deus \u00fanico e verdadeiro. Inspirando-se precisamente na figura de Elias, nasceu a Ordem contemplativa dos &#8220;Carmelitas&#8221;, fam\u00edlia religiosa que entre os seus membros enumera grandes Santos, como Teresa de \u00c1vila, Jo\u00e3o da Cruz, Teresa do Menino Jesus e Teresa Benedita da Cruz (no s\u00e9culo, Edith Stein).<\/p>\n<p style=\"text-align: justify;\">Os Carmelitas difundiram no povo crist\u00e3o a devo\u00e7\u00e3o \u00e0 Bem-Aventurada Virgem do Monte Carmelo, indicando-a como modelo de ora\u00e7\u00e3o, de contempla\u00e7\u00e3o e de dedica\u00e7\u00e3o a Deus.<\/p>\n<p style=\"text-align: justify;\">O Escapul\u00e1rio tamb\u00e9m ajudou na difus\u00e3o desta devo\u00e7\u00e3o mariana em todo o mundo, sinal de cuidado materno. Carregando sobre o peito, o escapul\u00e1rio nos recorda a miseric\u00f3rdia de Deus para conosco e nos convida a viver segundo a sua Santa Palavra.<\/p>\n<\/div>\n","protected":false},"excerpt":{"rendered":"<p>Os Carmelitas difundiram no povo crist\u00e3o a devo\u00e7\u00e3o \u00e0 Bem-Aventurada Virgem do Monte Carmelo, indicando-a como modelo de ora\u00e7\u00e3o, de contempla\u00e7\u00e3o e de dedica\u00e7\u00e3o a Deus. Bianca Fraccalvieri &#8211; Vatican News \u201cNossa Senhora do Carmo, nossa m\u00e3e, ajuda-nos a ter m\u00e3os inocentes e um cora\u00e7\u00e3o puro, a n\u00e3o pronunciar uma mentira e a n\u00e3o falar [&hellip;]<\/p>\n","protected":false},"author":1,"featured_media":60695,"comment_status":"open","ping_status":"closed","sticky":false,"template":"","format":"standard","meta":{"footnotes":""},"categories":[13,3],"tags":[],"class_list":["post-60694","post","type-post","status-publish","format-standard","has-post-thumbnail","hentry","category-featured","category-vaticano"],"_links":{"self":[{"href":"https:\/\/catolicanet.net\/wp-cnet\/wp-json\/wp\/v2\/posts\/60694","targetHints":{"allow":["GET"]}}],"collection":[{"href":"https:\/\/catolicanet.net\/wp-cnet\/wp-json\/wp\/v2\/posts"}],"about":[{"href":"https:\/\/catolicanet.net\/wp-cnet\/wp-json\/wp\/v2\/types\/post"}],"author":[{"embeddable":true,"href":"https:\/\/catolicanet.net\/wp-cnet\/wp-json\/wp\/v2\/users\/1"}],"replies":[{"embeddable":true,"href":"https:\/\/catolicanet.net\/wp-cnet\/wp-json\/wp\/v2\/comments?post=60694"}],"version-history":[{"count":1,"href":"https:\/\/catolicanet.net\/wp-cnet\/wp-json\/wp\/v2\/posts\/60694\/revisions"}],"predecessor-version":[{"id":60696,"href":"https:\/\/catolicanet.net\/wp-cnet\/wp-json\/wp\/v2\/posts\/60694\/revisions\/60696"}],"wp:featuredmedia":[{"embeddable":true,"href":"https:\/\/catolicanet.net\/wp-cnet\/wp-json\/wp\/v2\/media\/60695"}],"wp:attachment":[{"href":"https:\/\/catolicanet.net\/wp-cnet\/wp-json\/wp\/v2\/media?parent=60694"}],"wp:term":[{"taxonomy":"category","embeddable":true,"href":"https:\/\/catolicanet.net\/wp-cnet\/wp-json\/wp\/v2\/categories?post=60694"},{"taxonomy":"post_tag","embeddable":true,"href":"https:\/\/catolicanet.net\/wp-cnet\/wp-json\/wp\/v2\/tags?post=60694"}],"curies":[{"name":"wp","href":"https:\/\/api.w.org\/{rel}","templated":true}]}}