{"id":60656,"date":"2020-07-13T12:44:45","date_gmt":"2020-07-13T15:44:45","guid":{"rendered":"https:\/\/catolicanet.net\/wp-cnet\/?p=60656"},"modified":"2020-07-13T12:44:45","modified_gmt":"2020-07-13T15:44:45","slug":"nao-ao-terraplanismo","status":"publish","type":"post","link":"https:\/\/catolicanet.net\/wp-cnet\/nao-ao-terraplanismo\/","title":{"rendered":"N\u00e3o ao terraplanismo"},"content":{"rendered":"<p style=\"text-align: justify;\">S\u00e3o Bento de N\u00farsia (480-547), um santo italiano e planet\u00e1rio, buscou a verdade na contempla\u00e7\u00e3o do absoluto de Deus, mas naquele monte muito conhecido pela civiliza\u00e7\u00e3o crist\u00e3: o Monte Cassino. L\u00e1 ele escreveu sua regra de vida, numa inspira\u00e7\u00e3o divina, no desejo de estreitar e conciliar do\u00e7ura e firmeza, simplicidade e prud\u00eancia, obedi\u00eancia e liberdade, bem dentro do lema escolhido, no sentido de mais e mais se aproximar de Deus: \u201cOra et labora\u201d, pela ora\u00e7\u00e3o e pelo trabalho.<\/p>\n<p style=\"text-align: justify;\">Que S\u00e3o Bento seja um farol a orientar e a iluminar o caminho do povo brasileiro, mas dentro de um esp\u00edrito de lucidez e consci\u00eancia cr\u00edtica, sobretudo quando vemos o quarteto das \u201cfake news\u201d, sem esquecer de suas deplor\u00e1veis a\u00e7\u00f5es concretas, contrariando a vida no seu sentido mais profundo e amplo; quando vemos, de imediato, impress\u00f5es de um mau-caratismo, pr\u00f3prio de pessoas nocivas, com iniciativas fechadas, destrutivas e desedificantes, pois, infelizmente, elas est\u00e3o \u00e0 frente dos destinos do nosso querido Brasil.<\/p>\n<p style=\"text-align: justify;\">Essas pessoas se juntam ao mesmo grupo daquele tipo de gente terraplanista e fundamentalista, falando at\u00e9 de boiada, sem esquecer o lapso reprov\u00e1vel sobre a linha do Equador, que, lamentavelmente, colocam-nos num corredor, ou caminho, em que uma multid\u00e3o de pessoas \u00e9 condenada \u00e0s ambiguidades sombrias e atrozes, nas rugas da indignidade, que provavelmente permanecer\u00e3o. Colocam-nos, ainda mais, na vergonhosa ignom\u00ednia, cujo pre\u00e7o \u00e9 por demais elevado e desastroso, tamb\u00e9m desonroso e desrespeitoso, no que diz respeito ao bem-estar, no sonho da verdadeira civiliza\u00e7\u00e3o, aquela proclamada por S\u00e3o Bento de N\u00farsia.<\/p>\n<p style=\"text-align: justify;\">Penso que S\u00e3o Bento quer falar ao nosso cora\u00e7\u00e3o, para que possamos dizer um n\u00e3o \u00e0 insensatez da indiferen\u00e7a e da insensibilidade, sobretudo quando o assunto \u00e9 meio ambiente, e nele a Amaz\u00f4nia, com toda a sua beleza e complexidade, sem esquecer de que n\u00e3o se pode tolerar a realidade da sa\u00fade, que caminha para 100 mil mortos pela Covid-19, n\u00e3o se associando jamais ao genoc\u00eddio e ao etnoc\u00eddio de muitos seres humanos e suas ricas culturas.<\/p>\n<p style=\"text-align: justify;\">S\u00e3o Bento \u00e9 uma fonte de b\u00ean\u00e7\u00e3o e \u00e9 patrim\u00f4nio do mundo crist\u00e3o. Com certeza ele quer nos inspirar no mesmo ideal de Jesus de Nazar\u00e9, numa realidade com acentuados tra\u00e7os de insensatez, terraplanismo e fundamentalismo. Que Deus nos d\u00ea a gra\u00e7a do equil\u00edbrio, numa terna e af\u00e1vel compaix\u00e3o para com o nosso mundo t\u00e3o sofrido. Assim seja!<\/p>\n<p style=\"text-align: justify;\">S\u00e3o Bento de N\u00farsia (480-547), um santo italiano e planet\u00e1rio, buscou a verdade na contempla\u00e7\u00e3o do absoluto de Deus, mas naquele monte muito conhecido pela civiliza\u00e7\u00e3o crist\u00e3: o Monte Cassino. L\u00e1 ele escreveu sua regra de vida, numa inspira\u00e7\u00e3o divina, no desejo de estreitar e conciliar do\u00e7ura e firmeza, simplicidade e prud\u00eancia, obedi\u00eancia e liberdade, bem dentro do lema escolhido, no sentido de mais e mais se aproximar de Deus: \u201cOra et labora\u201d, pela ora\u00e7\u00e3o e pelo trabalho.<\/p>\n<p style=\"text-align: justify;\">Que S\u00e3o Bento seja um farol a orientar e a iluminar o caminho do povo brasileiro, mas dentro de um esp\u00edrito de lucidez e consci\u00eancia cr\u00edtica, sobretudo quando vemos o quarteto das \u201cfake news\u201d, sem esquecer de suas deplor\u00e1veis a\u00e7\u00f5es concretas, contrariando a vida no seu sentido mais profundo e amplo; quando vemos, de imediato, impress\u00f5es de um mau-caratismo, pr\u00f3prio de pessoas nocivas, com iniciativas fechadas, destrutivas e desedificantes, pois, infelizmente, elas est\u00e3o \u00e0 frente dos destinos do nosso querido Brasil.<\/p>\n<p style=\"text-align: justify;\">Essas pessoas se juntam ao mesmo grupo daquele tipo de gente terraplanista e fundamentalista, falando at\u00e9 de boiada, sem esquecer o lapso reprov\u00e1vel sobre a linha do Equador, que, lamentavelmente, colocam-nos num corredor, ou caminho, em que uma multid\u00e3o de pessoas \u00e9 condenada \u00e0s ambiguidades sombrias e atrozes, nas rugas da indignidade, que provavelmente permanecer\u00e3o. Colocam-nos, ainda mais, na vergonhosa ignom\u00ednia, cujo pre\u00e7o \u00e9 por demais elevado e desastroso, tamb\u00e9m desonroso e desrespeitoso, no que diz respeito ao bem-estar, no sonho da verdadeira civiliza\u00e7\u00e3o, aquela proclamada por S\u00e3o Bento de N\u00farsia.<\/p>\n<p style=\"text-align: justify;\">Penso que S\u00e3o Bento quer falar ao nosso cora\u00e7\u00e3o, para que possamos dizer um n\u00e3o \u00e0 insensatez da indiferen\u00e7a e da insensibilidade, sobretudo quando o assunto \u00e9 meio ambiente, e nele a Amaz\u00f4nia, com toda a sua beleza e complexidade, sem esquecer de que n\u00e3o se pode tolerar a realidade da sa\u00fade, que caminha para 100 mil mortos pela Covid-19, n\u00e3o se associando jamais ao genoc\u00eddio e ao etnoc\u00eddio de muitos seres humanos e suas ricas culturas.<\/p>\n<p style=\"text-align: justify;\">S\u00e3o Bento \u00e9 uma fonte de b\u00ean\u00e7\u00e3o e \u00e9 patrim\u00f4nio do mundo crist\u00e3o. Com certeza ele quer nos inspirar no mesmo ideal de Jesus de Nazar\u00e9, numa realidade com acentuados tra\u00e7os de insensatez, terraplanismo e fundamentalismo. Que Deus nos d\u00ea a gra\u00e7a do equil\u00edbrio, numa terna e af\u00e1vel compaix\u00e3o para com o nosso mundo t\u00e3o sofrido. Assim seja!<\/p>\n","protected":false},"excerpt":{"rendered":"<p>S\u00e3o Bento de N\u00farsia (480-547), um santo italiano e planet\u00e1rio, buscou a verdade na contempla\u00e7\u00e3o do absoluto de Deus, mas naquele monte muito conhecido pela civiliza\u00e7\u00e3o crist\u00e3: o Monte Cassino. L\u00e1 ele escreveu sua regra de vida, numa inspira\u00e7\u00e3o divina, no desejo de estreitar e conciliar do\u00e7ura e firmeza, simplicidade e prud\u00eancia, obedi\u00eancia e liberdade, [&hellip;]<\/p>\n","protected":false},"author":6,"featured_media":55824,"comment_status":"open","ping_status":"closed","sticky":false,"template":"","format":"standard","meta":{"footnotes":""},"categories":[9],"tags":[],"class_list":["post-60656","post","type-post","status-publish","format-standard","has-post-thumbnail","hentry","category-artigos"],"_links":{"self":[{"href":"https:\/\/catolicanet.net\/wp-cnet\/wp-json\/wp\/v2\/posts\/60656","targetHints":{"allow":["GET"]}}],"collection":[{"href":"https:\/\/catolicanet.net\/wp-cnet\/wp-json\/wp\/v2\/posts"}],"about":[{"href":"https:\/\/catolicanet.net\/wp-cnet\/wp-json\/wp\/v2\/types\/post"}],"author":[{"embeddable":true,"href":"https:\/\/catolicanet.net\/wp-cnet\/wp-json\/wp\/v2\/users\/6"}],"replies":[{"embeddable":true,"href":"https:\/\/catolicanet.net\/wp-cnet\/wp-json\/wp\/v2\/comments?post=60656"}],"version-history":[{"count":1,"href":"https:\/\/catolicanet.net\/wp-cnet\/wp-json\/wp\/v2\/posts\/60656\/revisions"}],"predecessor-version":[{"id":60657,"href":"https:\/\/catolicanet.net\/wp-cnet\/wp-json\/wp\/v2\/posts\/60656\/revisions\/60657"}],"wp:featuredmedia":[{"embeddable":true,"href":"https:\/\/catolicanet.net\/wp-cnet\/wp-json\/wp\/v2\/media\/55824"}],"wp:attachment":[{"href":"https:\/\/catolicanet.net\/wp-cnet\/wp-json\/wp\/v2\/media?parent=60656"}],"wp:term":[{"taxonomy":"category","embeddable":true,"href":"https:\/\/catolicanet.net\/wp-cnet\/wp-json\/wp\/v2\/categories?post=60656"},{"taxonomy":"post_tag","embeddable":true,"href":"https:\/\/catolicanet.net\/wp-cnet\/wp-json\/wp\/v2\/tags?post=60656"}],"curies":[{"name":"wp","href":"https:\/\/api.w.org\/{rel}","templated":true}]}}