{"id":60612,"date":"2020-07-13T11:02:41","date_gmt":"2020-07-13T14:02:41","guid":{"rendered":"https:\/\/catolicanet.net\/wp-cnet\/?p=60612"},"modified":"2020-07-13T11:02:41","modified_gmt":"2020-07-13T14:02:41","slug":"padre-evaristo-debiasi-nota-de-falecimento","status":"publish","type":"post","link":"https:\/\/catolicanet.net\/wp-cnet\/padre-evaristo-debiasi-nota-de-falecimento\/","title":{"rendered":"Padre Evaristo Debiasi: nota de falecimento"},"content":{"rendered":"<p style=\"text-align: justify;\"><strong>\u00c9 com muito pesar que informamos que o Padre Evaristo Debiasi faleceu ontem, dia 11 de julho, aos 80 anos.<\/strong><\/p>\n<p style=\"text-align: justify;\">Padre Evaristo Debiasi foi o primeiro assistente eclesi\u00e1stico da ACN Brasil, ajudando a moldar o que a Funda\u00e7\u00e3o Pontif\u00edcia \u00e9 hoje no pa\u00eds.<\/p>\n<p style=\"text-align: justify;\">Nossas ora\u00e7\u00f5es encontram-se agora com a fam\u00edlia, amigos e muitos que tinham tanta estima por este querido sacerdote.<\/p>\n<p style=\"text-align: justify;\">Todos da ACN sentimos a dor da sua perda, mas tamb\u00e9m somos consolados, pois ele, agora, est\u00e1 nos bra\u00e7os do Pai, junto de quem ele buscou amar e demonstrar seu amor de miseric\u00f3rdia a vida inteira.<\/p>\n<p style=\"text-align: justify;\">A ACN continuar\u00e1 com o legado do Padre Evaristo Debiasi, mantendo viva sua mem\u00f3ria por meio dos artigos, v\u00eddeos e mensagens que ele gravou ao longo dos anos.<\/p>\n","protected":false},"excerpt":{"rendered":"<p>\u00c9 com muito pesar que informamos que o Padre Evaristo Debiasi faleceu ontem, dia 11 de julho, aos 80 anos. Padre Evaristo Debiasi foi o primeiro assistente eclesi\u00e1stico da ACN Brasil, ajudando a moldar o que a Funda\u00e7\u00e3o Pontif\u00edcia \u00e9 hoje no pa\u00eds. Nossas ora\u00e7\u00f5es encontram-se agora com a fam\u00edlia, amigos e muitos que tinham [&hellip;]<\/p>\n","protected":false},"author":1,"featured_media":60613,"comment_status":"open","ping_status":"closed","sticky":false,"template":"","format":"standard","meta":{"footnotes":""},"categories":[4,13],"tags":[],"class_list":["post-60612","post","type-post","status-publish","format-standard","has-post-thumbnail","hentry","category-cotidiano","category-featured"],"_links":{"self":[{"href":"https:\/\/catolicanet.net\/wp-cnet\/wp-json\/wp\/v2\/posts\/60612","targetHints":{"allow":["GET"]}}],"collection":[{"href":"https:\/\/catolicanet.net\/wp-cnet\/wp-json\/wp\/v2\/posts"}],"about":[{"href":"https:\/\/catolicanet.net\/wp-cnet\/wp-json\/wp\/v2\/types\/post"}],"author":[{"embeddable":true,"href":"https:\/\/catolicanet.net\/wp-cnet\/wp-json\/wp\/v2\/users\/1"}],"replies":[{"embeddable":true,"href":"https:\/\/catolicanet.net\/wp-cnet\/wp-json\/wp\/v2\/comments?post=60612"}],"version-history":[{"count":1,"href":"https:\/\/catolicanet.net\/wp-cnet\/wp-json\/wp\/v2\/posts\/60612\/revisions"}],"predecessor-version":[{"id":60614,"href":"https:\/\/catolicanet.net\/wp-cnet\/wp-json\/wp\/v2\/posts\/60612\/revisions\/60614"}],"wp:featuredmedia":[{"embeddable":true,"href":"https:\/\/catolicanet.net\/wp-cnet\/wp-json\/wp\/v2\/media\/60613"}],"wp:attachment":[{"href":"https:\/\/catolicanet.net\/wp-cnet\/wp-json\/wp\/v2\/media?parent=60612"}],"wp:term":[{"taxonomy":"category","embeddable":true,"href":"https:\/\/catolicanet.net\/wp-cnet\/wp-json\/wp\/v2\/categories?post=60612"},{"taxonomy":"post_tag","embeddable":true,"href":"https:\/\/catolicanet.net\/wp-cnet\/wp-json\/wp\/v2\/tags?post=60612"}],"curies":[{"name":"wp","href":"https:\/\/api.w.org\/{rel}","templated":true}]}}