{"id":60606,"date":"2020-07-13T09:53:55","date_gmt":"2020-07-13T12:53:55","guid":{"rendered":"https:\/\/catolicanet.net\/wp-cnet\/?p=60606"},"modified":"2020-07-13T10:55:22","modified_gmt":"2020-07-13T13:55:22","slug":"como-cuidar-dos-nossos-pais-idosos","status":"publish","type":"post","link":"https:\/\/catolicanet.net\/wp-cnet\/como-cuidar-dos-nossos-pais-idosos\/","title":{"rendered":"Como cuidar dos nossos pais idosos"},"content":{"rendered":"<h2 class=\"subtitle\" style=\"text-align: justify;\">Nem sempre \u00e9 f\u00e1cil, mas o segredo \u00e9 ter paci\u00eancia, sensibilidade e considera\u00e7\u00e3o. O amor nos faz cuidar!<\/h2>\n<div class=\"base-post-content\">Quando meu av\u00f4 teve um ataque card\u00edaco h\u00e1 algumas d\u00e9cadas, ele ficou sem oxig\u00eanio por seis minutos. Os param\u00e9dicos o reanimaram quatro vezes \u2013 uma a mais que o protocolo usual \u2013 at\u00e9 que seu cora\u00e7\u00e3o finalmente voltou a bater.<\/p>\n<p style=\"text-align: justify;\">Nas semanas ap\u00f3s receber alta do hospital, ele n\u00e3o conseguia nem ir at\u00e9 a loja, esqueceu como dan\u00e7ar e em duas semanas as mem\u00f3rias recentes haviam desaparecido. Depois de recuperado, ele voltou a ser como era antes (muito gentil), mas com algumas mudan\u00e7as permanentes. Por exemplo, ele parou de pedir sua pr\u00f3pria comida em restaurantes e pedia \u00e0 minha av\u00f3 para que cozinhasse para ele. Algo nos menus havia se tornado muito complicado. Eles estavam casados \u200b\u200bh\u00e1 mais de 60 anos e ela sabia exatamente o que ele queria todas as vezes, por isso deu certo.<\/p>\n<p style=\"text-align: justify;\">\u00c0 medida que envelhecemos, mudamos. As mudan\u00e7as n\u00e3o param quando atingimos a idade adulta.\u00a0\u00c9 uma transi\u00e7\u00e3o estranha e constrangedora, que aceita a fragilidade f\u00edsica e a fraqueza da velhice. Um homem mais velho que, durante toda a sua vida, estava acostumado a dirigir seu carro quando e para onde quisesse, agora luta para enxergar o suficiente para dirigir depois do anoitecer. Seus filhos insistem para que ele pare porque temem pela vida dele, mas ele tem orgulho de guiar. Assim, cada vez que seus filhos o castigam, ele fica mais chateado. Uma mulher mais velha est\u00e1 come\u00e7ando a lutar com sua mem\u00f3ria. Ela sabe que est\u00e1 esquecendo algo, mas \u00e9 tudo o que consegue se lembrar. Ela lembra que esqueceu. Ela j\u00e1 est\u00e1 frustrada e deprimida quando um de seus filhos diz algo desdenhoso sobre como ela sempre esquece tudo.<\/p>\n<p style=\"text-align: justify;\">Ajudar nossos pais a envelhecer graciosamente exige paci\u00eancia, sensibilidade e considera\u00e7\u00e3o. Uma das experi\u00eancias mais assustadoras da vida \u00e9 a sensa\u00e7\u00e3o de perder o controle. \u00c9 importante lembrar que nossos pais, na velhice, t\u00eam esse medo e a tarefa (para eles e para n\u00f3s) n\u00e3o \u00e9 f\u00e1cil. Com o avan\u00e7o da idade, eles n\u00e3o se tornam simplesmente rabugentos, mas encaram uma tarefa muito dif\u00edcil: preparar-se para o fim da vida. N\u00e3o consigo imaginar como isso deve ser estressante.<\/p>\n<p style=\"text-align: justify;\">Eu estou no auge da minha vida. Todos os dias acordo cheio de energia. Fa\u00e7o uma x\u00edcara de caf\u00e9. Eu bebo com uma m\u00e3o firme e leio um livro, vendo claramente todas as letras e palavras. Lembro de tudo o que li. Mais tarde, saio para uma corrida, geralmente por 16 quil\u00f4metros ou mais. Estou em melhor forma agora do que quando era adolescente. Em termos gerais, sou bastante saud\u00e1vel, sem limita\u00e7\u00f5es em minha dieta ou atividades. Eu n\u00e3o tomo rem\u00e9dio. Eu raramente vou a um m\u00e9dico. \u00c0s vezes, por\u00e9m, quando me sento na varanda e vejo o sol nascer, me pergunto quanto tempo isso vai durar. Estou com medo do dia em que n\u00e3o poderei mais correr ou n\u00e3o conseguir enxergar o suficiente para ler. Como vou lidar com isso? S\u00f3 espero que eu fa\u00e7a t\u00e3o bem quanto meus av\u00f3s e meus pais.<\/p>\n<p style=\"text-align: justify;\">A beleza da fam\u00edlia \u00e9 que nunca estamos sozinhos. Quando eu era crian\u00e7a, precisava que meus pais cuidassem de mim. Eles forneceram tudo \u2013 comida, roupas, abrigo, educa\u00e7\u00e3o. Eu era fraco e eles eram fortes. Algum dia no futuro, eles ser\u00e3o fracos, mas eu serei forte. Na pr\u00f3pria fam\u00edlia, n\u00e3o importa a condi\u00e7\u00e3o dos membros, sempre h\u00e1 for\u00e7a. Essa for\u00e7a \u00e9 compartilhada pelo amor m\u00fatuo. \u00c9 o que torna uma fam\u00edlia t\u00e3o preciosa.<\/p>\n<div class=\"nativo-inread\" style=\"text-align: justify;\"><\/div>\n<p style=\"text-align: justify;\">Em uma fam\u00edlia, cuidar de pais idosos \u00e9 t\u00e3o importante quanto a dedica\u00e7\u00e3o \u00e0 cria\u00e7\u00e3o dos filhos. Esse cuidado ser\u00e1 diferente em todas as fam\u00edlias. Conhe\u00e7o muitas pessoas mais velhas que permaneceram bastante independentes e viveram em casa at\u00e9 o dia da morte. Tudo o que eles queriam dos filhos era o prazer da companhia. Seus filhos faziam quest\u00e3o de visit\u00e1-los frequentemente e inclu\u00ed-los em eventos familiares. Meus pais, por exemplo, costumavam levar nossos av\u00f3s para passar f\u00e9rias com eles. Outros pais idosos foram acolhidos por seus filhos para morar com eles em per\u00edodo integral.<\/p>\n<p style=\"text-align: justify;\">Por mais que cuidemos de nossos pais em particular, o denominador comum \u00e9 que, \u00e0 medida que as pessoas envelhecem, mesmo que comecem a precisar de ajuda, elas ainda devem ser respeitadas. Eles ainda s\u00e3o nossos pais. Eles t\u00eam suas pr\u00f3prias opini\u00f5es e querem exercer controle sobre suas vidas. De certa forma, tudo o que eles querem \u00e9 serem reconhecidos, amados e respeitados.<\/p>\n<p style=\"text-align: justify;\">Cuidar de pais mais velhos n\u00e3o \u00e9 insistir em fazer tudo por eles. Trata-se de fornecer apoio emocional, capacit\u00e1-los a manter o controle sobre seu pr\u00f3prio destino e expressar gratid\u00e3o e amor.<\/p>\n<p style=\"text-align: justify;\">\u00c9 uma transi\u00e7\u00e3o dif\u00edcil, que filhos e pais precisam de for\u00e7a para realizar. Eu j\u00e1 vi isso acontecer de in\u00fameras maneiras em in\u00fameras fam\u00edlias, ent\u00e3o \u00e9 definitivamente poss\u00edvel. Ajudar nossos pais a envelhecer com dignidade \u00e9 um presente precioso que podemos dar a eles e que, por sua vez, nossos filhos um dia nos dar\u00e3o.<\/p>\n<\/div>\n","protected":false},"excerpt":{"rendered":"<p>Nem sempre \u00e9 f\u00e1cil, mas o segredo \u00e9 ter paci\u00eancia, sensibilidade e considera\u00e7\u00e3o. O amor nos faz cuidar! Quando meu av\u00f4 teve um ataque card\u00edaco h\u00e1 algumas d\u00e9cadas, ele ficou sem oxig\u00eanio por seis minutos. Os param\u00e9dicos o reanimaram quatro vezes \u2013 uma a mais que o protocolo usual \u2013 at\u00e9 que seu cora\u00e7\u00e3o finalmente [&hellip;]<\/p>\n","protected":false},"author":1,"featured_media":60607,"comment_status":"open","ping_status":"closed","sticky":false,"template":"","format":"standard","meta":{"footnotes":""},"categories":[4],"tags":[],"class_list":["post-60606","post","type-post","status-publish","format-standard","has-post-thumbnail","hentry","category-cotidiano"],"_links":{"self":[{"href":"https:\/\/catolicanet.net\/wp-cnet\/wp-json\/wp\/v2\/posts\/60606","targetHints":{"allow":["GET"]}}],"collection":[{"href":"https:\/\/catolicanet.net\/wp-cnet\/wp-json\/wp\/v2\/posts"}],"about":[{"href":"https:\/\/catolicanet.net\/wp-cnet\/wp-json\/wp\/v2\/types\/post"}],"author":[{"embeddable":true,"href":"https:\/\/catolicanet.net\/wp-cnet\/wp-json\/wp\/v2\/users\/1"}],"replies":[{"embeddable":true,"href":"https:\/\/catolicanet.net\/wp-cnet\/wp-json\/wp\/v2\/comments?post=60606"}],"version-history":[{"count":1,"href":"https:\/\/catolicanet.net\/wp-cnet\/wp-json\/wp\/v2\/posts\/60606\/revisions"}],"predecessor-version":[{"id":60608,"href":"https:\/\/catolicanet.net\/wp-cnet\/wp-json\/wp\/v2\/posts\/60606\/revisions\/60608"}],"wp:featuredmedia":[{"embeddable":true,"href":"https:\/\/catolicanet.net\/wp-cnet\/wp-json\/wp\/v2\/media\/60607"}],"wp:attachment":[{"href":"https:\/\/catolicanet.net\/wp-cnet\/wp-json\/wp\/v2\/media?parent=60606"}],"wp:term":[{"taxonomy":"category","embeddable":true,"href":"https:\/\/catolicanet.net\/wp-cnet\/wp-json\/wp\/v2\/categories?post=60606"},{"taxonomy":"post_tag","embeddable":true,"href":"https:\/\/catolicanet.net\/wp-cnet\/wp-json\/wp\/v2\/tags?post=60606"}],"curies":[{"name":"wp","href":"https:\/\/api.w.org\/{rel}","templated":true}]}}