{"id":60603,"date":"2020-07-13T09:50:23","date_gmt":"2020-07-13T12:50:23","guid":{"rendered":"https:\/\/catolicanet.net\/wp-cnet\/?p=60603"},"modified":"2020-07-13T10:51:14","modified_gmt":"2020-07-13T13:51:14","slug":"ha-103-anos-nossa-senhora-de-fatima-mostrou-o-inferno-aos-tres-pastorinhos","status":"publish","type":"post","link":"https:\/\/catolicanet.net\/wp-cnet\/ha-103-anos-nossa-senhora-de-fatima-mostrou-o-inferno-aos-tres-pastorinhos\/","title":{"rendered":"H\u00e1 103 anos, Nossa Senhora de F\u00e1tima mostrou o inferno aos tr\u00eas pastorinhos"},"content":{"rendered":"<p style=\"text-align: justify;\">H\u00e1 103 anos, em 13 de julho de 1917, Nossa Senhora de F\u00e1tima mostrou aos tr\u00eas pastorinhos L\u00facia, Francisco e Jacinta, na Cova da Iria (Portugal), uma vis\u00e3o do inferno que mostra as tr\u00e1gicas consequ\u00eancias que traz a falta de arrependimento e o que espera no mundo invis\u00edvel pelos que n\u00e3o se convertem.<\/p>\n<p style=\"text-align: justify;\">Esta vis\u00e3o, mostrada na terceira apari\u00e7\u00e3o de F\u00e1tima, forneceu aos pequenos um segredo em tr\u00eas partes. Na primeira parte do segredo, na qual o inferno foi mostrado, Nossa Senhora deu \u00e0s crian\u00e7as uma maneira de ajudar os outros para que n\u00e3o se condenem:<\/p>\n<p style=\"text-align: justify;\">\u201cSacrificai-vos pelos pecadores e dizei muitas vezes e em especial quando fizerdes alguns sacrif\u00edcios: \u2018\u00d3 Jesus, \u00e9 por Vosso amor, pela convers\u00e3o dos pecadores e em repara\u00e7\u00e3o pelos pecados cometidos contra o Imaculado Cora\u00e7\u00e3o de Maria\u2019\u201d.<\/p>\n<p style=\"text-align: justify;\"><strong>Uma vis\u00e3o aterradora<\/strong><\/p>\n<p style=\"text-align: justify;\">No livro \u201cA verdadeira hist\u00f3ria de F\u00e1tima\u201d, do Pe. Jo\u00e3o de Marchi, relata-se como o pai da pastorinha Jacinta, Manuel Pedro Marto, presenciou o ocorrido na Cova da Iria naquele dia.<\/p>\n<p style=\"text-align: justify;\">Recordou que \u201cassustados, p\u00e1lidos e como que a pedir socorro, os pequenos levantaram a vista para Nossa Senhora, enquanto a L\u00facia gritou: \u2018Ai, Nossa Senhora!\u2019\u201d.<\/p>\n<p style=\"text-align: justify;\">Mais tarde, a pedido do Bispo de Leiria, L\u00facia descreveu a vis\u00e3o em suas \u201cMem\u00f3rias\u201d:<\/p>\n<p style=\"text-align: justify;\">\u201cAo dizer estas \u00faltimas palavras, abriu de novo as m\u00e3os, como nos dois meses passados. O reflexo pareceu penetrar a terra e vimos como que um grande mar de fogo. Mergulhados nesse fogo, os dem\u00f4nios e as almas, como se fossem brasas transparentes e negras ou bronzeadas, com forma humana, que flutuavam no inc\u00eandio, levadas pelas chamas que delas mesmas sa\u00edam juntamente com nuvens de fumo, caindo para todos os lados, semelhante ao cair das fagulhas nos grandes [inc\u00eandios], sem peso nem equil\u00edbrio, entre gritos e gemidos de dor e desespero que horrorizava e fazia estremecer de pavor (deveu ser ao deparar-me com esta vista que dei esse ai! que dizem ter-me ouvido). Os dem\u00f4nios distinguiam-se por formas horr\u00edveis e asquerosas de animais espantosos e desconhecidos, mas transparentes como negros carv\u00f5es em brasa. Assustados e como que a pedir socorro, levant\u00e1mos a vista para Nossa Senhora, que nos disse com bondade e tristeza: \u2018Vistes o inferno, para onde v\u00e3o as almas dos pobres pecadores; para as salvar, Deus quer estabelecer no mundo a devo\u00e7\u00e3o a Meu Imaculado Cora\u00e7\u00e3o. Se fizerem o que Eu vos disser, salvar-se-\u00e3o muitas almas e ter\u00e3o paz\u2019\u201d.<\/p>\n<p style=\"text-align: justify;\">Em seguida, depois da vis\u00e3o, Maria lhes indicou a ora\u00e7\u00e3o essencial para ajudar os pecadores: \u201cQuando rezais o Ter\u00e7o, dizei depois de cada mist\u00e9rio: \u2018\u00d3 meu Jesus, perdoai-nos, livrai-nos do fogo do inferno, levai as almas todas para o C\u00e9u, principalmente aquelas que mais precisarem\u2019\u201d.<\/p>\n<p style=\"text-align: justify;\">Pe. de Marchi assinalou que as crian\u00e7as compreenderam por que a Virgem de F\u00e1tima pediu para rezar e fazer sacrif\u00edcios pelos pecadores: \u201cFa\u00e7am isso\u201d, dizia a Senhora. \u201c\u00c9 uma coisa grandiosa, boa e amorosa e agradar\u00e1 a Deus que \u00e9 amor\u201d.<\/p>\n<p style=\"text-align: justify;\">\u201cConverteram-se, por livre vontade, em corredentores com Cristo. A vis\u00e3o do inferno que haviam tido em julho n\u00e3o se apagou de suas mentes. Rezaram incessantemente. Buscavam novos sacrif\u00edcios. Rezando o Ter\u00e7o, nunca se esqueciam de incluir a ora\u00e7\u00e3o que Nossa Senhora lhes ensinou a dizer depois de cada dezena\u201d, indicou o sacerdote em seu livro.<\/p>\n<p style=\"text-align: justify;\">Al\u00e9m da vis\u00e3o do inferno de 13 de julho de 1917, a mensagem da Virgem de F\u00e1tima indica que se deve rezar o Ter\u00e7o todos os dias, fazer sacrif\u00edcios e rezar pelos pecadores, praticar a devo\u00e7\u00e3o dos cinco primeiros s\u00e1bados do m\u00eas em honra ao Imaculado Cora\u00e7\u00e3o de Maria e a consagra\u00e7\u00e3o pessoal tamb\u00e9m ao seu Imaculado Cora\u00e7\u00e3o.<\/p>\n","protected":false},"excerpt":{"rendered":"<p>H\u00e1 103 anos, em 13 de julho de 1917, Nossa Senhora de F\u00e1tima mostrou aos tr\u00eas pastorinhos L\u00facia, Francisco e Jacinta, na Cova da Iria (Portugal), uma vis\u00e3o do inferno que mostra as tr\u00e1gicas consequ\u00eancias que traz a falta de arrependimento e o que espera no mundo invis\u00edvel pelos que n\u00e3o se convertem. Esta vis\u00e3o, [&hellip;]<\/p>\n","protected":false},"author":1,"featured_media":60604,"comment_status":"open","ping_status":"closed","sticky":false,"template":"","format":"standard","meta":{"footnotes":""},"categories":[4],"tags":[],"class_list":["post-60603","post","type-post","status-publish","format-standard","has-post-thumbnail","hentry","category-cotidiano"],"_links":{"self":[{"href":"https:\/\/catolicanet.net\/wp-cnet\/wp-json\/wp\/v2\/posts\/60603","targetHints":{"allow":["GET"]}}],"collection":[{"href":"https:\/\/catolicanet.net\/wp-cnet\/wp-json\/wp\/v2\/posts"}],"about":[{"href":"https:\/\/catolicanet.net\/wp-cnet\/wp-json\/wp\/v2\/types\/post"}],"author":[{"embeddable":true,"href":"https:\/\/catolicanet.net\/wp-cnet\/wp-json\/wp\/v2\/users\/1"}],"replies":[{"embeddable":true,"href":"https:\/\/catolicanet.net\/wp-cnet\/wp-json\/wp\/v2\/comments?post=60603"}],"version-history":[{"count":1,"href":"https:\/\/catolicanet.net\/wp-cnet\/wp-json\/wp\/v2\/posts\/60603\/revisions"}],"predecessor-version":[{"id":60605,"href":"https:\/\/catolicanet.net\/wp-cnet\/wp-json\/wp\/v2\/posts\/60603\/revisions\/60605"}],"wp:featuredmedia":[{"embeddable":true,"href":"https:\/\/catolicanet.net\/wp-cnet\/wp-json\/wp\/v2\/media\/60604"}],"wp:attachment":[{"href":"https:\/\/catolicanet.net\/wp-cnet\/wp-json\/wp\/v2\/media?parent=60603"}],"wp:term":[{"taxonomy":"category","embeddable":true,"href":"https:\/\/catolicanet.net\/wp-cnet\/wp-json\/wp\/v2\/categories?post=60603"},{"taxonomy":"post_tag","embeddable":true,"href":"https:\/\/catolicanet.net\/wp-cnet\/wp-json\/wp\/v2\/tags?post=60603"}],"curies":[{"name":"wp","href":"https:\/\/api.w.org\/{rel}","templated":true}]}}