{"id":60597,"date":"2020-07-13T09:42:25","date_gmt":"2020-07-13T12:42:25","guid":{"rendered":"https:\/\/catolicanet.net\/wp-cnet\/?p=60597"},"modified":"2020-07-13T10:43:22","modified_gmt":"2020-07-13T13:43:22","slug":"ler-o-evangelho-todos-os-dias-para-compreender-semente-oferecida-por-deus-sugere-papa","status":"publish","type":"post","link":"https:\/\/catolicanet.net\/wp-cnet\/ler-o-evangelho-todos-os-dias-para-compreender-semente-oferecida-por-deus-sugere-papa\/","title":{"rendered":"Ler o Evangelho todos os dias para compreender semente oferecida por Deus, sugere Papa"},"content":{"rendered":"<p style=\"text-align: justify;\">Mas, se quisermos, com a gra\u00e7a de Deus, podemos tornar-nos terreno f\u00e9rtil, lavrado e cultivado com cuidado, para que a semente da Palavra amadure\u00e7a. J\u00e1 est\u00e1 presente nos nosso cora\u00e7\u00e3o, mas faz\u00ea-la frutificar depende de n\u00f3s, depende do acolhimento que reservarmos a esta semente. Muitas vezes somos distra\u00eddos por demasiados interesses, por in\u00fameras solicita\u00e7\u00f5es, e \u00e9 dif\u00edcil distinguir entre tantas vozes e tantas palavras, a do Senhor, a \u00fanica que nos torna livres. Por isso, \u00e9 importante habituar-nos a ouvir a Palavra de Deus, a l\u00ea-la. E volto, uma vez mais, a este conselho:<\/p>\n<p style=\"text-align: justify;\">\u201cTende sempre convosco um pequeno Evangelho, uma edi\u00e7\u00e3o de bolso do Evangelho, no bolso, na bolsa\u2026 E assim, lede um pequeno trecho todos os dias, para vos habituardes a ler a Palavra de Deus e a compreender bem que semente Deus vos oferece e a pensar com que solo a recebeis\u201d. Este foi o conselho do Papa Francisco em sua alocu\u00e7\u00e3o que antecedeu a ora\u00e7\u00e3o do \u00c2ngelus, neste domingo, 12 de julho.<\/p>\n<p style=\"text-align: justify;\">Refletindo sobre o Evangelho do dia, no qual Jesus conta a par\u00e1bola do semeador, Francisco ressaltou que a Palavra de Deus, simbolizada pelas sementes, \u201cn\u00e3o \u00e9 uma Palavra abstrata, mas o pr\u00f3prio Cristo, o Verbo do Pai que se encarnou no seio de Maria\u201d. Segundo o Papa, aceitar a Palavra de Deus significa aceitar a pessoa de Cristo, o pr\u00f3prio Cristo.<\/p>\n<p style=\"text-align: justify;\">Assim como o texto de S\u00e3o Mateus, o Papa recordou as quatro formas citadas por Jesus que podemos acolher a semente da Palavra.<\/p>\n<h3 style=\"text-align: justify;\">Como um caminho<\/h3>\n<p style=\"text-align: justify;\">A sementes caem pelo caminho, \u201conde as aves v\u00eam imediatamente e comem as sementes\u201d.<\/p>\n<blockquote><p><em>\u201cEsta seria a distra\u00e7\u00e3o, um grande perigo do nosso tempo. Oprimidos por tantas intrigas, tantas ideologias, cont\u00ednuas possibilidades de distra\u00e7\u00e3o dentro e fora de casa, pode-se perder o gosto do sil\u00eancio, do recolhimento, do di\u00e1logo com o Senhor, de tal forma que corremos o risco de perder a f\u00e9, de n\u00e3o acolher a Palavra de Deus. Vemos\u00a0 tudo, somos distra\u00eddos por tudo, pelas realidades mundanas\u201d.<\/em><\/p><\/blockquote>\n<h3 style=\"text-align: justify;\">Como um solo pedregoso com pouca terra<\/h3>\n<p style=\"text-align: justify;\">Nele, a semente brota depressa, mas tamb\u00e9m seca rapidamente, porque n\u00e3o consegue criar ra\u00edzes profundas.<\/p>\n<blockquote><p><em>\u201c\u00c9 a imagem daqueles que acolhem a Palavra de Deus com entusiasmo moment\u00e2neo, que no entanto permanece superficial, n\u00e3o assimila a Palavra de Deus. E assim, perante a primeira dificuldade, pensamos num sofrimento, numa perturba\u00e7\u00e3o da vida, aquela a f\u00e9 que ainda \u00e9 d\u00e9bil dissolve-se, tal como seca a semente que cai no meio do pedregulho\u201d.<\/em><\/p><\/blockquote>\n<h3 style=\"text-align: justify;\">Como um solo onde crescem arbustos espinhosos<\/h3>\n<p style=\"text-align: justify;\">O Papa Francisco sublinha que os espinhos \u201cs\u00e3o o engano da riqueza, do sucesso, das preocupa\u00e7\u00f5es mundanas\u2026\u201d. A\u00ed, continua, a Palavra cresce um pouco, \u201cmas permanece sufocada, n\u00e3o \u00e9 forte, morre ou n\u00e3o d\u00e1 fruto\u201d.<\/p>\n<p style=\"text-align: justify;\">Um bom terreno<\/p>\n<blockquote><p><em>\u201cAqui, e s\u00f3 aqui\u00a0 a semente ganha ra\u00edzes e d\u00e1 fruto. A semente que caiu neste solo f\u00e9rtil representa aqueles que ouvem a Palavra, a acolhem, a guardam no cora\u00e7\u00e3o e a p\u00f5em em pr\u00e1tica na vida quotidiana\u201d<\/em>.<\/p><\/blockquote>\n<p style=\"text-align: justify;\">O Papa fala da par\u00e1bola do semeador como a \u201cm\u00e3e\u201d de todas as par\u00e1bolas, \u201cporque fala da escuta da Palavra\u201d. Como uma semente fecunda e eficaz, \u00e9 espalha por Deus em toda a parte com generosidade, sem se preocupar com o desperd\u00edcio.<\/p>\n<blockquote><p><em>\u201cAssim \u00e9 o cora\u00e7\u00e3o de Deus! Cada um de n\u00f3s \u00e9 um solo onde cai a semente da Palavra, sem excluir ningu\u00e9m! A Palavra \u00e9 dada a cada um de n\u00f3s. Podemos perguntar-nos: que tipo de terreno sou eu? Pare\u00e7o-me com o caminho, com o solo pedregoso, com os arbustos? Mas, se quisermos, com a gra\u00e7a de Deus, podemos tornar-nos terreno f\u00e9rtil, lavrado e cultivado com cuidado, para que a semente da Palavra amadure\u00e7a. J\u00e1 est\u00e1 presente nos nosso cora\u00e7\u00e3o, mas faz\u00ea-la frutificar depende de n\u00f3s, depende do acolhimento que reservarmos a esta semente. Muitas vezes somos distra\u00eddos por demasiados interesses, por in\u00fameras solicita\u00e7\u00f5es, e \u00e9 dif\u00edcil distinguir entre tantas vozes e tantas palavras, a do Senhor, a \u00fanica que nos torna livres\u201d.<\/em><\/p><\/blockquote>\n<p style=\"text-align: justify;\">Em seguida, Francisco recordou a import\u00e2ncia de ter o habito de ouvir a Palavra de Deus, l\u00ea-la. E aconselhou a ter o Evangelho sempre \u00e0 m\u00e3o, ler um pequeno trecho todos os dias, \u201cpara vos habituardes a ler a Palavra de Deus e a compreender bem que semente Deus vos oferece e a pensar com que solo a recebeis\u201d.<\/p>\n<h3 style=\"text-align: justify;\">Tristeza<\/h3>\n<p style=\"text-align: justify;\">Na sauda\u00e7\u00e3o ap\u00f3s a ora\u00e7\u00e3o, Francisco dirigiu uma sauda\u00e7\u00e3o afetuosa a todos os que trabalham no mar, \u201cespecialmente \u00e0queles que est\u00e3o longe dos seus entes queridos e do seu pa\u00eds\u201d. Nesta perspectiva, afirmou que o mar levou seu pensamento para Istambul: \u201cPenso em Santa Sofia, e sinto-me muito triste!\u201d, afirmou o Papa, recordando a decis\u00e3o do governo turco de transformar a bas\u00edlica s\u00edmbolo do di\u00e1logo entre crist\u00e3os e islamitas em uma mesquita.<\/p>\n","protected":false},"excerpt":{"rendered":"<p>Mas, se quisermos, com a gra\u00e7a de Deus, podemos tornar-nos terreno f\u00e9rtil, lavrado e cultivado com cuidado, para que a semente da Palavra amadure\u00e7a. J\u00e1 est\u00e1 presente nos nosso cora\u00e7\u00e3o, mas faz\u00ea-la frutificar depende de n\u00f3s, depende do acolhimento que reservarmos a esta semente. Muitas vezes somos distra\u00eddos por demasiados interesses, por in\u00fameras solicita\u00e7\u00f5es, e [&hellip;]<\/p>\n","protected":false},"author":1,"featured_media":60598,"comment_status":"open","ping_status":"closed","sticky":false,"template":"","format":"standard","meta":{"footnotes":""},"categories":[7],"tags":[],"class_list":["post-60597","post","type-post","status-publish","format-standard","has-post-thumbnail","hentry","category-cnbb"],"_links":{"self":[{"href":"https:\/\/catolicanet.net\/wp-cnet\/wp-json\/wp\/v2\/posts\/60597","targetHints":{"allow":["GET"]}}],"collection":[{"href":"https:\/\/catolicanet.net\/wp-cnet\/wp-json\/wp\/v2\/posts"}],"about":[{"href":"https:\/\/catolicanet.net\/wp-cnet\/wp-json\/wp\/v2\/types\/post"}],"author":[{"embeddable":true,"href":"https:\/\/catolicanet.net\/wp-cnet\/wp-json\/wp\/v2\/users\/1"}],"replies":[{"embeddable":true,"href":"https:\/\/catolicanet.net\/wp-cnet\/wp-json\/wp\/v2\/comments?post=60597"}],"version-history":[{"count":1,"href":"https:\/\/catolicanet.net\/wp-cnet\/wp-json\/wp\/v2\/posts\/60597\/revisions"}],"predecessor-version":[{"id":60599,"href":"https:\/\/catolicanet.net\/wp-cnet\/wp-json\/wp\/v2\/posts\/60597\/revisions\/60599"}],"wp:featuredmedia":[{"embeddable":true,"href":"https:\/\/catolicanet.net\/wp-cnet\/wp-json\/wp\/v2\/media\/60598"}],"wp:attachment":[{"href":"https:\/\/catolicanet.net\/wp-cnet\/wp-json\/wp\/v2\/media?parent=60597"}],"wp:term":[{"taxonomy":"category","embeddable":true,"href":"https:\/\/catolicanet.net\/wp-cnet\/wp-json\/wp\/v2\/categories?post=60597"},{"taxonomy":"post_tag","embeddable":true,"href":"https:\/\/catolicanet.net\/wp-cnet\/wp-json\/wp\/v2\/tags?post=60597"}],"curies":[{"name":"wp","href":"https:\/\/api.w.org\/{rel}","templated":true}]}}