{"id":60582,"date":"2020-07-13T09:23:50","date_gmt":"2020-07-13T12:23:50","guid":{"rendered":"https:\/\/catolicanet.net\/wp-cnet\/?p=60582"},"modified":"2020-07-13T10:26:15","modified_gmt":"2020-07-13T13:26:15","slug":"igreja-tera-nova-beata-leiga-e-4-novos-veneraveis-entre-os-quais-um-leigo-de-14-anos","status":"publish","type":"post","link":"https:\/\/catolicanet.net\/wp-cnet\/igreja-tera-nova-beata-leiga-e-4-novos-veneraveis-entre-os-quais-um-leigo-de-14-anos\/","title":{"rendered":"Igreja ter\u00e1 nova beata, leiga, e 4 novos vener\u00e1veis, entre os quais um leigo de 14 anos"},"content":{"rendered":"<div class=\"article__subTitle\" style=\"text-align: justify;\">Maria Antonia Sam\u00e0, leiga nascida na Cal\u00e1bria, viveu mais de 60 anos imobilizada em uma cama por uma paralisia, sempre convidando todos a ter confian\u00e7a em Deus em todas as situa\u00e7\u00f5es<\/div>\n<div class=\"title__separator\" style=\"text-align: justify;\"><\/div>\n<div class=\"article__text\">\n<p style=\"text-align: justify;\"><b>Vatican News<\/b><\/p>\n<div style=\"text-align: justify;\">\n<div class=\"article__embed article__embed--unwrap article__embed--dark\">\n<div class=\"article__innerTitle\">Ou\u00e7a e compartilhe!<\/div>\n<div>\n<!--[if lt IE 9]><script>document.createElement('audio');<\/script><![endif]-->\n<audio class=\"wp-audio-shortcode\" id=\"audio-60582-1\" preload=\"none\" style=\"width: 100%;\" controls=\"controls\"><source type=\"audio\/mpeg\" src=\"https:\/\/media.vaticannews.va\/media\/audio\/s1\/2020\/07\/13\/10\/135655075_F135655075.mp3?_=1\" \/><a href=\"https:\/\/media.vaticannews.va\/media\/audio\/s1\/2020\/07\/13\/10\/135655075_F135655075.mp3\">https:\/\/media.vaticannews.va\/media\/audio\/s1\/2020\/07\/13\/10\/135655075_F135655075.mp3<\/a><\/audio>\n<\/div>\n<\/div>\n<\/div>\n<p style=\"text-align: justify;\">Na sexta-feira, 10, o Papa Francisco recebeu o cardeal Angelo Becciu, prefeito da Congrega\u00e7\u00e3o para as Causas dos Santos, autorizando o mesmo Dicast\u00e9rio a promulgar os Decretos relativos a uma nova Beata e 4 novos Vener\u00e1veis \u200b\u200bServos de Deus.<\/p>\n<h2 style=\"text-align: justify;\">Uma vida oferecida a Deus e aos outros<\/h2>\n<p style=\"text-align: justify;\">A futura nova Beata \u00e9 Maria Antonia Sam\u00e0, leiga da Cal\u00e1bria, nascida em 2 de mar\u00e7o de 1875 em Sant&#8217;Andrea Jonio, Prov\u00edncia de Catanzaro. Acometida quando menina por uma doen\u00e7a grave, permaneceu paralisada, com os joelhos levantados. For\u00e7ada a ficar acamada nesta posi\u00e7\u00e3o desconfort\u00e1vel, Maria Antonia viveu tudo com f\u00e9, convidando aqueles que iam visit\u00e1-la a sempre ter f\u00e9 em Deus, em todas as situa\u00e7\u00f5es.<\/p>\n<p style=\"text-align: justify;\">Em 1915, fez votos privados de especial consagra\u00e7\u00e3o a Deus, cobrindo a cabe\u00e7a com um v\u00e9u preto. A popula\u00e7\u00e3o da cidadezinha a chamava de &#8220;a freira de S\u00e3o Bruno&#8221;, a visitam para pedir conselhos e ora\u00e7\u00f5es, para encontrar paz e serenidade. Com ela \u00e9 rezado o Ros\u00e1rio tr\u00eas vezes ao dia. Veio a falecer aos 78 anos, em 27 de maio de 1953, depois de mais de 60 anos acamada, oferecendo todos os sofrimentos ao Senhor.<\/p>\n<p style=\"text-align: justify;\">Para sua beatifica\u00e7\u00e3o, a Postula\u00e7\u00e3o da Causa apresentou para exame da Congrega\u00e7\u00e3o a cura inexplic\u00e1vel atribu\u00edda \u00e0 sua intercess\u00e3o, de uma senhora acometida por uma forma degenerativa grave de osteoartrite nos joelhos, o que lhe causava uma dor insuport\u00e1vel. A cura ocorreu na noite entre 12 e 13 de dezembro de 2004 em G\u00eanova quando, sob fortes dores, a senhora come\u00e7ou a implorar \u00e0 Vener\u00e1vel Serva de Deus que conhecera quando ainda jovem. Ap\u00f3s a invoca\u00e7\u00e3o, ela adormece e, na manh\u00e3 seguinte, ao se levantar, descobre que a dor havia desaparecido e que ele poderia retomar todas as suas atividades.<\/p>\n<h2 style=\"text-align: justify;\">Quatro novos Vener\u00e1veis \u200b\u200bServos de Deus<\/h2>\n<p style=\"text-align: justify;\">Com o reconhecimento de virtudes heroicas, tornam-se Vener\u00e1veis \u200b\u200bServos de Deus: Eus\u00e9bio Francisco Chini (chamado Kino), sacerdote professo da Companhia de Jesus; Mariano Jos\u00e9 de Ibarg\u00fcengoitia e Zuloaga, sacerdote diocesano, cofundador do Instituto das Servas de Jesus; Maria F\u00e9lix Torres, fundadora da Companhia do Salvador; Angiolino Bonetta, leigo da Associa\u00e7\u00e3o dos Silenciosos Trabalhadores da Cruz.<\/p>\n<h2 style=\"text-align: justify;\">Um mission\u00e1rio jesu\u00edta na Am\u00e9rica<\/h2>\n<p style=\"text-align: justify;\">Eusebio Chini nasceu em 10 de agosto de 1645 em Segno, no Val di Non, no Trentino. Tornando-se jesu\u00edta, parte em miss\u00e3o para a Nova Espanha, que inclu\u00eda grandes regi\u00f5es dos atuais Estados Unidos e M\u00e9xico. Trabalha lado a lado com os nativos americanos, a quem chama de &#8220;nossos irm\u00e3os em Cristo&#8221;, promovendo a melhoria de suas condi\u00e7\u00f5es de vida, ensinando m\u00e9todos para o cultivo e cria\u00e7\u00e3o de gado. Defende os direitos e a dignidade dos povos ind\u00edgenas contra qualquer explora\u00e7\u00e3o dos colonizadores, cujos abusos s\u00e3o por ele denunciados. Ele vive como os nativos, tirando for\u00e7a da ora\u00e7\u00e3o e da Adora\u00e7\u00e3o Eucar\u00edstica noturna. Ele tamb\u00e9m \u00e9 astr\u00f4nomo, matem\u00e1tico, explorador e cart\u00f3grafo. Morreu em Magdalena (M\u00e9xico) em 15 de mar\u00e7o de 1711.<\/p>\n<h2 style=\"text-align: justify;\">Eucaristia, Nossa Senhora e os pobres no centro da vida<\/h2>\n<p style=\"text-align: justify;\">Mariano Jos\u00e9 de Ibarg\u00fcengoitia e Zuloaga nasceu em 8 de setembro de 1815 em Bilbau (Espanha), em uma fam\u00edlia rica dedicada ao com\u00e9rcio mar\u00edtimo. \u00a0Ordenado sacerdote, torna-se p\u00e1roco, empenhando-se na escuta de confiss\u00f5es, na catequese, na forma\u00e7\u00e3o de sacerdotes. Visita os doentes, os prisioneiros e as fam\u00edlias pobres. Em 1862, recebeu do Papa Pio IX o t\u00edtulo de mission\u00e1rio apost\u00f3lico. \u00c9 um incans\u00e1vel pregador de miss\u00f5es para o povo e dos Exerc\u00edcios Espirituais para o clero. Em 1871, colaborou na funda\u00e7\u00e3o do Instituto das Religiosas Servas de Jesus. No centro de sua espiritualidade est\u00e3o a Eucaristia, a ora\u00e7\u00e3o, a devo\u00e7\u00e3o \u00e0 Nossa Senhora e aos pobres. Ele morreu em Bilbau em 31 de janeiro de 1888.<\/p>\n<h2 style=\"text-align: justify;\">Ao lado dos sacerdotes perseguidos<\/h2>\n<p style=\"text-align: justify;\">Maria F\u00e9lix Torres nasceu em 25 de agosto de 1907 em Albelda (Espanha). Aos 14 anos, pela primeira vez, faz os Exerc\u00edcios Espirituais de acordo com o m\u00e9todo de Santo In\u00e1cio de Loyola, durante os quais sente fortemente o chamado \u00e0 vida consagrada.<\/p>\n<p style=\"text-align: justify;\">Em 1930, tornou-se uma das primeiras mulheres espanholas a se formar em Qu\u00edmica pela Universidade de Zaragoza. Ap\u00f3s seus estudos, fundou a Companhia do Salvador, com a espiritualidade inaciana, dedicada ao apostolado da juventude feminina, especialmente a universit\u00e1ria. Durante a guerra civil espanhola, socorreu sacerdotes perseguidos. Em 1952, a Companhia do Salvador foi aprovada como Instituto religioso de direito diocesano: dedicou-se \u00e0 forma\u00e7\u00e3o de jovens que ingressam no Instituto. Passou os \u00faltimos anos no governo de sua funda\u00e7\u00e3o, em ora\u00e7\u00e3o, no sil\u00eancio e na oferta dos sofrimentos ao Senhor. Morreu em Madri, em 12 de janeiro de 2001, aos 93 anos.<\/p>\n<h2 style=\"text-align: justify;\">Um jovem com virtudes her\u00f3icas<\/h2>\n<p style=\"text-align: justify;\">Angiolino Bonetta nasceu em Cigole, na Prov\u00edncia de Brescia, em 18 de setembro de 1948, de uma fam\u00edlia de trabalhadores. Aos doze anos, teve uma perna amputada ap\u00f3s um sarcoma \u00f3sseo. Disse que oferecia tudo &#8220;a Jesus pela convers\u00e3o dos pecadores&#8221;. Encoraja outros doentes, transmite paz. Para quem sente pena dele porque caminha com muletas diz: &#8220;Mas voc\u00ea n\u00e3o sabe que a cada passo eu poderia salvar uma alma?&#8221;. Ele se consagra ao Senhor entre os &#8220;Silenciosos Trabalhadores da Cruz&#8221;. &#8220;Agora sou todo de Nossa Senhora \u2013 diz ele &#8211; da ponta dos meus p\u00e9s at\u00e9 a parte superior dos cabelos&#8221;.<\/p>\n<p style=\"text-align: justify;\">Em uma carta antes de morrer, ele escreve: \u201cDesde que entrei para os Silenciosos Trabalhadores, o Senhor me deu uma tempestade de gra\u00e7as, at\u00e9 ent\u00e3o desconhecida para mim. Sinto-me forte como um le\u00e3o e canto da manh\u00e3 \u00e0 noite.&#8221; Ele morreu em Cigole, em 28 de janeiro de 1963, aos 14 anos.<\/p>\n<\/div>\n","protected":false},"excerpt":{"rendered":"<p>Maria Antonia Sam\u00e0, leiga nascida na Cal\u00e1bria, viveu mais de 60 anos imobilizada em uma cama por uma paralisia, sempre convidando todos a ter confian\u00e7a em Deus em todas as situa\u00e7\u00f5es Vatican News Ou\u00e7a e compartilhe! Na sexta-feira, 10, o Papa Francisco recebeu o cardeal Angelo Becciu, prefeito da Congrega\u00e7\u00e3o para as Causas dos Santos, [&hellip;]<\/p>\n","protected":false},"author":1,"featured_media":60583,"comment_status":"open","ping_status":"closed","sticky":false,"template":"","format":"standard","meta":{"footnotes":""},"categories":[3],"tags":[],"class_list":["post-60582","post","type-post","status-publish","format-standard","has-post-thumbnail","hentry","category-vaticano"],"_links":{"self":[{"href":"https:\/\/catolicanet.net\/wp-cnet\/wp-json\/wp\/v2\/posts\/60582","targetHints":{"allow":["GET"]}}],"collection":[{"href":"https:\/\/catolicanet.net\/wp-cnet\/wp-json\/wp\/v2\/posts"}],"about":[{"href":"https:\/\/catolicanet.net\/wp-cnet\/wp-json\/wp\/v2\/types\/post"}],"author":[{"embeddable":true,"href":"https:\/\/catolicanet.net\/wp-cnet\/wp-json\/wp\/v2\/users\/1"}],"replies":[{"embeddable":true,"href":"https:\/\/catolicanet.net\/wp-cnet\/wp-json\/wp\/v2\/comments?post=60582"}],"version-history":[{"count":1,"href":"https:\/\/catolicanet.net\/wp-cnet\/wp-json\/wp\/v2\/posts\/60582\/revisions"}],"predecessor-version":[{"id":60584,"href":"https:\/\/catolicanet.net\/wp-cnet\/wp-json\/wp\/v2\/posts\/60582\/revisions\/60584"}],"wp:featuredmedia":[{"embeddable":true,"href":"https:\/\/catolicanet.net\/wp-cnet\/wp-json\/wp\/v2\/media\/60583"}],"wp:attachment":[{"href":"https:\/\/catolicanet.net\/wp-cnet\/wp-json\/wp\/v2\/media?parent=60582"}],"wp:term":[{"taxonomy":"category","embeddable":true,"href":"https:\/\/catolicanet.net\/wp-cnet\/wp-json\/wp\/v2\/categories?post=60582"},{"taxonomy":"post_tag","embeddable":true,"href":"https:\/\/catolicanet.net\/wp-cnet\/wp-json\/wp\/v2\/tags?post=60582"}],"curies":[{"name":"wp","href":"https:\/\/api.w.org\/{rel}","templated":true}]}}