{"id":6052,"date":"2015-07-20T17:17:40","date_gmt":"2015-07-20T20:17:40","guid":{"rendered":"http:\/\/catolicanet.net\/wp-cnet\/ela-estava-prestes-a-fazer-um-aborto-quando-algo-inesperado-aconteceu\/"},"modified":"2017-04-10T14:37:00","modified_gmt":"2017-04-10T17:37:00","slug":"ela-estava-prestes-a-fazer-um-aborto-quando-algo-inesperado-aconteceu","status":"publish","type":"post","link":"https:\/\/catolicanet.net\/wp-cnet\/ela-estava-prestes-a-fazer-um-aborto-quando-algo-inesperado-aconteceu\/","title":{"rendered":"Ela estava prestes a fazer um aborto, quando algo inesperado aconteceu"},"content":{"rendered":"<p style=\"text-align: justify;\"><img decoding=\"async\" src=\"http:\/\/catolicanet.com.br\/images\/stories\/geral\/saude.jpg\" border=\"0\" align=\"left\" \/>J\u00e1 na cl\u00ednica de aborto e na fase preparat\u00f3ria, uma enfermeira tomou uma atitude surpreendente para um lugar como aquele embrace grace Facebook-Embrace grace<br \/>Amy tinha s\u00f3 19 anos quando engravidou. Seu desespero a levou a marcar o aborto. Mas, j\u00e1 na cl\u00ednica, ao entrar na sala onde seria &#8220;preparada&#8221;, come\u00e7ou a sentir-se tr\u00eamula. &#8220;Com os olhos cheios de l\u00e1grimas, meu mundo parecia desabar&#8221;.<\/p>\n<p>Assim relata ao portal Life News esta mulher que hoje \u00e9 conhecida como ativista pr\u00f3-vida, fundadora da Embrace Grace, uma organiza\u00e7\u00e3o que ajuda mulheres que passam por uma gravidez dif\u00edcil.<\/p>\n<p>Amy, tendo crescido em um lar crist\u00e3o, conta que sentia o peso emocional e moral de estar realizando um ato errado. &#8220;Eu sabia com todo o meu cora\u00e7\u00e3o que abortar era algo mau. Inclusive, quando crian\u00e7a, costumava rezar com minha fam\u00edlia pelas v\u00edtimas do aborto. Mas deixei que o medo tomasse meus pensamentos e acreditei na mentira de que o aborto seria o \u00fanico caminho&#8221;.<\/p>\n<p>&#8220;Sentia que n\u00e3o podia seguir adiante com esta gravidez, que envergonharia minha fam\u00edlia e decepcionaria todos que me cercavam&#8221;.<\/p>\n<p>Na cl\u00ednica, enquanto as enfermeiras a ajudavam a se restabelecer, suas l\u00e1grimas aumentavam. Ent\u00e3o \u2013 conta Amy \u2013 aconteceu ago incomum, inesperado para um lugar como aquele.<\/p>\n<p>&#8220;Uma enfermeira me disse naquele momento: &#8216;hoje voc\u00ea n\u00e3o vai fazer o aborto. Volte em outro momento, hoje n\u00e3o \u00e9 o seu dia&#8217;. Assim que sa\u00ed dali, respirei fundo e fui at\u00e9 a sala de espera, onde o pai do meu filho estava me esperando. Com os olhos vermelhos, olhei para ele e disse: &#8220;a gravidez continua&#8221;.<\/p>\n<p>Naquele momento, os dois jovens tomaram a decis\u00e3o de optar pela vida, enfrentar seus medos, assumir o desafio, enfrentar as fam\u00edlias e, com coragem, abra\u00e7ar sua responsabilidade.<\/p>\n<p>&#8220;Jamais imaginamos que este desafio terminaria sendo uma grande ben\u00e7\u00e3o, um milagre que Deus usaria para unificar nossas fam\u00edlias e construir um legado. Foi na d\u00e9cima sexta semana de gesta\u00e7\u00e3o quando dissemos: vamos em frente. Prometi amar com tudo que me era poss\u00edvel este menininho que veio a mudar nossas vidas&#8221;.<\/p>\n<p>Hoje, 17 anos depois, Amy Ford e seu esposo Ryan t\u00eam quatro filhos. Vivem na alegria e bagun\u00e7a que \u00e9 pr\u00f3pria de uma fam\u00edlia grande. &#8220;Em 1998, disse sim ao homem dos meus sonhos. N\u00f3s nos casamos jovens e amadurecemos juntos. N\u00e3o posso imaginar minha vida sem o Ryan. Temos quatro filhos maravilhosos: Jess, Macenzie, Landry e Jud\u00e1&#8221;. <\/p>\n<p>Mas Amy tamb\u00e9m vive a paix\u00e3o pelos servi\u00e7os de acompanhamento a gr\u00e1vidas com dificuldades, atrav\u00e9s da ONG Embrace Grace, que ela fundou e preside. Em um livro (&#8220;A bumb in life&#8221;), registrou seu testemunho e de muitas outras jovens. <\/p>\n<p>&#8220;Olho para o C\u00e9u e agrade\u00e7o a Deus pelas b\u00ean\u00e7\u00e3os que Ele nos deu&#8221;, afirma Amy.<\/p>\n<p style=\"text-align: justify;\">Fonte: Aleteia<\/p>\n","protected":false},"excerpt":{"rendered":"<p>J\u00e1 na cl\u00ednica de aborto e na fase preparat\u00f3ria, uma enfermeira tomou uma atitude surpreendente para um lugar como aquele embrace grace Facebook-Embrace graceAmy tinha s\u00f3 19 anos quando engravidou. Seu desespero a levou a marcar o aborto. Mas, j\u00e1 na cl\u00ednica, ao entrar na sala onde seria &#8220;preparada&#8221;, come\u00e7ou a sentir-se tr\u00eamula. &#8220;Com os [&hellip;]<\/p>\n","protected":false},"author":1,"featured_media":0,"comment_status":"closed","ping_status":"closed","sticky":false,"template":"","format":"standard","meta":{"footnotes":""},"categories":[4],"tags":[],"class_list":["post-6052","post","type-post","status-publish","format-standard","hentry","category-cotidiano"],"_links":{"self":[{"href":"https:\/\/catolicanet.net\/wp-cnet\/wp-json\/wp\/v2\/posts\/6052","targetHints":{"allow":["GET"]}}],"collection":[{"href":"https:\/\/catolicanet.net\/wp-cnet\/wp-json\/wp\/v2\/posts"}],"about":[{"href":"https:\/\/catolicanet.net\/wp-cnet\/wp-json\/wp\/v2\/types\/post"}],"author":[{"embeddable":true,"href":"https:\/\/catolicanet.net\/wp-cnet\/wp-json\/wp\/v2\/users\/1"}],"replies":[{"embeddable":true,"href":"https:\/\/catolicanet.net\/wp-cnet\/wp-json\/wp\/v2\/comments?post=6052"}],"version-history":[{"count":1,"href":"https:\/\/catolicanet.net\/wp-cnet\/wp-json\/wp\/v2\/posts\/6052\/revisions"}],"predecessor-version":[{"id":10918,"href":"https:\/\/catolicanet.net\/wp-cnet\/wp-json\/wp\/v2\/posts\/6052\/revisions\/10918"}],"wp:attachment":[{"href":"https:\/\/catolicanet.net\/wp-cnet\/wp-json\/wp\/v2\/media?parent=6052"}],"wp:term":[{"taxonomy":"category","embeddable":true,"href":"https:\/\/catolicanet.net\/wp-cnet\/wp-json\/wp\/v2\/categories?post=6052"},{"taxonomy":"post_tag","embeddable":true,"href":"https:\/\/catolicanet.net\/wp-cnet\/wp-json\/wp\/v2\/tags?post=6052"}],"curies":[{"name":"wp","href":"https:\/\/api.w.org\/{rel}","templated":true}]}}