{"id":60478,"date":"2020-07-08T09:06:39","date_gmt":"2020-07-08T12:06:39","guid":{"rendered":"https:\/\/catolicanet.net\/wp-cnet\/?p=60478"},"modified":"2020-07-08T09:06:39","modified_gmt":"2020-07-08T12:06:39","slug":"recursos-do-fundo-covid-19-criado-pelo-papa-tambem-para-o-chade-e-quenia","status":"publish","type":"post","link":"https:\/\/catolicanet.net\/wp-cnet\/recursos-do-fundo-covid-19-criado-pelo-papa-tambem-para-o-chade-e-quenia\/","title":{"rendered":"Recursos do Fundo Covid-19 criado pelo Papa tamb\u00e9m para o Chade e Qu\u00eania"},"content":{"rendered":"<figure class=\"article__image\"><span class=\"didascalia_img\">Recursos tamb\u00e9m ser\u00e3o destinados \u00e0 crian\u00e7as e fam\u00edlias carentes\u00a0 (AFP or licensors)<\/span><\/figure>\n<div class=\"article__meta\">\n<div class=\"article__subTitle\" style=\"text-align: justify;\">Crian\u00e7as, fam\u00edlias carentes, sacerdotes, religiosas e religiosos, semin\u00e1rios, emissoras de r\u00e1dio cat\u00f3licas ser\u00e3o beneficiados com recursos das Pontif\u00edcias Obras Mission\u00e1rias, oriundos do Fundo Covid-19 criado pelo Papa Francisco.<\/div>\n<div class=\"title__separator\" style=\"text-align: justify;\"><\/div>\n<div class=\"article__text\">\n<p style=\"text-align: justify;\"><b>Cidade do Vaticano<\/b><\/p>\n<p style=\"text-align: justify;\">A Diocese de Doba, no Chade, tamb\u00e9m viu escolas, igrejas, locais p\u00fablicos e outros centros de encontro serem fechados, seguindo as disposi\u00e7\u00f5es governamentais para conter a pandemia de Covid-19. Um papel importante para manter viva a f\u00e9 e as rela\u00e7\u00f5es entre os membros da comunidade cat\u00f3lica \u00e9 desempenhado pela r\u00e1dio diocesana &#8220;La Voix du Paisan&#8221;, que oferece transmiss\u00f5es religiosas, a recita\u00e7\u00e3o do ros\u00e1rio e a celebra\u00e7\u00e3o da Missa.<\/p>\n<p style=\"text-align: justify;\">Ademais, a emissora desempenhou um importante papel contribuiu papel na conscientiza\u00e7\u00e3o da popula\u00e7\u00e3o, especialmente das \u00e1reas rurais, em grande parte analfabetas e marginalizadas, sobre medidas de preven\u00e7\u00e3o \u00e0 sa\u00fade.<\/p>\n<div style=\"text-align: justify;\">\n<aside class=\"article__readmore\">\n<div class=\"teaser--labelEvidence teaser teaser--type-article\">\n<article>\n<div class=\"teaser__labelWrapper\"><\/div>\n<div class=\"teaser__contentWrapper\">\n<div>Os custos de gest\u00e3o da emissora s\u00e3o pesados para a diocese, especialmente neste per\u00edodo, uma vez que tamb\u00e9m deve fornecer apoio aos agentes de pastoral, do pessoal envolvido no campo educacional e da sa\u00fade. Com o fechamento de locais de culto e a suspens\u00e3o das atividades pastorais, os recursos das par\u00f3quias, baseados unicamente nas ofertas dos fi\u00e9is, s\u00e3o praticamente nulos.<\/div>\n<\/div>\n<\/article>\n<\/div>\n<\/aside>\n<\/div>\n<p style=\"text-align: justify;\">Para remediar essa situa\u00e7\u00e3o, as Pontif\u00edcias Obras Mission\u00e1rias (POM) enviaram recursos em ajuda \u00e0 Diocese de Doba, assim como a muitas outras dioceses nos territ\u00f3rios mission\u00e1rios, oriundos do Fundo de Emerg\u00eancia criado pelo Papa Francisco em abril, com o objetivo de apoiar as igrejas dos pa\u00edses mission\u00e1rios diante da emerg\u00eancia de Covid-19.<\/p>\n<h2 style=\"text-align: justify;\">Qu\u00eania<\/h2>\n<p style=\"text-align: justify;\">No Qu\u00eania, muitas dioceses foram severamente afetadas pelo isolamento imposto pelas autoridades para conter a propaga\u00e7\u00e3o do coronav\u00edrus e pediram apoio \u00e0s POM para responder \u00e0s necessidades b\u00e1sicas das fam\u00edlias e das pessoas mais vulner\u00e1veis, al\u00e9m de apoiar sacerdotes e religiosos que, ap\u00f3s a suspens\u00e3o das celebra\u00e7\u00f5es das Missas e atividades pastorais, ficaram sem meios de apoio.<\/p>\n<p style=\"text-align: justify;\">Nair\u00f3bi, a capital do Qu\u00eania e o principal centro de neg\u00f3cios e com\u00e9rcio de toda a na\u00e7\u00e3o, foi particularmente afetada pelo isolamento que causou desemprego e ansiedade em rela\u00e7\u00e3o ao futuro. A Arquidiocese de Nair\u00f3bi tornou-se uma fonte de esperan\u00e7a e um local de ref\u00fagio para muitas pessoas, ao dedicar-se aos mais fracos e \u00e0s fam\u00edlias em dificuldade, estendendo sua a\u00e7\u00e3o aos habitantes das favelas (slums). N\u00e3o obstante a boa resposta dos cat\u00f3licos a essa emerg\u00eancia, ainda h\u00e1 muitas necessidades a serem respondidas.<\/p>\n<p style=\"text-align: justify;\">Tamb\u00e9m foi enviada ajuda \u00e0 Diocese de Nyahururu para a aquisi\u00e7\u00e3o de bens de primeira necessidade para as fam\u00edlias carentes.<\/p>\n<div style=\"text-align: justify;\">\n<aside class=\"article__readmore\">\n<div class=\"teaser--labelEvidence teaser teaser--type-article\">\n<article>\n<div class=\"teaser__labelWrapper\"><\/div>\n<div class=\"teaser__contentWrapper\">\n<div>A Diocese de Lodwar, que inclui uma \u00e1rea com um clima particularmente in\u00f3spito, j\u00e1 havia sido provada pelos desastres das inunda\u00e7\u00f5es que destru\u00edram vidas e bens materiais, antes da chegada da Covid-19. Agora, precisa ser ajudada para garantir o funcionamento das atividades das atividades diocesanas e paroquiais de evangeliza\u00e7\u00e3o, bem como a assist\u00eancia \u00e0s fam\u00edlias necessitadas.<\/div>\n<\/div>\n<\/article>\n<\/div>\n<\/aside>\n<\/div>\n<p style=\"text-align: justify;\">Na Diocese de Kitale, onde a maioria da popula\u00e7\u00e3o est\u00e1 desempregada e vive em estado de pobreza, a ajuda solicitada ser\u00e1 usada para comprar alimentos a serem distribu\u00eddos \u00e0s crian\u00e7as de fam\u00edlias pobres, para apoiar atividades educativas e catequ\u00e9ticas, para o fornecimento de \u00e1gua e a compra de material de higiene.<\/p>\n<p style=\"text-align: justify;\">Tamb\u00e9m o bispo de Marsabit, uma das dioceses mais pobres do pa\u00eds, precisa de ajuda para comprar comida para os catequistas e suas fam\u00edlias, para atividades educacionais e para o programa de r\u00e1dio diocesano.<\/p>\n<p style=\"text-align: justify;\">Outras ajudas foram enviadas pelas POM \u00e0 Diocese de Kisumu, para a compra de alimentos e bens de primeira necessidade para os pobres, para apoiar as atividades pastorais e para o seguro m\u00e9dico dos sacerdotes.<\/p>\n<p style=\"text-align: justify;\">A Arquidiocese de Momba\u00e7a tamb\u00e9m utilizar\u00e1 as ajudas para crian\u00e7as pobres e orfanatos, bem como no apoio a sacerdotes.<\/p>\n<p style=\"text-align: justify;\">A Diocese de Homa Bay encontra dificuldade para apoiar os sacerdotes, as casas de forma\u00e7\u00e3o e o Semin\u00e1rio Menor de Rakwaro, bem como garantir o funcionamento do centro catequ\u00e9tico e ajudar as comunidades religiosas.<\/p>\n<p style=\"text-align: justify;\">O Vicariato Apost\u00f3lico de Isiolo tamb\u00e9m utilizar\u00e1 a ajuda do Fundo de Emerg\u00eancia criado pelo Papa para cobrir as despesas atuais das institui\u00e7\u00f5es diocesanas e garantir o sustento de cl\u00e9rigos e religiosos.<\/p>\n<p style=\"text-align: justify;\">Para aqueles que desejam contribuir, os dados banc\u00e1rios s\u00e3o:\u00a0IBAN IT84F0200805075000102456047 (SWIFT UNCRITMMM) para Administra\u00e7\u00e3o Pontif\u00edcias Obras Mission\u00e1rias, indicando: Fundo Coronav\u00edrus.<\/p>\n<p style=\"text-align: justify;\">(SL &#8211; Ag\u00eancia Fides)<\/p>\n<\/div>\n<\/div>\n","protected":false},"excerpt":{"rendered":"<p>Recursos tamb\u00e9m ser\u00e3o destinados \u00e0 crian\u00e7as e fam\u00edlias carentes\u00a0 (AFP or licensors) Crian\u00e7as, fam\u00edlias carentes, sacerdotes, religiosas e religiosos, semin\u00e1rios, emissoras de r\u00e1dio cat\u00f3licas ser\u00e3o beneficiados com recursos das Pontif\u00edcias Obras Mission\u00e1rias, oriundos do Fundo Covid-19 criado pelo Papa Francisco. Cidade do Vaticano A Diocese de Doba, no Chade, tamb\u00e9m viu escolas, igrejas, locais p\u00fablicos [&hellip;]<\/p>\n","protected":false},"author":1,"featured_media":60479,"comment_status":"open","ping_status":"closed","sticky":false,"template":"","format":"standard","meta":{"footnotes":""},"categories":[3],"tags":[],"class_list":["post-60478","post","type-post","status-publish","format-standard","has-post-thumbnail","hentry","category-vaticano"],"_links":{"self":[{"href":"https:\/\/catolicanet.net\/wp-cnet\/wp-json\/wp\/v2\/posts\/60478","targetHints":{"allow":["GET"]}}],"collection":[{"href":"https:\/\/catolicanet.net\/wp-cnet\/wp-json\/wp\/v2\/posts"}],"about":[{"href":"https:\/\/catolicanet.net\/wp-cnet\/wp-json\/wp\/v2\/types\/post"}],"author":[{"embeddable":true,"href":"https:\/\/catolicanet.net\/wp-cnet\/wp-json\/wp\/v2\/users\/1"}],"replies":[{"embeddable":true,"href":"https:\/\/catolicanet.net\/wp-cnet\/wp-json\/wp\/v2\/comments?post=60478"}],"version-history":[{"count":1,"href":"https:\/\/catolicanet.net\/wp-cnet\/wp-json\/wp\/v2\/posts\/60478\/revisions"}],"predecessor-version":[{"id":60480,"href":"https:\/\/catolicanet.net\/wp-cnet\/wp-json\/wp\/v2\/posts\/60478\/revisions\/60480"}],"wp:featuredmedia":[{"embeddable":true,"href":"https:\/\/catolicanet.net\/wp-cnet\/wp-json\/wp\/v2\/media\/60479"}],"wp:attachment":[{"href":"https:\/\/catolicanet.net\/wp-cnet\/wp-json\/wp\/v2\/media?parent=60478"}],"wp:term":[{"taxonomy":"category","embeddable":true,"href":"https:\/\/catolicanet.net\/wp-cnet\/wp-json\/wp\/v2\/categories?post=60478"},{"taxonomy":"post_tag","embeddable":true,"href":"https:\/\/catolicanet.net\/wp-cnet\/wp-json\/wp\/v2\/tags?post=60478"}],"curies":[{"name":"wp","href":"https:\/\/api.w.org\/{rel}","templated":true}]}}