{"id":60469,"date":"2020-07-08T09:00:14","date_gmt":"2020-07-08T12:00:14","guid":{"rendered":"https:\/\/catolicanet.net\/wp-cnet\/?p=60469"},"modified":"2020-07-08T09:00:14","modified_gmt":"2020-07-08T12:00:14","slug":"papa-inimaginavel-o-inferno-vivido-pelos-migrantes-nos-campos-de-detencao","status":"publish","type":"post","link":"https:\/\/catolicanet.net\/wp-cnet\/papa-inimaginavel-o-inferno-vivido-pelos-migrantes-nos-campos-de-detencao\/","title":{"rendered":"Papa: inimagin\u00e1vel o inferno vivido pelos migrantes nos campos de deten\u00e7\u00e3o"},"content":{"rendered":"<div class=\"article__subTitle\" style=\"text-align: justify;\">Na missa de anivers\u00e1rio dos 7 anos da hist\u00f3rica visita de Francisco a Lampedusa, o Pont\u00edfice ressaltou que conhecemos uma &#8220;vers\u00e3o destilada&#8221; do que acontece nos campos de deten\u00e7\u00e3o na L\u00edbia. O Papa tamb\u00e9m alertou novamente para a \u201cglobaliza\u00e7\u00e3o da indiferen\u00e7a\u201d, \u201cum pecado\u201d dos crist\u00e3os de hoje, que nos torna insens\u00edveis ao \u201cencontro com o outro\u201d que tamb\u00e9m \u00e9 \u201cum encontro com Cristo\u201d. O convite \u00e0 convers\u00e3o &#8211; de reconhecer Jesus nos estrangeiros, pobres e doentes -, foi renovado pelo Pont\u00edfice na missa desta quarta-feira (8), na Casa Santa Marta.<\/div>\n<div class=\"title__separator\" style=\"text-align: justify;\"><\/div>\n<div class=\"article__text\" style=\"text-align: justify;\">\n<p><b>Andressa Collet \u2013 Vatican News<\/b><\/p>\n<div>\n<div class=\"article__embed article__embed--unwrap article__embed--dark\">\n<div class=\"article__innerTitle\">Ou\u00e7a a reportagem com a voz do Papa e compartilhe<\/div>\n<\/div>\n<\/div>\n<\/div>\n<div style=\"text-align: justify;\">\n<!--[if lt IE 9]><script>document.createElement('audio');<\/script><![endif]-->\n<audio class=\"wp-audio-shortcode\" id=\"audio-60469-1\" preload=\"none\" style=\"width: 100%;\" controls=\"controls\"><source type=\"audio\/mpeg\" src=\"https:\/\/media.vaticannews.va\/media\/audio\/s1\/2020\/07\/08\/12\/135650849_F135650849.mp3?_=1\" \/><a href=\"https:\/\/media.vaticannews.va\/media\/audio\/s1\/2020\/07\/08\/12\/135650849_F135650849.mp3\">https:\/\/media.vaticannews.va\/media\/audio\/s1\/2020\/07\/08\/12\/135650849_F135650849.mp3<\/a><\/audio>\n<\/div>\n<div style=\"text-align: justify;\"><\/div>\n<div class=\"article__text\">\n<div style=\"text-align: justify;\">\n<aside class=\"article__readmore\">\n<div class=\"teaser--labelEvidence teaser teaser--type-article\">\n<article>\n<div class=\"teaser__contentWrapper\">\n<div>J\u00e1 se passaram 7 anos da primeira viagem do Papa Francisco feita \u00e0 Lampedusa, uma ilha entre a Tun\u00edsia e a It\u00e1lia, que, aos olhos do mundo inteiro, virou um s\u00edmbolo de ang\u00fastia e sofrimento para os imigrantes que se viram obrigados a fugir dos seus pa\u00edses para lutar pela vida. E milhares t\u00eam o sonho interrompido diariamente, quando morrem junto com a esperan\u00e7a.<\/div>\n<\/div>\n<\/article>\n<\/div>\n<\/aside>\n<\/div>\n<h2 style=\"text-align: justify;\">Encontro com migrantes e com Deus<\/h2>\n<p style=\"text-align: justify;\">Longe do Mediterr\u00e2neo, mas sempre pr\u00f3ximo \u00e0 hist\u00f3ria de cada um deles, est\u00e1 o Papa Francisco que, nesta quarta-feira (8), celebrou uma missa na capela da Casa Santa Marta. Junto aos colaboradores da Se\u00e7\u00e3o Migrantes e Refugiados do Discat\u00e9rio para o Servi\u00e7o do Desenvolvimento Humano Integral \u2013 os \u00fanicos que puderam fazer parte da cerim\u00f4nia, por causa das restri\u00e7\u00f5es da pandemia \u2013 o Pont\u00edfice recordou aquela viagem feita em 2013 quando encontrou, no olhar de cada migrante, a face de Deus.<\/p>\n<p style=\"text-align: justify;\">A reflex\u00e3o de Francisco na homilia partiu justamente dessa atitude que \u00e9 \u201cfundamental na vida de quem cr\u00ea\u201d, como descreve o Salmo Responsorial de hoje que \u201cnos convida a uma busca constante da face do Senhor\u201d (Sl 104):<\/p>\n<p style=\"text-align: justify;\"><i>\u201cA busca da face de Deus \u00e9 garantia de sucesso da nossa viagem neste mundo, que \u00e9 um \u00eaxodo em dire\u00e7\u00e3o \u00e0 verdadeira Terra Prometida, a P\u00e1tria celestial. A face de Deus \u00e9 o nosso destino e tamb\u00e9m \u00e9 a nossa estrela polar, que nos permite a n\u00e3o perder o nosso caminho.\u201d<\/i><\/p>\n<h2 style=\"text-align: justify;\">O alerta \u00e0 globaliza\u00e7\u00e3o da indiferen\u00e7a<\/h2>\n<p style=\"text-align: justify;\">O Pont\u00edfice trouxe, ent\u00e3o, para os nossos dias, o exemplo do povo \u201cperdido\u201d de Israel, descrito pelo profeta Os\u00e9ias na primeira leitura (Os 10, 1-3.7-8.12). Na \u00e9poca, os israelitas vagavam \u201cno deserto da iniquidade\u201d, devido \u00e0 dist\u00e2ncia que tomaram do Senhor por causa da \u201cprosperidade e riqueza abundante\u201d que geraram um cora\u00e7\u00e3o cheio de \u201cfalsidade e injusti\u00e7a\u201d. \u201c\u00c9 um pecado do qual at\u00e9 n\u00f3s, crist\u00e3os de hoje, n\u00e3o somos imunes\u201d, alertou Francisco, ao relembrar e refor\u00e7ar o que disse em 2013 sobre a \u201cglobaliza\u00e7\u00e3o da indiferen\u00e7a\u201d criada pela atual cultura do bem-estar, \u201cque nos leva a pensar em n\u00f3s mesmos\u201d e acaba nos tornando \u201cinsens\u00edveis aos gritos dos outros\u201d.<\/p>\n<p style=\"text-align: justify;\">O apelo de Os\u00e9ias de semear justi\u00e7a e colher amor, procurando o Senhor, disse o Papa, chega at\u00e9 n\u00f3s hoje \u201ccomo um convite renovado \u00e0 convers\u00e3o\u201d. Os 12 Ap\u00f3stolos, como tamb\u00e9m fala o Evangelho de hoje (cf. Mt 10, 1-7), \u201ctiveram a gra\u00e7a de encontr\u00e1-lo fisicamente em Jesus Cristo, Filho de Deus encarnado\u201d. Foi um encontro pessoal com o Senhor, olho no olho, quando conseguiram \u201cfixar o olhar no seu rosto, escutaram a sua voz, viram as suas maravilhas\u201d:<\/p>\n<p style=\"text-align: justify;\"><i>\u201cEsse encontro pessoal com Jesus Cristo tamb\u00e9m \u00e9 poss\u00edvel para n\u00f3s, disc\u00edpulos do terceiro mil\u00eanio. Orientados na busca da face do Senhor, podemos reconhec\u00ea-lo no rosto dos pobres, dos doentes, dos abandonados e dos estrangeiros que Deus coloca em nosso caminho. E esse encontro se torna tamb\u00e9m para n\u00f3s um tempo de gra\u00e7a e salva\u00e7\u00e3o, investindo-nos com a mesma miss\u00e3o confiada aos Ap\u00f3stolos.\u201d<\/i><\/p>\n<p style=\"text-align: justify;\">Por ocasi\u00e3o do anivers\u00e1rio de 7 anos da visita do Pont\u00edfice a Lampedusa, a Palavra de Deus refor\u00e7a a import\u00e2ncia do \u201cencontro com o outro\u201d que tamb\u00e9m \u00e9 \u201cum encontro com Cristo\u201d. Acolher \u2013 ou n\u00e3o \u2013 quem bate \u00e0 nossa porta, seja ele um estranho ou um doente que precisa \u201cser encontrado e ajudado\u201d, \u00e9 acolher \u2013 ou n\u00e3o \u2013 Jesus, \u201cno bem e no mal\u201d:<\/p>\n<div>\n<div class=\"article__embed article__embed--border embed_style\">\n<blockquote><p>\u201cEssa advert\u00eancia \u00e9 hoje de uma atualidade ardente. Todos n\u00f3s dever\u00edamos us\u00e1-la como um ponto fundamental do nosso exame de consci\u00eancia di\u00e1rio. Penso na L\u00edbia, nos campos de deten\u00e7\u00e3o, nos abusos e na viol\u00eancia que sofrem os migrantes, nas viagens da esperan\u00e7a, nos resgates e nas rejei\u00e7\u00f5es. \u2018Todas as vezes que fizestes isso&#8230; foi a mim que o fizestes\u2019 (Mt 25, 40)\u201d<\/p><\/blockquote>\n<\/div>\n<\/div>\n<h2 style=\"text-align: justify;\">A vers\u00e3o destilada da viagem da esperan\u00e7a<\/h2>\n<p style=\"text-align: justify;\">O Papa, ent\u00e3o, ao final da homilia, recordou o lado pessoal do &#8216;encontro com Deus&#8217; ao descrever o dia do &#8216;encontro com os imigrantes de Lampedusa&#8217;. No seu pr\u00f3prio idioma, contou o Pont\u00edfice, eles davam testemunho do sofrimento e das coisas terr\u00edveis que viveram para chegar at\u00e9 a It\u00e1lia. E os int\u00e9rpretes procuravam traduzir, \u201cbem, mas de forma breve&#8221;, muito sucinta. Ao voltar para o Vaticano, acrescentou Francisco, uma senhora que havia visto a transmiss\u00e3o e compreendia o idioma et\u00edope dos conterr\u00e2neos, disse que a tradu\u00e7\u00e3o era \u201cuma vers\u00e3o destilada\u201d de toda tortura e sofrimento que passaram durante a viagem:<\/p>\n<div>\n<div class=\"article__embed article__embed--border embed_style\">\n<blockquote><p>\u201cEles me deram uma vers\u00e3o \u2018destilada\u2019. Isso acontece hoje com a L\u00edbia: nos d\u00e3o uma vers\u00e3o \u2018destilada\u2019. A guerra, sim, \u00e9 ruim, n\u00f3s sabemos, mas voc\u00eas n\u00e3o imaginam o inferno que se vive ali, naqueles campos de deten\u00e7\u00e3o. E, essas pessoas, somente vinham com a esperan\u00e7a, e atravessar o mar.\u201d<\/p><\/blockquote>\n<\/div>\n<\/div>\n<\/div>\n","protected":false},"excerpt":{"rendered":"<p>Na missa de anivers\u00e1rio dos 7 anos da hist\u00f3rica visita de Francisco a Lampedusa, o Pont\u00edfice ressaltou que conhecemos uma &#8220;vers\u00e3o destilada&#8221; do que acontece nos campos de deten\u00e7\u00e3o na L\u00edbia. O Papa tamb\u00e9m alertou novamente para a \u201cglobaliza\u00e7\u00e3o da indiferen\u00e7a\u201d, \u201cum pecado\u201d dos crist\u00e3os de hoje, que nos torna insens\u00edveis ao \u201cencontro com o [&hellip;]<\/p>\n","protected":false},"author":1,"featured_media":60470,"comment_status":"open","ping_status":"closed","sticky":false,"template":"","format":"standard","meta":{"footnotes":""},"categories":[13,3],"tags":[],"class_list":["post-60469","post","type-post","status-publish","format-standard","has-post-thumbnail","hentry","category-featured","category-vaticano"],"_links":{"self":[{"href":"https:\/\/catolicanet.net\/wp-cnet\/wp-json\/wp\/v2\/posts\/60469","targetHints":{"allow":["GET"]}}],"collection":[{"href":"https:\/\/catolicanet.net\/wp-cnet\/wp-json\/wp\/v2\/posts"}],"about":[{"href":"https:\/\/catolicanet.net\/wp-cnet\/wp-json\/wp\/v2\/types\/post"}],"author":[{"embeddable":true,"href":"https:\/\/catolicanet.net\/wp-cnet\/wp-json\/wp\/v2\/users\/1"}],"replies":[{"embeddable":true,"href":"https:\/\/catolicanet.net\/wp-cnet\/wp-json\/wp\/v2\/comments?post=60469"}],"version-history":[{"count":1,"href":"https:\/\/catolicanet.net\/wp-cnet\/wp-json\/wp\/v2\/posts\/60469\/revisions"}],"predecessor-version":[{"id":60471,"href":"https:\/\/catolicanet.net\/wp-cnet\/wp-json\/wp\/v2\/posts\/60469\/revisions\/60471"}],"wp:featuredmedia":[{"embeddable":true,"href":"https:\/\/catolicanet.net\/wp-cnet\/wp-json\/wp\/v2\/media\/60470"}],"wp:attachment":[{"href":"https:\/\/catolicanet.net\/wp-cnet\/wp-json\/wp\/v2\/media?parent=60469"}],"wp:term":[{"taxonomy":"category","embeddable":true,"href":"https:\/\/catolicanet.net\/wp-cnet\/wp-json\/wp\/v2\/categories?post=60469"},{"taxonomy":"post_tag","embeddable":true,"href":"https:\/\/catolicanet.net\/wp-cnet\/wp-json\/wp\/v2\/tags?post=60469"}],"curies":[{"name":"wp","href":"https:\/\/api.w.org\/{rel}","templated":true}]}}