{"id":60448,"date":"2020-07-06T09:26:29","date_gmt":"2020-07-06T12:26:29","guid":{"rendered":"https:\/\/catolicanet.net\/wp-cnet\/?p=60448"},"modified":"2020-07-06T11:28:07","modified_gmt":"2020-07-06T14:28:07","slug":"live-da-edicoes-cnbb-desta-segunda-feira-trata-sobre-as-diretrizes-gerais-da-acao-evangelizadora-da-igreja-no-brasil","status":"publish","type":"post","link":"https:\/\/catolicanet.net\/wp-cnet\/live-da-edicoes-cnbb-desta-segunda-feira-trata-sobre-as-diretrizes-gerais-da-acao-evangelizadora-da-igreja-no-brasil\/","title":{"rendered":"Live da Edi\u00e7\u00f5es CNBB desta segunda-feira trata sobre as Diretrizes Gerais da A\u00e7\u00e3o Evangelizadora da Igreja no Brasil"},"content":{"rendered":"<p style=\"text-align: justify;\">A live promovida pela Edi\u00e7\u00f5es CNBB desta segunda-feira, 6 de julho, \u00e0s 15h, ser\u00e1 sobre \u201c<strong>As Diretrizes Gerais da A\u00e7\u00e3o Evangelizadora da Igreja no Brasil\u201d.\u00a0<\/strong>Participar\u00e1 do bate-papo ao vivo pelas redes sociais o arcebispo de Belo Horizonte e presidente da Confer\u00eancia Nacional dos Bispos do Brasil (CNBB), dom Walmor Oliveira de Azevedo. O mediador do bate-papo ser\u00e1 o subsecret\u00e1rio adjunto de Pastoral da CNBB, padre Marcus Barbosa.<\/p>\n<p style=\"text-align: justify;\">Para o quadri\u00eanio 2019-2023, as diretrizes foram estruturadas a partir da concep\u00e7\u00e3o da Igreja como \u201cComunidade Eclesial Mission\u00e1ria\u201d, apresentada com a imagem da \u201ccasa\u201d, \u201cconstru\u00e7\u00e3o de Deus\u201d (1Cor 3,9). Em tudo isso, as Diretrizes \u2013 aprovadas pelos bispos do Brasil\u2013 convidam todas as comunidades de f\u00e9 a abra\u00e7arem e vivenciarem a miss\u00e3o como escola de santidade.<\/p>\n<p style=\"text-align: justify;\">A presid\u00eancia da CNBB j\u00e1 ressaltou em diversas ocasi\u00f5es que as diretrizes s\u00e3o o caminho encontrado para responder aos desafios do Brasil, \u201cum pa\u00eds que, na segunda d\u00e9cada deste s\u00e9culo XXI, experimenta grandes transforma\u00e7\u00f5es em todos os sentidos\u201d. Na live, dom Walmor abordar\u00e1 como as diretrizes constituem uma das express\u00f5es mais significativas da colegialidade e da missionariedade da Igreja no Brasil.<\/p>\n<p style=\"text-align: justify;\">O bate-papo poder\u00e1 ser acompanhado nas redes sociais da CNBB (cnbbnacional) e da Edi\u00e7\u00f5es CNBB (cnbbedicoes).<\/p>\n<h3 style=\"text-align: justify;\"><strong>Documento 109<\/strong><\/h3>\n<p style=\"text-align: justify;\">O Documento n\u00ba 109 \u2013 Diretrizes Gerais da A\u00e7\u00e3o Evangelizadora da Igreja no Brasil 2019-2023, de 93 p\u00e1ginas, \u00e9 organizado em quatro cap\u00edtulos. No primeiro, cujo t\u00edtulo \u00e9 o \u201cAn\u00fancio do Evangelho de Jesus Cristo\u201d, o texto aprofunda os desafios do contexto urbano e o papel das comunidades eclesiais mission\u00e1rias neste contexto. O cap\u00edtulo 2, \u00a0fala do \u201cO olhar dos disc\u00edpulos mission\u00e1rios\u201d sobre os desafios presentes na cidade.<\/p>\n<p style=\"text-align: justify;\"><strong><a href=\"https:\/\/www.cnbb.org.br\/wp-content\/uploads\/sites\/32\/2019\/06\/Diretrizes-Gerais-2019-2023-1-1.png\"><img loading=\"lazy\" decoding=\"async\" class=\"wp-image-221370 alignright\" src=\"https:\/\/www.cnbb.org.br\/wp-content\/uploads\/sites\/32\/2019\/06\/Diretrizes-Gerais-2019-2023-1-1.png\" srcset=\"https:\/\/www.cnbb.org.br\/wp-content\/uploads\/sites\/32\/2019\/06\/Diretrizes-Gerais-2019-2023-1-1.png 1200w, https:\/\/www.cnbb.org.br\/wp-content\/uploads\/sites\/32\/2019\/06\/Diretrizes-Gerais-2019-2023-1-1-300x191.png 300w, https:\/\/www.cnbb.org.br\/wp-content\/uploads\/sites\/32\/2019\/06\/Diretrizes-Gerais-2019-2023-1-1-768x488.png 768w, https:\/\/www.cnbb.org.br\/wp-content\/uploads\/sites\/32\/2019\/06\/Diretrizes-Gerais-2019-2023-1-1-1024x650.png 1024w\" alt=\"\" width=\"409\" height=\"260\" \/><\/a><\/strong><\/p>\n<p style=\"text-align: justify;\">O terceiro cap\u00edtulo, \u201cA Igreja nas Casas\u201d, apresenta a ideia de casa, entendida como \u201clar\u201d para os seus habitantes, acentua as perspectivas pessoal, comunit\u00e1ria e social da evangeliza\u00e7\u00e3o, inserindo no esp\u00edrito da Laudato Si\u2019, a perspectiva ambiental. Essa casa \u00e9 a comunidade eclesial mission\u00e1ria que, por sua vez, \u00e9 sustentada por quatro pilares: Palavra, P\u00e3o, Caridade e A\u00e7\u00e3o Mission\u00e1ria.<\/p>\n<p style=\"text-align: justify;\">O quarto cap\u00edtulo, cujo t\u00edtulo \u00e9 \u201cA Igreja em Miss\u00e3o\u201d apresenta encaminhamentos pr\u00e1ticos de a\u00e7\u00e3o para cada um dos pilares.<\/p>\n<p style=\"text-align: justify;\">A publica\u00e7\u00e3o pode ser adquirida no blog da Edi\u00e7\u00f5es CNBB no link:\u00a0<a href=\"https:\/\/www.edicoescnbb.com.br\/diretrizes-gerais\">www.edicoescnbb.com.br<\/a><\/p>\n","protected":false},"excerpt":{"rendered":"<p>A live promovida pela Edi\u00e7\u00f5es CNBB desta segunda-feira, 6 de julho, \u00e0s 15h, ser\u00e1 sobre \u201cAs Diretrizes Gerais da A\u00e7\u00e3o Evangelizadora da Igreja no Brasil\u201d.\u00a0Participar\u00e1 do bate-papo ao vivo pelas redes sociais o arcebispo de Belo Horizonte e presidente da Confer\u00eancia Nacional dos Bispos do Brasil (CNBB), dom Walmor Oliveira de Azevedo. O mediador do [&hellip;]<\/p>\n","protected":false},"author":1,"featured_media":60449,"comment_status":"open","ping_status":"closed","sticky":false,"template":"","format":"standard","meta":{"footnotes":""},"categories":[7,13],"tags":[],"class_list":["post-60448","post","type-post","status-publish","format-standard","has-post-thumbnail","hentry","category-cnbb","category-featured"],"_links":{"self":[{"href":"https:\/\/catolicanet.net\/wp-cnet\/wp-json\/wp\/v2\/posts\/60448","targetHints":{"allow":["GET"]}}],"collection":[{"href":"https:\/\/catolicanet.net\/wp-cnet\/wp-json\/wp\/v2\/posts"}],"about":[{"href":"https:\/\/catolicanet.net\/wp-cnet\/wp-json\/wp\/v2\/types\/post"}],"author":[{"embeddable":true,"href":"https:\/\/catolicanet.net\/wp-cnet\/wp-json\/wp\/v2\/users\/1"}],"replies":[{"embeddable":true,"href":"https:\/\/catolicanet.net\/wp-cnet\/wp-json\/wp\/v2\/comments?post=60448"}],"version-history":[{"count":1,"href":"https:\/\/catolicanet.net\/wp-cnet\/wp-json\/wp\/v2\/posts\/60448\/revisions"}],"predecessor-version":[{"id":60450,"href":"https:\/\/catolicanet.net\/wp-cnet\/wp-json\/wp\/v2\/posts\/60448\/revisions\/60450"}],"wp:featuredmedia":[{"embeddable":true,"href":"https:\/\/catolicanet.net\/wp-cnet\/wp-json\/wp\/v2\/media\/60449"}],"wp:attachment":[{"href":"https:\/\/catolicanet.net\/wp-cnet\/wp-json\/wp\/v2\/media?parent=60448"}],"wp:term":[{"taxonomy":"category","embeddable":true,"href":"https:\/\/catolicanet.net\/wp-cnet\/wp-json\/wp\/v2\/categories?post=60448"},{"taxonomy":"post_tag","embeddable":true,"href":"https:\/\/catolicanet.net\/wp-cnet\/wp-json\/wp\/v2\/tags?post=60448"}],"curies":[{"name":"wp","href":"https:\/\/api.w.org\/{rel}","templated":true}]}}