{"id":60445,"date":"2020-07-06T09:23:51","date_gmt":"2020-07-06T12:23:51","guid":{"rendered":"https:\/\/catolicanet.net\/wp-cnet\/?p=60445"},"modified":"2020-07-06T11:25:23","modified_gmt":"2020-07-06T14:25:23","slug":"togo-recebe-ajudas-do-fundo-covid-19-instituido-pelo-papa-francisco","status":"publish","type":"post","link":"https:\/\/catolicanet.net\/wp-cnet\/togo-recebe-ajudas-do-fundo-covid-19-instituido-pelo-papa-francisco\/","title":{"rendered":"Togo recebe ajudas do Fundo Covid-19 institu\u00eddo pelo Papa Francisco"},"content":{"rendered":"<div class=\"article__subTitle\" style=\"text-align: justify;\">A cria\u00e7\u00e3o do Fundo pelo Papa foi anunciada em 6 de abril, com o objetivo de formar uma rede para ajudar milh\u00f5es de pessoas vulner\u00e1veis. A contribui\u00e7\u00e3o inicial de Francisco foi de 750 mil d\u00f3lares, que pediu ajuda das Igrejas que tem condi\u00e7\u00f5es e de pessoas de boa-vontade. O maior l\u00edder budista de Mianmar fez uma doa\u00e7\u00e3o de 10 mil d\u00f3lares ao Fundo.<\/div>\n<div class=\"title__separator\" style=\"text-align: justify;\"><\/div>\n<div class=\"article__text\">\n<p style=\"text-align: justify;\">O isolamento decretado pelas autoridades do governo para conter a pandemia de Covid-19 tamb\u00e9m teve suas consequ\u00eancias econ\u00f4micas e sociais no Togo. Al\u00e9m do fechamento de locais de culto, escolas, centros de forma\u00e7\u00e3o e encontros, a desacelera\u00e7\u00e3o ou mesmo interrup\u00e7\u00e3o das atividades de produ\u00e7\u00e3o agravou situa\u00e7\u00f5es que j\u00e1 eram fr\u00e1geis ou at\u00e9 mesmo de mis\u00e9ria.<\/p>\n<p style=\"text-align: justify;\">Os escassos recursos econ\u00f4micos de dioceses e par\u00f3quias est\u00e3o esgotados h\u00e1 muito tempo. Por essa raz\u00e3o, o Fundo de Emerg\u00eancia criado pelo Papa Francisco junto \u00e0s Pontif\u00edcias Obras Mission\u00e1rias (POM) para apoiar as Igrejas dos pa\u00edses de miss\u00e3o diante da emerg\u00eancia de Covid-19 d\u00e1 prosseguimento a sua miss\u00e3o, enviando desta vez a ajuda solicitada pela Igreja local, necess\u00e1ria para continuar a assist\u00eancia e a evangeliza\u00e7\u00e3o.<\/p>\n<div style=\"text-align: justify;\">\n<aside class=\"article__readmore\">\n<div class=\"teaser--labelEvidence teaser teaser--type-article\">\n<article>\n<div class=\"teaser__labelWrapper\"><\/div>\n<div class=\"teaser__contentWrapper\">\n<div>Nas sete dioceses do Togo, as ajudas ser\u00e3o usadas para as necessidades mais urgentes. Na Diocese de Aneho, ser\u00e3o destinadas \u200b\u200bpara a compra e distribui\u00e7\u00e3o de kits de alimentos e kits de sa\u00fade para crian\u00e7as carentes, al\u00e9m de garantir apoio \u00e0s crian\u00e7as do catecismo.<\/div>\n<\/div>\n<\/article>\n<\/div>\n<\/aside>\n<\/div>\n<p style=\"text-align: justify;\">A situa\u00e7\u00e3o dos sacerdotes tamb\u00e9m \u00e9 cada vez mais dif\u00edcil devido ao fechamento de igrejas e \u00e0 falta de sustento. Tamb\u00e9m a eles, como aos seminaristas e \u00e0s comunidades religiosas ser\u00e3o entregues kits de alimentos e de sa\u00fade.<\/p>\n<h2 style=\"text-align: justify;\">Diocese de Atakpam\u00e9<\/h2>\n<p style=\"text-align: justify;\">Na Diocese de Atakpam\u00e9, com a maior parte da popula\u00e7\u00e3o rural, o fechamento de escolas e outros centros coloca especialmente as crian\u00e7as em risco. Ap\u00f3s o fechamento dos locais de culto, os sacerdotes, religiosas (os), catequistas e todos os agentes pastorais, muito ativos na evangeliza\u00e7\u00e3o, encontram-se em uma situa\u00e7\u00e3o dram\u00e1tica, assim como os seminaristas, novi\u00e7os e postulantes, que continuaram a seu caminho, apesar de dificuldades financeiras. As ajudas servir\u00e3o para essas necessidades, bem como para fortalecer os meios de comunica\u00e7\u00e3o social, que s\u00e3o muito importantes nessa situa\u00e7\u00e3o.<\/p>\n<div style=\"text-align: justify;\">\n<aside class=\"article__readmore\">\n<div class=\"teaser--labelEvidence teaser teaser--type-foto\">\n<article>\n<div class=\"teaser__labelWrapper\"><\/div>\n<div class=\"teaser__contentWrapper\">\n<div><span style=\"color: #111111; font-family: Roboto, sans-serif; font-size: 27px;\">Diocese de Dapaong\u00a0<\/span><\/div>\n<\/div>\n<\/article>\n<\/div>\n<\/aside>\n<\/div>\n<p style=\"text-align: justify;\">A Diocese de Dapaong inclui a regi\u00e3o mais pobre do Togo: os crist\u00e3os, n\u00e3o obstante os limitados recursos econ\u00f4micos pois s\u00e3o agricultores ou t\u00eam cria\u00e7\u00e3o, sempre foram generosos no apoio econ\u00f4mico \u00e0s par\u00f3quias, mas agora a situa\u00e7\u00e3o se tornou muito dif\u00edcil para todos. \u00c9 necess\u00e1rio ajudar os professores das escolas prim\u00e1rias cat\u00f3licas, cujo sal\u00e1rio geralmente \u00e9 pago pela diocese, al\u00e9m de adquirir material did\u00e1tico para os alunos. Sacerdotes, seminaristas, agentes de pastoral e o Centro de Forma\u00e7\u00e3o de Catequistas tamb\u00e9m necessitam de ajuda.<\/p>\n<h2 style=\"text-align: justify;\">Diocese de Kara<\/h2>\n<p style=\"text-align: justify;\">A Diocese de Kara tem que ajudar sacerdotes, par\u00f3quias, catequistas e o semin\u00e1rio menor, bem como institui\u00e7\u00f5es diocesanas, al\u00e9m de arcar com os custos da transmiss\u00e3o da Missa pela R\u00e1dio Maria e da difus\u00e3o de subs\u00eddios pastorais por meio das v\u00e1rias plataformas da internet, que neste per\u00edodo de isolamento s\u00e3o o \u00fanico contato com a maior parte dos fi\u00e9is.<\/p>\n<h2 style=\"text-align: justify;\">Diocese de Kpalim\u00e9<\/h2>\n<p style=\"text-align: justify;\">Graves problemas tamb\u00e9m s\u00e3o registrados na Diocese de Kpalim\u00e9, onde a Covid-19 desestabilizou o j\u00e1 prec\u00e1rio equil\u00edbrio econ\u00f4mico da popula\u00e7\u00e3o e, consequentemente, da diocese. Os sacerdotes vivem exclusivamente das ofertas dos fi\u00e9is, bem como dos catequistas, durante v\u00e1rios meses por ano, mas o fechamento das igrejas n\u00e3o permite mais as coletas e a diocese j\u00e1 n\u00e3o consegue mais atender \u00e0s necessidades b\u00e1sicas dos agentes pastorais e de suas fam\u00edlias.<\/p>\n<h2 style=\"text-align: justify;\">Arquidiocese de Lom\u00e9<\/h2>\n<p style=\"text-align: justify;\">Devido ao isolamento para conter a pandemia, muitas fam\u00edlias da Arquidiocese de Lom\u00e9, que vivem de pequenos trabalhos informais, encontram-se em uma situa\u00e7\u00e3o de necessidade, de modo que as par\u00f3quias que as par\u00f3quias assumiram um certo n\u00famero de jovens, dando a eles comida, medicamentos, m\u00e1scaras e materiais de sa\u00fade. Muitas par\u00f3quias, especialmente as da zona rural, economicamente mais fracas, t\u00eam necessidade de apoio, bem como os sacerdotes e formadores do semin\u00e1rio, que vivem das ofertas dos fi\u00e9is.<\/p>\n<h2 style=\"text-align: justify;\">Diocese de Sokod\u00e9<\/h2>\n<p style=\"text-align: justify;\">Na Diocese de Sokod\u00e9, entre as necessidades mais urgentes da inf\u00e2ncia est\u00e3o a escassez de alimentos para os orfanatos administrados pela Igreja, o financiamento de programas de r\u00e1dio para compensar o fechamento de escolas e outros centros de encontro e a distribui\u00e7\u00e3o de kits de sa\u00fade. Tamb\u00e9m s\u00e3o necess\u00e1rias ajudas \u00e0s par\u00f3quias para darem continuidade ao trabalho pastoral, para os institutos religiosos que tiveram de encerrar suas atividades, para os semin\u00e1rios e noviciados e para a r\u00e1dio diocesana Sainte Therese, um instrumento indispens\u00e1vel de evangeliza\u00e7\u00e3o e forma\u00e7\u00e3o de catequistas.<\/p>\n<p style=\"text-align: justify;\">Para aqueles que desejam contribuir, os dados banc\u00e1rios s\u00e3o:\u00a0IBAN IT84F0200805075000102456047 (SWIFT UNCRITMMM) para Administra\u00e7\u00e3o Pontif\u00edcias Obras Mission\u00e1rias, indicando: Fundo Coronav\u00edrus.<\/p>\n<p style=\"text-align: justify;\">(SL &#8211; Ag\u00eancia Fides)<\/p>\n<\/div>\n","protected":false},"excerpt":{"rendered":"<p>A cria\u00e7\u00e3o do Fundo pelo Papa foi anunciada em 6 de abril, com o objetivo de formar uma rede para ajudar milh\u00f5es de pessoas vulner\u00e1veis. A contribui\u00e7\u00e3o inicial de Francisco foi de 750 mil d\u00f3lares, que pediu ajuda das Igrejas que tem condi\u00e7\u00f5es e de pessoas de boa-vontade. O maior l\u00edder budista de Mianmar fez [&hellip;]<\/p>\n","protected":false},"author":1,"featured_media":60446,"comment_status":"open","ping_status":"closed","sticky":false,"template":"","format":"standard","meta":{"footnotes":""},"categories":[3],"tags":[],"class_list":["post-60445","post","type-post","status-publish","format-standard","has-post-thumbnail","hentry","category-vaticano"],"_links":{"self":[{"href":"https:\/\/catolicanet.net\/wp-cnet\/wp-json\/wp\/v2\/posts\/60445","targetHints":{"allow":["GET"]}}],"collection":[{"href":"https:\/\/catolicanet.net\/wp-cnet\/wp-json\/wp\/v2\/posts"}],"about":[{"href":"https:\/\/catolicanet.net\/wp-cnet\/wp-json\/wp\/v2\/types\/post"}],"author":[{"embeddable":true,"href":"https:\/\/catolicanet.net\/wp-cnet\/wp-json\/wp\/v2\/users\/1"}],"replies":[{"embeddable":true,"href":"https:\/\/catolicanet.net\/wp-cnet\/wp-json\/wp\/v2\/comments?post=60445"}],"version-history":[{"count":1,"href":"https:\/\/catolicanet.net\/wp-cnet\/wp-json\/wp\/v2\/posts\/60445\/revisions"}],"predecessor-version":[{"id":60447,"href":"https:\/\/catolicanet.net\/wp-cnet\/wp-json\/wp\/v2\/posts\/60445\/revisions\/60447"}],"wp:featuredmedia":[{"embeddable":true,"href":"https:\/\/catolicanet.net\/wp-cnet\/wp-json\/wp\/v2\/media\/60446"}],"wp:attachment":[{"href":"https:\/\/catolicanet.net\/wp-cnet\/wp-json\/wp\/v2\/media?parent=60445"}],"wp:term":[{"taxonomy":"category","embeddable":true,"href":"https:\/\/catolicanet.net\/wp-cnet\/wp-json\/wp\/v2\/categories?post=60445"},{"taxonomy":"post_tag","embeddable":true,"href":"https:\/\/catolicanet.net\/wp-cnet\/wp-json\/wp\/v2\/tags?post=60445"}],"curies":[{"name":"wp","href":"https:\/\/api.w.org\/{rel}","templated":true}]}}