{"id":6038,"date":"2015-07-17T17:13:43","date_gmt":"2015-07-17T20:13:43","guid":{"rendered":"http:\/\/catolicanet.net\/wp-cnet\/como-seria-viver-sem-reclamar-de-tudo\/"},"modified":"2017-04-10T14:25:49","modified_gmt":"2017-04-10T17:25:49","slug":"como-seria-viver-sem-reclamar-de-tudo","status":"publish","type":"post","link":"https:\/\/catolicanet.net\/wp-cnet\/como-seria-viver-sem-reclamar-de-tudo\/","title":{"rendered":"Como seria viver sem reclamar de tudo?"},"content":{"rendered":"<p style=\"text-align: justify;\"><img decoding=\"async\" src=\"http:\/\/catolicanet.com.br\/images\/stories\/geral\/cachorro amor.jpg\" border=\"0\" align=\"left\" \/>Podemos mudar essa nossa atitude negativa, que causa tanto dano a n\u00f3s mesmos e aos que nos cercam<\/p>\n<p>Basta nos observarmos durante um dia comum para perceber que, muitas vezes, reclamamos do calor, do frio, da inseguran\u00e7a, do congestionamento, dos pol\u00edticos, da situa\u00e7\u00e3o econ\u00f4mica, dos problemas de sa\u00fade, do casamento, de quase tudo.<\/p>\n<p>No entanto, as queixas e lamentos n\u00e3o ajudam em nada: ao contr\u00e1rio, podem fazer que nos sintamos piores. Como transformar esta atitude negativa em uma atitude positiva?<\/p>\n<p>Muitas vezes, pensamos e transmitimos incansavelmente os aspectos negativos dos acontecimentos, das pessoas, das circunst\u00e2ncias. Transformamos tudo em trag\u00e9dia. O que desconhecemos \u00e9 que a atitude negativa piora ainda mais o panorama, aumenta os problemas e esconde as solu\u00e7\u00f5es ou os aspectos favor\u00e1veis de cada situa\u00e7\u00e3o.<\/p>\n<p>Al\u00e9m disso, este tipo de atitude leva a um estado mental hostil, que se alimenta cada vez que a pessoa reclama, julga e critica. Isso faz que as pessoas se tornem mais vulner\u00e1veis a doen\u00e7as e conflitos.<\/p>\n<p>Acontece todo o contr\u00e1rio quando h\u00e1 uma atitude positiva, j\u00e1 que esta proporciona fortaleza e transforma as dificuldades em fontes de aprendizagem.<\/p>\n<p>&#8220;Mude a forma de ver as coisas, e as coisas mudar\u00e3o de forma.&#8221;<\/p>\n<p>Optar pelo positivo deve ser uma escolha que marque nosso estilo de vida, ou seja, nosso pensar e nosso agir devem estar buscando sempre o lado positivo das coisas. Ao enfrentar a vida dessa maneira, deixamos de lado as emo\u00e7\u00f5es que intoxicam o corpo e a alma, e tudo se transforma em ensinamento. E isso nos d\u00e1 as bases para ser felizes.<\/p>\n<p>Dec\u00e1logo do esp\u00edrito positivo*<\/p>\n<p>1. O esp\u00edrito positivo \u00e9 uma mistura de serenidade interior, otimismo, rostos am\u00e1veis e bom humor. Cultive estas quatro plantas.<\/p>\n<p>2. Tenha olhos para o positivo, n\u00e3o se detenha unicamente no negativo. Elimine o pessimismo e o derrotismo, considerando os aspectos positivos da realidade.<\/p>\n<p>3. N\u00e3o permita que a conduta seja resultado do seu estado emocional: quando n\u00e3o se sentir bem, sorria; quando as coisas n\u00e3o derem certo, ria.<\/p>\n<p>4. Estar sempre alegre \u00e9 o melhor presente que pode ser dado aos demais: sorria e olhe com carinho.<\/p>\n<p>5. A linguagem anima ou desanima. Por isso, n\u00e3o fale de coisas negativas (cr\u00edticas, reclama\u00e7\u00f5es, lamentos), nem sequer com o objetivo de motivar os outros.<\/p>\n<p>6. Fa\u00e7a da confian\u00e7a um eixo da sua vida. O esp\u00edrito positivo \u00e9 o resultado de confiar em si mesmo, nos outros e em Deus.<\/p>\n<p>7. Veja a realidade presente com &#8220;olhos de futuro&#8221;; assim, ter\u00e1 serenidade.<\/p>\n<p>8. N\u00e3o se leve muito a s\u00e9rio. N\u00e3o considere os defeitos dos outros como ofensas pessoais. N\u00e3o transforme detalhes em trag\u00e9dias. Assim, voc\u00ea viver\u00e1 alegre.<\/p>\n<p>9. Prefira conviver com pessoas alegres e serenas.<\/p>\n<p>10. Tenha os p\u00e9s na terra e o cora\u00e7\u00e3o em um sonho. O entusiasmo \u00e9 o estado emocional resultante dessa vis\u00e3o de esperan\u00e7a na vida. Por isso, busque desafios.<\/p>\n<p style=\"text-align: justify;\">Fonte: Aleteia<\/p>\n","protected":false},"excerpt":{"rendered":"<p>Podemos mudar essa nossa atitude negativa, que causa tanto dano a n\u00f3s mesmos e aos que nos cercam Basta nos observarmos durante um dia comum para perceber que, muitas vezes, reclamamos do calor, do frio, da inseguran\u00e7a, do congestionamento, dos pol\u00edticos, da situa\u00e7\u00e3o econ\u00f4mica, dos problemas de sa\u00fade, do casamento, de quase tudo. No entanto, [&hellip;]<\/p>\n","protected":false},"author":1,"featured_media":0,"comment_status":"closed","ping_status":"closed","sticky":false,"template":"","format":"standard","meta":{"footnotes":""},"categories":[4],"tags":[],"class_list":["post-6038","post","type-post","status-publish","format-standard","hentry","category-cotidiano"],"_links":{"self":[{"href":"https:\/\/catolicanet.net\/wp-cnet\/wp-json\/wp\/v2\/posts\/6038","targetHints":{"allow":["GET"]}}],"collection":[{"href":"https:\/\/catolicanet.net\/wp-cnet\/wp-json\/wp\/v2\/posts"}],"about":[{"href":"https:\/\/catolicanet.net\/wp-cnet\/wp-json\/wp\/v2\/types\/post"}],"author":[{"embeddable":true,"href":"https:\/\/catolicanet.net\/wp-cnet\/wp-json\/wp\/v2\/users\/1"}],"replies":[{"embeddable":true,"href":"https:\/\/catolicanet.net\/wp-cnet\/wp-json\/wp\/v2\/comments?post=6038"}],"version-history":[{"count":1,"href":"https:\/\/catolicanet.net\/wp-cnet\/wp-json\/wp\/v2\/posts\/6038\/revisions"}],"predecessor-version":[{"id":10902,"href":"https:\/\/catolicanet.net\/wp-cnet\/wp-json\/wp\/v2\/posts\/6038\/revisions\/10902"}],"wp:attachment":[{"href":"https:\/\/catolicanet.net\/wp-cnet\/wp-json\/wp\/v2\/media?parent=6038"}],"wp:term":[{"taxonomy":"category","embeddable":true,"href":"https:\/\/catolicanet.net\/wp-cnet\/wp-json\/wp\/v2\/categories?post=6038"},{"taxonomy":"post_tag","embeddable":true,"href":"https:\/\/catolicanet.net\/wp-cnet\/wp-json\/wp\/v2\/tags?post=6038"}],"curies":[{"name":"wp","href":"https:\/\/api.w.org\/{rel}","templated":true}]}}